{"id":80834,"date":"2025-04-02T13:48:03","date_gmt":"2025-04-02T16:48:03","guid":{"rendered":"https:\/\/noticiasbahia360.com.br\/?p=80834"},"modified":"2025-04-02T13:48:03","modified_gmt":"2025-04-02T16:48:03","slug":"nenem-do-acordeon-lanca-novo-single-em-show-com-os-bambas-do-nordeste-gabriela-moraes-e-pepita-do-acordeon","status":"publish","type":"post","link":"https:\/\/noticiasbahia360.com.br\/?p=80834","title":{"rendered":"Nen\u00e9m do Acordeon lan\u00e7a novo single em show com Os Bambas do Nordeste, Gabriela Moraes e Pepita do Acordeon"},"content":{"rendered":"<div>\n<div>\n<figure><img decoding=\"async\" src=\"http:\/\/noticiasbahia360.com.br\/wp-content\/uploads\/2025\/04\/nenem-do-acordeon-.jpg\" alt=\"Nen\u00e9m do Acordeon lan\u00e7a novo single em show com Os Bambas do Nordeste, Gabriela Moraes e Pepita do Acordeon\"><figcaption>Foto: Divulga\u00e7\u00e3o <\/figcaption><\/figure>\n<\/div>\n<p>O cantor, compositor e multi-instrumentista Nen\u00e9m do Acordeon faz show de lan\u00e7amento do seu novo single \u201cSou seu Nen\u00e9m\u201d, reunindo: Os Bambas do Nordeste, Gabriela Moraes e Pepita do Acordeon.<\/p>\n<p>A festa vai acontecer no s\u00e1bado, dia 12 de abril, \u00e0s 21h, na Cidade da Cultura em Feira de Santana.<\/p>\n<p>A m\u00fasica \u201cSou seu Nen\u00e9m\u201d, composta por Nen\u00e9m do Acordeon e Gabriela Moraes, estar\u00e1 dispon\u00edvel no dia 11 de abril em todas as plataformas digitais e representa um marco na trajet\u00f3ria do artista por simbolizar o retorno de Nen\u00e9m \u00e0 composi\u00e7\u00e3o, al\u00e9m de apresentar uma nova fase de sua carreira, que mescla a tradi\u00e7\u00e3o do Forr\u00f3 e o romantismo.<\/p>\n<p>O show de lan\u00e7amento abre tamb\u00e9m a temporada de festas que antecedem o per\u00edodo junino. O evento contar\u00e1 com a ess\u00eancia do Forr\u00f3, com Os Bambas do Nordeste, o talento ecl\u00e9tico de Gabriela Moraes e a sanfona de Pepita do Acordeon que traz uma vis\u00e3o moderna desse g\u00eanero.<\/p>\n<p>O show convida a todos a embarcar nessa nova etapa da carreira de Nen\u00e9m do Acordeon, de valoriza\u00e7\u00e3o da cultura nordestina com frescor e autenticidade.<\/p>\n<p><strong>Servi\u00e7o:<\/strong><\/p>\n<p><strong>Evento: <\/strong>Show de lan\u00e7amento de \u201cSou seu Nen\u00e9m\u201d;<\/p>\n<p><strong>Local: <\/strong>Cidade da Cultura, Rua H, n\u00ba 170, Conjunto \u2013 Mangabeira, Conjunto Jo\u00e3o Paulo II, bairro Mangabeira, em Feira de Santana;<\/p>\n<p><strong>Data e hor\u00e1rio:<\/strong> 12 de abril, \u00e0s 21h.<\/p>\n<figure class=\"wp-block-image size-large\"><img fetchpriority=\"high\" fetchpriority=\"high\" decoding=\"async\" width=\"722\" height=\"1024\" src=\"http:\/\/noticiasbahia360.com.br\/wp-content\/uploads\/2025\/04\/PGXiWQgU-show-nenem-722x1024-1.webp\" alt=\"Nen\u00e9m do Acordeon lan\u00e7a novo single em show com Os Bambas do Nordeste, Gabriela Moraes e Pepita do Acordeon\" class=\"wp-image-518033\" srcset=\"https:\/\/uploads.acordacidade.com.br\/2025\/04\/PGXiWQgU-show-nenem-212x300.webp 212w, http:\/\/noticiasbahia360.com.br\/wp-content\/uploads\/2025\/04\/PGXiWQgU-show-nenem-722x1024-1.webp 722w, https:\/\/uploads.acordacidade.com.br\/2025\/04\/PGXiWQgU-show-nenem-768x1089.webp 768w, https:\/\/uploads.acordacidade.com.br\/2025\/04\/PGXiWQgU-show-nenem-1083x1536.webp 1083w, https:\/\/uploads.acordacidade.com.br\/2025\/04\/PGXiWQgU-show-nenem-150x213.webp 150w, https:\/\/uploads.acordacidade.com.br\/2025\/04\/PGXiWQgU-show-nenem.webp 1170w\" sizes=\"(max-width: 722px) 100vw, 722px\"><figcaption class=\"wp-element-caption\">Foto: Divulga\u00e7\u00e3o <\/figcaption><\/figure>\n<p><em>Siga o Acorda Cidade no<a href=\"https:\/\/news.google.com\/search?q=acorda%20cidade&amp;hl=pt-BR&amp;gl=BR&amp;ceid=BR%3Apt-419\" target=\"_blank\" rel=\"noreferrer noopener\">\u00a0Google Not\u00edcias<\/a>\u00a0e receba os principais destaques do dia.\u00a0Participe tamb\u00e9m dos nossos grupos no\u00a0<a href=\"https:\/\/chat.whatsapp.com\/Fj2agnR6CdwLEb9Uqew8QI\" target=\"_blank\" rel=\"noreferrer noopener\">WhatsApp<\/a>\u00a0e\u00a0<a href=\"https:\/\/t.me\/+sSz0khrgARA0ZmRh\" target=\"_blank\" rel=\"noreferrer noopener\">Telegram<\/a><\/em><\/p>\n<\/div>\n","protected":false},"excerpt":{"rendered":"<div>\n<div>\n<figure><img decoding=\"async\" src=\"https:\/\/uploads.acordacidade.com.br\/2025\/04\/nenem-do-acordeon-.jpg\" alt=\"Nen\u00e9m do Acordeon lan\u00e7a novo single em show com Os Bambas do Nordeste, Gabriela Moraes e Pepita do Acordeon\"><figcaption>Foto: Divulga\u00e7\u00e3o <\/figcaption><\/figure>\n<\/div>\n<p>A m\u00fasica \u201cSou seu Nen\u00e9m\u201d, composta por Nen\u00e9m do Acordeon e Gabriela Moraes, estar\u00e1 dispon\u00edvel no dia 11 de abril em todas as plataformas digitais<\/p><\/div>\n","protected":false},"author":1,"featured_media":80835,"comment_status":"closed","ping_status":"closed","sticky":false,"template":"","format":"gallery","meta":{"footnotes":""},"categories":[8,9,6,57,56,10],"tags":[],"class_list":["post-80834","post","type-post","status-publish","format-gallery","has-post-thumbnail","hentry","category-bahia","category-brasil","category-feira-de-santana","category-mundo","category-policia","category-politica","post_format-post-format-gallery"],"featured_image_urls":{"full":["https:\/\/noticiasbahia360.com.br\/wp-content\/uploads\/2025\/04\/nenem-do-acordeon-.jpg",1170,880,false],"thumbnail":["https:\/\/noticiasbahia360.com.br\/wp-content\/uploads\/2025\/04\/nenem-do-acordeon--150x150.jpg",150,150,true],"medium":["https:\/\/noticiasbahia360.com.br\/wp-content\/uploads\/2025\/04\/nenem-do-acordeon--300x226.jpg",300,226,true],"medium_large":["https:\/\/noticiasbahia360.com.br\/wp-content\/uploads\/2025\/04\/nenem-do-acordeon--768x578.jpg",640,482,true],"large":["https:\/\/noticiasbahia360.com.br\/wp-content\/uploads\/2025\/04\/nenem-do-acordeon--1024x770.jpg",640,481,true],"1536x1536":["https:\/\/noticiasbahia360.com.br\/wp-content\/uploads\/2025\/04\/nenem-do-acordeon-.jpg",1170,880,false],"2048x2048":["https:\/\/noticiasbahia360.com.br\/wp-content\/uploads\/2025\/04\/nenem-do-acordeon-.jpg",1170,880,false],"chromenews-featured":["https:\/\/noticiasbahia360.com.br\/wp-content\/uploads\/2025\/04\/nenem-do-acordeon--1024x770.jpg",1024,770,true],"chromenews-large":["https:\/\/noticiasbahia360.com.br\/wp-content\/uploads\/2025\/04\/nenem-do-acordeon--825x575.jpg",825,575,true],"chromenews-medium":["https:\/\/noticiasbahia360.com.br\/wp-content\/uploads\/2025\/04\/nenem-do-acordeon--590x410.jpg",590,410,true]},"author_info":{"display_name":"noticiasbahia360.com.br","author_link":"https:\/\/noticiasbahia360.com.br\/?author=1"},"category_info":"<a href=\"https:\/\/noticiasbahia360.com.br\/?cat=8\" rel=\"category\">Bahia<\/a> <a href=\"https:\/\/noticiasbahia360.com.br\/?cat=9\" rel=\"category\">Brasil<\/a> <a href=\"https:\/\/noticiasbahia360.com.br\/?cat=6\" rel=\"category\">Feira de Santana<\/a> <a href=\"https:\/\/noticiasbahia360.com.br\/?cat=57\" rel=\"category\">Mundo<\/a> <a href=\"https:\/\/noticiasbahia360.com.br\/?cat=56\" rel=\"category\">Pol\u00edcia<\/a> <a href=\"https:\/\/noticiasbahia360.com.br\/?cat=10\" rel=\"category\">Pol\u00edtica<\/a>","tag_info":"Pol\u00edtica","comment_count":"0","_links":{"self":[{"href":"https:\/\/noticiasbahia360.com.br\/index.php?rest_route=\/wp\/v2\/posts\/80834","targetHints":{"allow":["GET"]}}],"collection":[{"href":"https:\/\/noticiasbahia360.com.br\/index.php?rest_route=\/wp\/v2\/posts"}],"about":[{"href":"https:\/\/noticiasbahia360.com.br\/index.php?rest_route=\/wp\/v2\/types\/post"}],"author":[{"embeddable":true,"href":"https:\/\/noticiasbahia360.com.br\/index.php?rest_route=\/wp\/v2\/users\/1"}],"replies":[{"embeddable":true,"href":"https:\/\/noticiasbahia360.com.br\/index.php?rest_route=%2Fwp%2Fv2%2Fcomments&post=80834"}],"version-history":[{"count":0,"href":"https:\/\/noticiasbahia360.com.br\/index.php?rest_route=\/wp\/v2\/posts\/80834\/revisions"}],"wp:featuredmedia":[{"embeddable":true,"href":"https:\/\/noticiasbahia360.com.br\/index.php?rest_route=\/wp\/v2\/media\/80835"}],"wp:attachment":[{"href":"https:\/\/noticiasbahia360.com.br\/index.php?rest_route=%2Fwp%2Fv2%2Fmedia&parent=80834"}],"wp:term":[{"taxonomy":"category","embeddable":true,"href":"https:\/\/noticiasbahia360.com.br\/index.php?rest_route=%2Fwp%2Fv2%2Fcategories&post=80834"},{"taxonomy":"post_tag","embeddable":true,"href":"https:\/\/noticiasbahia360.com.br\/index.php?rest_route=%2Fwp%2Fv2%2Ftags&post=80834"}],"curies":[{"name":"wp","href":"https:\/\/api.w.org\/{rel}","templated":true}]}}