{"id":80837,"date":"2025-04-02T14:50:29","date_gmt":"2025-04-02T17:50:29","guid":{"rendered":"https:\/\/noticiasbahia360.com.br\/?p=80837"},"modified":"2025-04-02T14:50:29","modified_gmt":"2025-04-02T17:50:29","slug":"alto-numero-de-acessos-causa-instabilidade-no-sistema-secretario-da-dicas-para-concluir-inscricao-do-minha-casa-minha-vida","status":"publish","type":"post","link":"https:\/\/noticiasbahia360.com.br\/?p=80837","title":{"rendered":"Alto n\u00famero de acessos causa instabilidade no sistema; secret\u00e1rio d\u00e1 dicas para concluir inscri\u00e7\u00e3o do Minha Casa, Minha Vida"},"content":{"rendered":"<div>\n<div>\n<figure><img decoding=\"async\" src=\"http:\/\/noticiasbahia360.com.br\/wp-content\/uploads\/2025\/04\/secretario-municipal-de-Habitacao-Valdivan-Nascimento.jpg\" alt=\"secret\u00e1rio municipal de Habita\u00e7\u00e3o Valdivan Nascimento\"><figcaption>Secret\u00e1rio Municipal de Habita\u00e7\u00e3o Valdivan Nascimento | Foto: Ed Santos\/Acorda Cidade<\/figcaption><\/figure>\n<\/div>\n<p>A Prefeitura de Feira de Santana deu in\u00edcio, nesta quarta-feira (2), ao per\u00edodo de inscri\u00e7\u00e3o para o programa habitacional Minha Casa Minha Vida. Neste primeiro dia, um grande volume de acessos gerou instabilidade no sistema, dificultando a inscri\u00e7\u00e3o de algumas pessoas, conforme explicou o secret\u00e1rio de Habita\u00e7\u00e3o, Valdivan Nascimento.<\/p>\n<p><strong>As inscri\u00e7\u00f5es est\u00e3o sendo realizadas por meio do<a href=\"https:\/\/www.feiradesantana.ba.gov.br\/\" target=\"_blank\" rel=\"noreferrer noopener\">\u00a0site da prefeitura<\/a>, do aplicativo\u00a0<a href=\"https:\/\/www.seadmdmi.feiradesantana.ba.gov.br\/falafeiraweb\/\" target=\"_blank\" rel=\"noreferrer noopener\">Fala Feira 156<\/a>\u00a0e do aplicativo\u00a0<a href=\"https:\/\/feiraconectada.ba.gov.br\/portal\" target=\"_blank\" rel=\"noreferrer noopener\">Feira Conectado<\/a>.<\/strong><\/p>\n<p>De acordo com o secret\u00e1rio, o congestionamento no sistema ocorreu devido ao alto n\u00famero de pessoas tentando acessar simultaneamente. <\/p>\n<p>\u201cRealmente tivemos uma instabilidade no sistema e algumas pessoas n\u00e3o est\u00e3o conseguindo acessar t\u00e3o rapidamente. Est\u00e1 demorando para carregar ou est\u00e1 dando mensagem de erro no servidor. J\u00e1 reportamos o problema para a empresa respons\u00e1vel pelo suporte e, com o passar do tempo, a situa\u00e7\u00e3o deve se normalizar\u201d, afirmou. Ele refor\u00e7ou ainda que as inscri\u00e7\u00f5es ficar\u00e3o abertas por 45 dias, at\u00e9 16 de maio, e que n\u00e3o h\u00e1 necessidade de pressa para realiza-las.<\/p>\n<h2 class=\"wp-block-heading\" id=\"h-o-que-fazer-em-caso-de-erro-no-cep\">O Que fazer em caso de erro no CEP?<\/h2>\n<p><strong>Durante a inscri\u00e7\u00e3o, os candidatos precisam fornecer o CPF e algumas informa\u00e7\u00f5es pessoais, incluindo o CEP da resid\u00eancia. No entanto, caso haja dificuldades para inserir o CEP correto da rua, a orienta\u00e7\u00e3o \u00e9 utilizar o CEP geral da cidade, 44100-000, para concluir o processo sem problemas.<\/strong><\/p>\n<h2 class=\"wp-block-heading\" id=\"h-guarde-seu-numero-de-inscricao-no-programa\">Guarde seu n\u00famero de inscri\u00e7\u00e3o no programa<\/h2>\n<p>Outro ponto fundamental destacado pelo secret\u00e1rio \u00e9 a necessidade de guardar o n\u00famero de inscri\u00e7\u00e3o. \u201cUma vez que a pessoa se inscreveu pelo site ou pelos aplicativos Feira Conectada ou Fala Feira, ela receber\u00e1 um n\u00famero de inscri\u00e7\u00e3o. \u00c9 importante salvar esse n\u00famero, quem puder, fa\u00e7a um print\u201d, orientou.<\/p>\n<p><strong>Esse n\u00famero ser\u00e1 essencial para acompanhar o andamento do processo. Ap\u00f3s o per\u00edodo de inscri\u00e7\u00e3o, a lista de inscritos ser\u00e1 divulgada no site da Prefeitura e, possivelmente, no Di\u00e1rio Oficial do Munic\u00edpio.<\/strong><\/p>\n<p>Com essas informa\u00e7\u00f5es, os candidatos podem se organizar melhor para garantir sua <a href=\"https:\/\/www.acordacidade.com.br\/feira-de-santana\/confira-os-bairros-onde-unidades-do-minha-casa-minha-vida-estarao-disponiveis-inscricoes-estao-abertas\/\">participa\u00e7\u00e3o no programa <\/a>e evitar contratempos no processo de sele\u00e7\u00e3o.<\/p>\n<p><em>Siga o Acorda Cidade no<\/em><a href=\"https:\/\/news.google.com\/search?q=acorda%20cidade&amp;hl=pt-BR&amp;gl=BR&amp;ceid=BR%3Apt-419\"><strong><em>\u00a0Google Not\u00edcias<\/em><\/strong><\/a><em>\u00a0e receba os principais destaques do dia. Participe tamb\u00e9m dos nossos canais no\u00a0<\/em><a href=\"https:\/\/whatsapp.com\/channel\/0029Va6Rb4v3WHTNnsh8WI3N\"><strong><em>WhatsApp<\/em><\/strong><\/a><em>\u00a0e\u00a0<\/em><a href=\"https:\/\/www.youtube.com\/@acordacidadenoticias\/videos\"><strong>Youtube<\/strong><\/a><em>\u00a0e grupo de\u00a0<\/em><a href=\"https:\/\/t.me\/+sSz0khrgARA0ZmRh\"><strong><em>Telegram<\/em><\/strong><\/a><em>.<\/em><\/p>\n<\/p>\n<\/div>\n","protected":false},"excerpt":{"rendered":"<div>\n<div>\n<figure><img decoding=\"async\" src=\"https:\/\/uploads.acordacidade.com.br\/2025\/04\/secretario-municipal-de-Habitacao-Valdivan-Nascimento.jpg\" alt=\"secret\u00e1rio municipal de Habita\u00e7\u00e3o Valdivan Nascimento\"><figcaption>Secret\u00e1rio Municipal de Habita\u00e7\u00e3o Valdivan Nascimento | Foto: Ed Santos\/Acorda Cidade<\/figcaption><\/figure>\n<\/div>\n<p>As incri\u00e7\u00f5es ficar\u00e3o abertas por 45 dias, at\u00e9 16 de maio.<\/p><\/div>\n","protected":false},"author":1,"featured_media":80838,"comment_status":"closed","ping_status":"closed","sticky":false,"template":"","format":"gallery","meta":{"footnotes":""},"categories":[8,9,6,57,56,10],"tags":[],"class_list":["post-80837","post","type-post","status-publish","format-gallery","has-post-thumbnail","hentry","category-bahia","category-brasil","category-feira-de-santana","category-mundo","category-policia","category-politica","post_format-post-format-gallery"],"featured_image_urls":{"full":["https:\/\/noticiasbahia360.com.br\/wp-content\/uploads\/2025\/04\/secretario-municipal-de-Habitacao-Valdivan-Nascimento.jpg",1200,900,false],"thumbnail":["https:\/\/noticiasbahia360.com.br\/wp-content\/uploads\/2025\/04\/secretario-municipal-de-Habitacao-Valdivan-Nascimento-150x150.jpg",150,150,true],"medium":["https:\/\/noticiasbahia360.com.br\/wp-content\/uploads\/2025\/04\/secretario-municipal-de-Habitacao-Valdivan-Nascimento-300x225.jpg",300,225,true],"medium_large":["https:\/\/noticiasbahia360.com.br\/wp-content\/uploads\/2025\/04\/secretario-municipal-de-Habitacao-Valdivan-Nascimento-768x576.jpg",640,480,true],"large":["https:\/\/noticiasbahia360.com.br\/wp-content\/uploads\/2025\/04\/secretario-municipal-de-Habitacao-Valdivan-Nascimento-1024x768.jpg",640,480,true],"1536x1536":["https:\/\/noticiasbahia360.com.br\/wp-content\/uploads\/2025\/04\/secretario-municipal-de-Habitacao-Valdivan-Nascimento.jpg",1200,900,false],"2048x2048":["https:\/\/noticiasbahia360.com.br\/wp-content\/uploads\/2025\/04\/secretario-municipal-de-Habitacao-Valdivan-Nascimento.jpg",1200,900,false],"chromenews-featured":["https:\/\/noticiasbahia360.com.br\/wp-content\/uploads\/2025\/04\/secretario-municipal-de-Habitacao-Valdivan-Nascimento-1024x768.jpg",1024,768,true],"chromenews-large":["https:\/\/noticiasbahia360.com.br\/wp-content\/uploads\/2025\/04\/secretario-municipal-de-Habitacao-Valdivan-Nascimento-825x575.jpg",825,575,true],"chromenews-medium":["https:\/\/noticiasbahia360.com.br\/wp-content\/uploads\/2025\/04\/secretario-municipal-de-Habitacao-Valdivan-Nascimento-590x410.jpg",590,410,true]},"author_info":{"display_name":"noticiasbahia360.com.br","author_link":"https:\/\/noticiasbahia360.com.br\/?author=1"},"category_info":"<a href=\"https:\/\/noticiasbahia360.com.br\/?cat=8\" rel=\"category\">Bahia<\/a> <a href=\"https:\/\/noticiasbahia360.com.br\/?cat=9\" rel=\"category\">Brasil<\/a> <a href=\"https:\/\/noticiasbahia360.com.br\/?cat=6\" rel=\"category\">Feira de Santana<\/a> <a href=\"https:\/\/noticiasbahia360.com.br\/?cat=57\" rel=\"category\">Mundo<\/a> <a href=\"https:\/\/noticiasbahia360.com.br\/?cat=56\" rel=\"category\">Pol\u00edcia<\/a> <a href=\"https:\/\/noticiasbahia360.com.br\/?cat=10\" rel=\"category\">Pol\u00edtica<\/a>","tag_info":"Pol\u00edtica","comment_count":"0","_links":{"self":[{"href":"https:\/\/noticiasbahia360.com.br\/index.php?rest_route=\/wp\/v2\/posts\/80837","targetHints":{"allow":["GET"]}}],"collection":[{"href":"https:\/\/noticiasbahia360.com.br\/index.php?rest_route=\/wp\/v2\/posts"}],"about":[{"href":"https:\/\/noticiasbahia360.com.br\/index.php?rest_route=\/wp\/v2\/types\/post"}],"author":[{"embeddable":true,"href":"https:\/\/noticiasbahia360.com.br\/index.php?rest_route=\/wp\/v2\/users\/1"}],"replies":[{"embeddable":true,"href":"https:\/\/noticiasbahia360.com.br\/index.php?rest_route=%2Fwp%2Fv2%2Fcomments&post=80837"}],"version-history":[{"count":0,"href":"https:\/\/noticiasbahia360.com.br\/index.php?rest_route=\/wp\/v2\/posts\/80837\/revisions"}],"wp:featuredmedia":[{"embeddable":true,"href":"https:\/\/noticiasbahia360.com.br\/index.php?rest_route=\/wp\/v2\/media\/80838"}],"wp:attachment":[{"href":"https:\/\/noticiasbahia360.com.br\/index.php?rest_route=%2Fwp%2Fv2%2Fmedia&parent=80837"}],"wp:term":[{"taxonomy":"category","embeddable":true,"href":"https:\/\/noticiasbahia360.com.br\/index.php?rest_route=%2Fwp%2Fv2%2Fcategories&post=80837"},{"taxonomy":"post_tag","embeddable":true,"href":"https:\/\/noticiasbahia360.com.br\/index.php?rest_route=%2Fwp%2Fv2%2Ftags&post=80837"}],"curies":[{"name":"wp","href":"https:\/\/api.w.org\/{rel}","templated":true}]}}