{"id":80839,"date":"2025-04-02T15:21:40","date_gmt":"2025-04-02T18:21:40","guid":{"rendered":"https:\/\/noticiasbahia360.com.br\/?p=80839"},"modified":"2025-04-02T15:21:40","modified_gmt":"2025-04-02T18:21:40","slug":"abril-marrom-8-sinais-de-alerta-para-cegueira","status":"publish","type":"post","link":"https:\/\/noticiasbahia360.com.br\/?p=80839","title":{"rendered":"Abril Marrom: 8 sinais de alerta para cegueira"},"content":{"rendered":"<div>\n<div>\n<figure><img decoding=\"async\" src=\"http:\/\/noticiasbahia360.com.br\/wp-content\/uploads\/2025\/04\/VjgOkK0x-cao-guia-ajudando-cegos-na-cidade-bonitao-cego-descanse-com-o-golden-retriever-na-cidade_cego.webp\" alt=\"cego - vis\u00e3o - cegueira\"><figcaption>Foto: Prostooleh\/Freepik<\/figcaption><\/figure>\n<\/div>\n<p>A cegueira pode surgir de forma silenciosa, sem sintomas evidentes, e comprometer a vis\u00e3o de forma irrevers\u00edvel. Doen\u00e7as como glaucoma, catarata e retinopatia diab\u00e9tica est\u00e3o entre as principais causas, afetando pessoas de todas as idades.<\/p>\n<p>Segundo a Organiza\u00e7\u00e3o Mundial da Sa\u00fade (<a href=\"https:\/\/www.acordacidade.com.br\/tag\/oms\/\">OMS<\/a>), 80% dos casos de defici\u00eancia visual poderiam ser evitados ou tratados. No Brasil, dados do IBGE indicam que cerca de 6,5 milh\u00f5es de brasileiros t\u00eam algum tipo de defici\u00eancia ocular.<\/p>\n<p>O alerta acontece em meio \u00e0 campanha Abril Marrom, que refor\u00e7a a import\u00e2ncia do diagn\u00f3stico precoce e da preven\u00e7\u00e3o. A cor foi escolhida por ser a mais comum na \u00edris humana.<\/p>\n<p>\u201cA principal dificuldade \u00e9 que algumas doen\u00e7as oculares n\u00e3o apresentam sintomas no in\u00edcio. O glaucoma, por exemplo, evolui de forma lenta e, quando identificado, pode j\u00e1 ter causado danos irrevers\u00edveis ao nervo \u00f3ptico. A retinopatia diab\u00e9tica tamb\u00e9m \u00e9 silenciosa. Por isso, exames oftalmol\u00f3gicos regulares s\u00e3o fundamentais\u201d, alerta Alfonso Nomura, oftalmologista do Hospital e Maternidade S\u00e3o Luiz S\u00e3o Caetano do Sul, da Rede D\u2019Or.<\/p>\n<p>A preven\u00e7\u00e3o come\u00e7a cedo, com o teste do olhinho ainda na maternidade. Avalia\u00e7\u00f5es peri\u00f3dicas devem continuar na inf\u00e2ncia e ao longo da vida adulta, com refor\u00e7o a partir dos 40 anos, especialmente para quem tem hist\u00f3rico familiar de doen\u00e7as oculares.<\/p>\n<p>O especialista destaca alguns sinais de alerta para buscar avalia\u00e7\u00e3o m\u00e9dica:<\/p>\n<ol class=\"wp-block-list\">\n<li>Vis\u00e3o turva<\/li>\n<li>Dor e press\u00e3o nos olhos<\/li>\n<li>Flashes de luz<\/li>\n<li>Sombras<\/li>\n<li>Manchas escuras<\/li>\n<li>Dificuldade para enxergar no escuro<\/li>\n<li>Fotofobia (sensibilidade \u00e0 luz)<\/li>\n<li>Dores de cabe\u00e7a<\/li>\n<\/ol>\n<p>\u201cSe qualquer inc\u00f4modo persistir por mais de tr\u00eas dias, \u00e9 essencial procurar um oftalmologista\u201d, refor\u00e7a Nomura.<\/p>\n<p>O m\u00e9dico ressalta ainda que pessoas com comorbidades devem redobrar a aten\u00e7\u00e3o com a sa\u00fade ocular. \u201cO diabetes, por exemplo, pode levar \u00e0 retinopatia diab\u00e9tica. J\u00e1 os hipertensos t\u00eam maior risco de desenvolver retinopatia hipertensiva, que tamb\u00e9m compromete a vis\u00e3o. Problemas na tireoide podem causar olhos secos, irritados e emba\u00e7ados, enquanto a artrite reumatoide, uma doen\u00e7a autoimune, est\u00e1 associada \u00e0 uve\u00edte, uma inflama\u00e7\u00e3o s\u00e9ria\u201d, alerta o especialista do S\u00e3o Luiz S\u00e3o Caetano.<\/p>\n<p>O hospital, refer\u00eancia em alta complexidade para a regi\u00e3o do ABC, conta com um Ambulat\u00f3rio Oftalmol\u00f3gico para realiza\u00e7\u00e3o de consultas e exames. Com equipe especializada e equipamentos de ponta, o servi\u00e7o possui uma linha de cuidado completa para sa\u00fade ocular.<\/p>\n<p>Entre as principais causas de cegueira est\u00e3o a catarata e o glaucoma. A catarata, respons\u00e1vel por 47% dos casos de cegueira revers\u00edvel no mundo, \u00e9 caracterizada pela perda de transpar\u00eancia do cristalino e pode ser tratada cirurgicamente. J\u00e1 o glaucoma, que afeta cerca de 80 milh\u00f5es de pessoas, \u00e9 uma doen\u00e7a silenciosa que aumenta a press\u00e3o intraocular e pode levar \u00e0 perda definitiva da vis\u00e3o se n\u00e3o for tratado.<\/p>\n<p>\u201cO cuidado com a vis\u00e3o vai al\u00e9m de enxergar bem: \u00e9 sobre qualidade de vida. A preven\u00e7\u00e3o \u00e9 o melhor caminho para evitar a cegueira\u201d, finaliza Nomura.<\/p>\n<p><strong>Sobre a Rede D\u2019Or<\/strong><\/p>\n<p>Maior rede integrada de cuidados em sa\u00fade no Brasil, com presen\u00e7a em 13 estados brasileiros e no Distrito Federal, a Rede D\u2019Or tem foco em atendimento humanizado, qualifica\u00e7\u00e3o da equipe, ado\u00e7\u00e3o de novas tecnologias, sendo refer\u00eancia em gest\u00e3o hospitalar e na presta\u00e7\u00e3o de servi\u00e7os m\u00e9dicos.<\/p>\n<p>Fundada em 1977, no Rio de Janeiro, a Rede D\u2019Or conta com 79 hospitais, 55 cl\u00ednicas oncol\u00f3gicas, servi\u00e7os complementares, e investe em inova\u00e7\u00e3o e pesquisa cl\u00ednica, por meio do IDOR \u2013 Instituto D\u2019Or de Pesquisa e Ensino.<\/p>\n<p><em>Siga o Acorda Cidade no<\/em><a href=\"https:\/\/news.google.com\/search?q=acorda%20cidade&amp;hl=pt-BR&amp;gl=BR&amp;ceid=BR%3Apt-419\"><strong><em>\u00a0Google Not\u00edcias<\/em><\/strong><\/a><em>\u00a0e receba os principais destaques do dia. Participe tamb\u00e9m dos nossos canais no\u00a0<\/em><a href=\"https:\/\/whatsapp.com\/channel\/0029Va6Rb4v3WHTNnsh8WI3N\"><strong><em>WhatsApp<\/em><\/strong><\/a><em>\u00a0e\u00a0<\/em><a href=\"https:\/\/www.youtube.com\/@acordacidadenoticias\/videos\"><strong>Youtube<\/strong><\/a><em>\u00a0e grupo de\u00a0<\/em><a href=\"https:\/\/t.me\/+sSz0khrgARA0ZmRh\"><strong><em>Telegram<\/em><\/strong><\/a><em>.<\/em><\/p>\n<\/div>\n","protected":false},"excerpt":{"rendered":"<div>\n<div>\n<figure><img decoding=\"async\" src=\"https:\/\/uploads.acordacidade.com.br\/2025\/04\/VjgOkK0x-cao-guia-ajudando-cegos-na-cidade-bonitao-cego-descanse-com-o-golden-retriever-na-cidade_cego.webp\" alt=\"cego - vis\u00e3o - cegueira\"><figcaption>Foto: Prostooleh\/Freepik<\/figcaption><\/figure>\n<\/div>\n<p>Campanha destaca a import\u00e2ncia da preven\u00e7\u00e3o e diagn\u00f3stico precoce de doen\u00e7as oculares que podem levar \u00e0 perda definitiva da vis\u00e3o.<\/p><\/div>\n","protected":false},"author":1,"featured_media":80840,"comment_status":"closed","ping_status":"closed","sticky":false,"template":"","format":"gallery","meta":{"footnotes":""},"categories":[8,9,6,57,56,10],"tags":[],"class_list":["post-80839","post","type-post","status-publish","format-gallery","has-post-thumbnail","hentry","category-bahia","category-brasil","category-feira-de-santana","category-mundo","category-policia","category-politica","post_format-post-format-gallery"],"featured_image_urls":{"full":["https:\/\/noticiasbahia360.com.br\/wp-content\/uploads\/2025\/04\/VjgOkK0x-cao-guia-ajudando-cegos-na-cidade-bonitao-cego-descanse-com-o-golden-retriever-na-cidade_cego.webp",1200,671,false],"thumbnail":["https:\/\/noticiasbahia360.com.br\/wp-content\/uploads\/2025\/04\/VjgOkK0x-cao-guia-ajudando-cegos-na-cidade-bonitao-cego-descanse-com-o-golden-retriever-na-cidade_cego-150x150.webp",150,150,true],"medium":["https:\/\/noticiasbahia360.com.br\/wp-content\/uploads\/2025\/04\/VjgOkK0x-cao-guia-ajudando-cegos-na-cidade-bonitao-cego-descanse-com-o-golden-retriever-na-cidade_cego-300x168.webp",300,168,true],"medium_large":["https:\/\/noticiasbahia360.com.br\/wp-content\/uploads\/2025\/04\/VjgOkK0x-cao-guia-ajudando-cegos-na-cidade-bonitao-cego-descanse-com-o-golden-retriever-na-cidade_cego-768x429.webp",640,358,true],"large":["https:\/\/noticiasbahia360.com.br\/wp-content\/uploads\/2025\/04\/VjgOkK0x-cao-guia-ajudando-cegos-na-cidade-bonitao-cego-descanse-com-o-golden-retriever-na-cidade_cego-1024x573.webp",640,358,true],"1536x1536":["https:\/\/noticiasbahia360.com.br\/wp-content\/uploads\/2025\/04\/VjgOkK0x-cao-guia-ajudando-cegos-na-cidade-bonitao-cego-descanse-com-o-golden-retriever-na-cidade_cego.webp",1200,671,false],"2048x2048":["https:\/\/noticiasbahia360.com.br\/wp-content\/uploads\/2025\/04\/VjgOkK0x-cao-guia-ajudando-cegos-na-cidade-bonitao-cego-descanse-com-o-golden-retriever-na-cidade_cego.webp",1200,671,false],"chromenews-featured":["https:\/\/noticiasbahia360.com.br\/wp-content\/uploads\/2025\/04\/VjgOkK0x-cao-guia-ajudando-cegos-na-cidade-bonitao-cego-descanse-com-o-golden-retriever-na-cidade_cego-1024x573.webp",1024,573,true],"chromenews-large":["https:\/\/noticiasbahia360.com.br\/wp-content\/uploads\/2025\/04\/VjgOkK0x-cao-guia-ajudando-cegos-na-cidade-bonitao-cego-descanse-com-o-golden-retriever-na-cidade_cego-825x575.webp",825,575,true],"chromenews-medium":["https:\/\/noticiasbahia360.com.br\/wp-content\/uploads\/2025\/04\/VjgOkK0x-cao-guia-ajudando-cegos-na-cidade-bonitao-cego-descanse-com-o-golden-retriever-na-cidade_cego-590x410.webp",590,410,true]},"author_info":{"display_name":"noticiasbahia360.com.br","author_link":"https:\/\/noticiasbahia360.com.br\/?author=1"},"category_info":"<a href=\"https:\/\/noticiasbahia360.com.br\/?cat=8\" rel=\"category\">Bahia<\/a> <a href=\"https:\/\/noticiasbahia360.com.br\/?cat=9\" rel=\"category\">Brasil<\/a> <a href=\"https:\/\/noticiasbahia360.com.br\/?cat=6\" rel=\"category\">Feira de Santana<\/a> <a href=\"https:\/\/noticiasbahia360.com.br\/?cat=57\" rel=\"category\">Mundo<\/a> <a href=\"https:\/\/noticiasbahia360.com.br\/?cat=56\" rel=\"category\">Pol\u00edcia<\/a> <a href=\"https:\/\/noticiasbahia360.com.br\/?cat=10\" rel=\"category\">Pol\u00edtica<\/a>","tag_info":"Pol\u00edtica","comment_count":"0","_links":{"self":[{"href":"https:\/\/noticiasbahia360.com.br\/index.php?rest_route=\/wp\/v2\/posts\/80839","targetHints":{"allow":["GET"]}}],"collection":[{"href":"https:\/\/noticiasbahia360.com.br\/index.php?rest_route=\/wp\/v2\/posts"}],"about":[{"href":"https:\/\/noticiasbahia360.com.br\/index.php?rest_route=\/wp\/v2\/types\/post"}],"author":[{"embeddable":true,"href":"https:\/\/noticiasbahia360.com.br\/index.php?rest_route=\/wp\/v2\/users\/1"}],"replies":[{"embeddable":true,"href":"https:\/\/noticiasbahia360.com.br\/index.php?rest_route=%2Fwp%2Fv2%2Fcomments&post=80839"}],"version-history":[{"count":0,"href":"https:\/\/noticiasbahia360.com.br\/index.php?rest_route=\/wp\/v2\/posts\/80839\/revisions"}],"wp:featuredmedia":[{"embeddable":true,"href":"https:\/\/noticiasbahia360.com.br\/index.php?rest_route=\/wp\/v2\/media\/80840"}],"wp:attachment":[{"href":"https:\/\/noticiasbahia360.com.br\/index.php?rest_route=%2Fwp%2Fv2%2Fmedia&parent=80839"}],"wp:term":[{"taxonomy":"category","embeddable":true,"href":"https:\/\/noticiasbahia360.com.br\/index.php?rest_route=%2Fwp%2Fv2%2Fcategories&post=80839"},{"taxonomy":"post_tag","embeddable":true,"href":"https:\/\/noticiasbahia360.com.br\/index.php?rest_route=%2Fwp%2Fv2%2Ftags&post=80839"}],"curies":[{"name":"wp","href":"https:\/\/api.w.org\/{rel}","templated":true}]}}