{"id":80841,"date":"2025-04-02T15:21:44","date_gmt":"2025-04-02T18:21:44","guid":{"rendered":"https:\/\/noticiasbahia360.com.br\/?p=80841"},"modified":"2025-04-02T15:21:44","modified_gmt":"2025-04-02T18:21:44","slug":"limpeza-do-sofa-sinais-de-que-e-a-hora-de-uma-higienizacao-especializada","status":"publish","type":"post","link":"https:\/\/noticiasbahia360.com.br\/?p=80841","title":{"rendered":"Limpeza do sof\u00e1: sinais de que \u00e9 a hora de uma higieniza\u00e7\u00e3o especializada"},"content":{"rendered":"<div>\n<div>\n<figure><img decoding=\"async\" src=\"http:\/\/noticiasbahia360.com.br\/wp-content\/uploads\/2025\/04\/limpeza-do-sofa.jpg\" alt=\"limpeza do sof\u00e1\"><figcaption>Foto: Divulga\u00e7\u00e3o<\/figcaption><\/figure>\n<\/div>\n<p>Seja para receber visitas, relaxar, assistir televis\u00e3o ou at\u00e9 mesmo comer, o sof\u00e1 \u00e9 sempre a melhor escolha, n\u00e3o \u00e9 mesmo? Acontece que, com o tempo, ele pode acumular sujeira e \u00e1caros que passam despercebidos, mas que afetam sua vida \u00fatil e tamb\u00e9m o bem-estar dos moradores. Para ajudar a identificar a necessidade de uma limpeza do sof\u00e1 de forma especializada, Fritz Paix\u00e3o, CEO e fundador da CleanNew, uma das maiores franquias de higieniza\u00e7\u00e3o e conserva\u00e7\u00e3o de estofados do Brasil, destacou alguns ind\u00edcios para quem ainda est\u00e1 em d\u00favida sobre quando chamar um profissional para realizar o servi\u00e7o.<\/p>\n<h2 class=\"wp-block-heading\" id=\"h-odor-desagradavel\">Odor desagrad\u00e1vel<\/h2>\n<p>Ao notar que o m\u00f3vel est\u00e1 exalando um cheiro persistente de mofo, umidade ou de restos de comida, \u00e9 hora da higieniza\u00e7\u00e3o especializada. \u201cAspirar ou limpar com pano \u00famido vai fazer uma limpeza do sof\u00e1 de forma superficial, mas n\u00e3o garantir\u00e1 a remo\u00e7\u00e3o por completo de sujeira e bact\u00e9rias. Ao aplicar produtos profissionais, esse ac\u00famulo de res\u00edduos ser\u00e1 eliminado e os odores tamb\u00e9m\u201d, afirma.<\/p>\n<h2 class=\"wp-block-heading\" id=\"h-manchas-aparentes-e-persistentes\">Manchas aparentes e persistentes<\/h2>\n<p>Com o tempo, as manchas por acidentes com l\u00edquidos ou at\u00e9 mesmo a urina de crian\u00e7a ou de pet, acabam aparecendo trazendo um aspecto de sujeira e de m\u00e1 conserva\u00e7\u00e3o. Para evit\u00e1-las, a dica \u00e9 a limpeza imediata. Mas, quando elas persistem, somente a higieniza\u00e7\u00e3o completa para garantir que o estofado volte ao estado original. Outra solu\u00e7\u00e3o para evitar esse transtorno \u00e9 a blindagem do tecido. Ela forma uma camada protetora, selando as tramas e impedindo a passagem de l\u00edquidos. Facilita tamb\u00e9m na hora de limpar, al\u00e9m de combater mofo, fungos e retardar o desbotamento da cor.<\/p>\n<h2 class=\"wp-block-heading\" id=\"h-crises-alergicas-constantes-e-problemas-respiratorios\">Crises al\u00e9rgicas constantes e problemas respirat\u00f3rios<\/h2>\n<p>Um detalhe que muitas vezes passa despercebido \u00e9 a origem dos espirros, coceiras nos olhos e crises al\u00e9rgicas resultantes de ac\u00famulo de poeira nos m\u00f3veis, principalmente nos estofados. \u201cOs sof\u00e1s podem concentrar milhares de \u00e1caros e bact\u00e9rias que se proliferam rapidamente e, sem manuten\u00e7\u00e3o constante, fazem mal \u00e0 sa\u00fade respirat\u00f3ria. Mesmo com o uso cont\u00ednuo de aspirador de p\u00f3, \u00e9 recomendada a limpeza profissional a cada 6 meses, para garantir que essas \u201cvisitinhas indesejadas\u201d sejam eliminadas de vez, principalmente em tempo seco como nas esta\u00e7\u00f5es de outono e inverno, em que a incid\u00eancia dessas doen\u00e7as respirat\u00f3rias \u00e9 maior\u201d, completa o especialista.<\/p>\n<p><em>Siga o Acorda Cidade no<\/em><a href=\"https:\/\/news.google.com\/search?q=acorda%20cidade&amp;hl=pt-BR&amp;gl=BR&amp;ceid=BR%3Apt-419\"><strong><em>\u00a0Google Not\u00edcias<\/em><\/strong><\/a><em>\u00a0e receba os principais destaques do dia. Participe tamb\u00e9m dos nossos canais no\u00a0<\/em><a href=\"https:\/\/whatsapp.com\/channel\/0029Va6Rb4v3WHTNnsh8WI3N\"><strong><em>WhatsApp<\/em><\/strong><\/a><em>\u00a0e\u00a0<\/em><a href=\"https:\/\/www.youtube.com\/@acordacidadenoticias\/videos\"><strong>Youtube<\/strong><\/a><em>\u00a0e grupo de\u00a0<\/em><a href=\"https:\/\/t.me\/+sSz0khrgARA0ZmRh\"><strong><em>Telegram<\/em><\/strong><\/a><em>.<\/em><\/p>\n<\/div>\n","protected":false},"excerpt":{"rendered":"<div>\n<div>\n<figure><img decoding=\"async\" src=\"https:\/\/uploads.acordacidade.com.br\/2025\/04\/limpeza-do-sofa.jpg\" alt=\"limpeza do sof\u00e1\"><figcaption>Foto: Divulga\u00e7\u00e3o<\/figcaption><\/figure>\n<\/div>\n<p>Veja alguns ind\u00edcios para quem ainda est\u00e1 em d\u00favida sobre quando chamar um profissional para realizar o servi\u00e7o.<\/p><\/div>\n","protected":false},"author":1,"featured_media":80842,"comment_status":"closed","ping_status":"closed","sticky":false,"template":"","format":"gallery","meta":{"footnotes":""},"categories":[8,9,6,57,56,10],"tags":[],"class_list":["post-80841","post","type-post","status-publish","format-gallery","has-post-thumbnail","hentry","category-bahia","category-brasil","category-feira-de-santana","category-mundo","category-policia","category-politica","post_format-post-format-gallery"],"featured_image_urls":{"full":["https:\/\/noticiasbahia360.com.br\/wp-content\/uploads\/2025\/04\/limpeza-do-sofa.jpg",1200,800,false],"thumbnail":["https:\/\/noticiasbahia360.com.br\/wp-content\/uploads\/2025\/04\/limpeza-do-sofa-150x150.jpg",150,150,true],"medium":["https:\/\/noticiasbahia360.com.br\/wp-content\/uploads\/2025\/04\/limpeza-do-sofa-300x200.jpg",300,200,true],"medium_large":["https:\/\/noticiasbahia360.com.br\/wp-content\/uploads\/2025\/04\/limpeza-do-sofa-768x512.jpg",640,427,true],"large":["https:\/\/noticiasbahia360.com.br\/wp-content\/uploads\/2025\/04\/limpeza-do-sofa-1024x683.jpg",640,427,true],"1536x1536":["https:\/\/noticiasbahia360.com.br\/wp-content\/uploads\/2025\/04\/limpeza-do-sofa.jpg",1200,800,false],"2048x2048":["https:\/\/noticiasbahia360.com.br\/wp-content\/uploads\/2025\/04\/limpeza-do-sofa.jpg",1200,800,false],"chromenews-featured":["https:\/\/noticiasbahia360.com.br\/wp-content\/uploads\/2025\/04\/limpeza-do-sofa-1024x683.jpg",1024,683,true],"chromenews-large":["https:\/\/noticiasbahia360.com.br\/wp-content\/uploads\/2025\/04\/limpeza-do-sofa-825x575.jpg",825,575,true],"chromenews-medium":["https:\/\/noticiasbahia360.com.br\/wp-content\/uploads\/2025\/04\/limpeza-do-sofa-590x410.jpg",590,410,true]},"author_info":{"display_name":"noticiasbahia360.com.br","author_link":"https:\/\/noticiasbahia360.com.br\/?author=1"},"category_info":"<a href=\"https:\/\/noticiasbahia360.com.br\/?cat=8\" rel=\"category\">Bahia<\/a> <a href=\"https:\/\/noticiasbahia360.com.br\/?cat=9\" rel=\"category\">Brasil<\/a> <a href=\"https:\/\/noticiasbahia360.com.br\/?cat=6\" rel=\"category\">Feira de Santana<\/a> <a href=\"https:\/\/noticiasbahia360.com.br\/?cat=57\" rel=\"category\">Mundo<\/a> <a href=\"https:\/\/noticiasbahia360.com.br\/?cat=56\" rel=\"category\">Pol\u00edcia<\/a> <a href=\"https:\/\/noticiasbahia360.com.br\/?cat=10\" rel=\"category\">Pol\u00edtica<\/a>","tag_info":"Pol\u00edtica","comment_count":"0","_links":{"self":[{"href":"https:\/\/noticiasbahia360.com.br\/index.php?rest_route=\/wp\/v2\/posts\/80841","targetHints":{"allow":["GET"]}}],"collection":[{"href":"https:\/\/noticiasbahia360.com.br\/index.php?rest_route=\/wp\/v2\/posts"}],"about":[{"href":"https:\/\/noticiasbahia360.com.br\/index.php?rest_route=\/wp\/v2\/types\/post"}],"author":[{"embeddable":true,"href":"https:\/\/noticiasbahia360.com.br\/index.php?rest_route=\/wp\/v2\/users\/1"}],"replies":[{"embeddable":true,"href":"https:\/\/noticiasbahia360.com.br\/index.php?rest_route=%2Fwp%2Fv2%2Fcomments&post=80841"}],"version-history":[{"count":0,"href":"https:\/\/noticiasbahia360.com.br\/index.php?rest_route=\/wp\/v2\/posts\/80841\/revisions"}],"wp:featuredmedia":[{"embeddable":true,"href":"https:\/\/noticiasbahia360.com.br\/index.php?rest_route=\/wp\/v2\/media\/80842"}],"wp:attachment":[{"href":"https:\/\/noticiasbahia360.com.br\/index.php?rest_route=%2Fwp%2Fv2%2Fmedia&parent=80841"}],"wp:term":[{"taxonomy":"category","embeddable":true,"href":"https:\/\/noticiasbahia360.com.br\/index.php?rest_route=%2Fwp%2Fv2%2Fcategories&post=80841"},{"taxonomy":"post_tag","embeddable":true,"href":"https:\/\/noticiasbahia360.com.br\/index.php?rest_route=%2Fwp%2Fv2%2Ftags&post=80841"}],"curies":[{"name":"wp","href":"https:\/\/api.w.org\/{rel}","templated":true}]}}