{"id":80843,"date":"2025-04-02T15:21:47","date_gmt":"2025-04-02T18:21:47","guid":{"rendered":"https:\/\/noticiasbahia360.com.br\/?p=80843"},"modified":"2025-04-02T15:21:47","modified_gmt":"2025-04-02T18:21:47","slug":"soraia-cuca-uefs-recebe-sessao-extra-de-espetaculo-inspirado-em-musicas-de-zeu-britto","status":"publish","type":"post","link":"https:\/\/noticiasbahia360.com.br\/?p=80843","title":{"rendered":"\u201cSoraia\u201d: Cuca\/Uefs recebe sess\u00e3o extra de espet\u00e1culo inspirado em m\u00fasicas de Z\u00e9u Britto"},"content":{"rendered":"<div>\n<div>\n<figure><img decoding=\"async\" src=\"http:\/\/noticiasbahia360.com.br\/wp-content\/uploads\/2025\/04\/SORAIA.jpg\" alt=\"SORAIA\"><figcaption>Foto: Divulga\u00e7\u00e3o<\/figcaption><\/figure>\n<\/div>\n<p>Ap\u00f3s a grande repercuss\u00e3o da estreia e lota\u00e7\u00e3o das primeiras sess\u00f5es, o espet\u00e1culo \u201cSoraia\u201d retorna aos palcos do projeto Feira Tem Teatro para uma apresenta\u00e7\u00e3o extra, neste s\u00e1bado (5) \u00e0s 20h, no Cuca\/Uefs. A decis\u00e3o de abrir uma nova data veio devido \u00e0 alta demanda do p\u00fablico. Mais de 400 espectadores estiveram presentes nas duas noites de apresenta\u00e7\u00e3o. Os ingressos est\u00e3o dispon\u00edveis atrav\u00e9s do Sympla.<\/p>\n<p>Dirigida por Geovane Mascarenhas, \u201cSoraia\u201d \u00e9 uma com\u00e9dia musical inspirada nas irreverentes can\u00e7\u00f5es de Z\u00e9u Brito, que veio \u00e0 Feira de Santana e se emocionou ao assistir \u00e0 montagem baseada em sua obra. \u201c\u00c9 muita emo\u00e7\u00e3o! A arte \u00e9 assim, a gente entra num mar escuro e vai colocando luzinhas no barco, pra tentar ver na escurid\u00e3o. Escreve, escreve, sem saber onde vai dar. Hoje eu me encontro num Ferry Boat imenso e iluminado! Eu t\u00f4 sentado na cadeirinha do Ferry Boat, vendo voc\u00eas brilharem\u201d, afirmou o artista, com seu bom humor caracter\u00edstico.<\/p>\n<p>Em um v\u00eddeo publicado nas redes sociais, Z\u00e9u Brito refor\u00e7ou sua emo\u00e7\u00e3o ao ver suas can\u00e7\u00f5es ganharem vida nos palcos: \u201c\u00c9 sobre minhas can\u00e7\u00f5es, n\u00e9? Muita hist\u00f3ria, muita coisa passa pela cabe\u00e7a. \u00c9 uma catarse hoje, viu! Deus me defenda!\u201d. Durante a sess\u00e3o, ele ainda surpreendeu o p\u00fablico ao cantar, ao lado do elenco, um trecho da m\u00fasica \u201cO Mundo Acabou, Isso Aqui \u00c9 o Baga\u00e7o\u201d, arrancando aplausos entusiasmados da plateia.<\/p>\n<p>Desenvolvida durante uma oficina do Cuca, Soraia conta a hist\u00f3ria de uma mulher movida pela vingan\u00e7a ap\u00f3s ser deserdada no testamento do pai. Com um elenco de quase 20 atores, a trama \u00e9 narrada por um Maskate e um ex-padre, apresentando uma narrativa cheia de surpresas e elementos absurdos, com uma combina\u00e7\u00e3o \u00fanica de humor e emo\u00e7\u00e3o.<\/p>\n<p><strong>Espet\u00e1culo: \u201cSoraia\u201d<br \/><\/strong>Data: 05\/04\/2025<br \/>Hor\u00e1rio: 20h<br \/>Local: Teatro Universit\u00e1rio do Cuca<br \/>Classifica\u00e7\u00e3o: 16 anos<br \/>Ingressos promocionais: R$ 20,00, atrav\u00e9s do Sympla (<a href=\"https:\/\/www.sympla.com.br\/evento\/soraia\/2896822\" target=\"_blank\" rel=\"noreferrer noopener\">https:\/\/www.sympla.com.br\/evento\/soraia\/2896822<\/a>)<\/p>\n<p>Mais informa\u00e7\u00f5es: <a href=\"https:\/\/www.instagram.com\/feiratemteatro\/\" target=\"_blank\" rel=\"noreferrer noopener\">https:\/\/www.instagram.com\/feiratemteatro\/<\/a><\/p>\n<p><em>Siga o Acorda Cidade no<\/em><a href=\"https:\/\/news.google.com\/search?q=acorda%20cidade&amp;hl=pt-BR&amp;gl=BR&amp;ceid=BR%3Apt-419\"><strong><em>\u00a0Google Not\u00edcias<\/em><\/strong><\/a><em>\u00a0e receba os principais destaques do dia. Participe tamb\u00e9m dos nossos canais no\u00a0<\/em><a href=\"https:\/\/whatsapp.com\/channel\/0029Va6Rb4v3WHTNnsh8WI3N\"><strong><em>WhatsApp<\/em><\/strong><\/a><em>\u00a0e\u00a0<\/em><a href=\"https:\/\/www.youtube.com\/@acordacidadenoticias\/videos\"><strong>Youtube<\/strong><\/a><em>\u00a0e grupo de\u00a0<\/em><a href=\"https:\/\/t.me\/+sSz0khrgARA0ZmRh\"><strong><em>Telegram<\/em><\/strong><\/a><em>.<\/em><\/p>\n<\/div>\n","protected":false},"excerpt":{"rendered":"<div>\n<div>\n<figure><img decoding=\"async\" src=\"https:\/\/uploads.acordacidade.com.br\/2025\/04\/SORAIA.jpg\" alt=\"SORAIA\"><figcaption>Foto: Divulga\u00e7\u00e3o<\/figcaption><\/figure>\n<\/div>\n<p>Desenvolvida durante uma oficina do Cuca, Soraia conta a hist\u00f3ria de uma mulher movida pela vingan\u00e7a ap\u00f3s ser deserdada no testamento do pai.<\/p><\/div>\n","protected":false},"author":1,"featured_media":80844,"comment_status":"closed","ping_status":"closed","sticky":false,"template":"","format":"gallery","meta":{"footnotes":""},"categories":[8,9,6,57,56,10],"tags":[],"class_list":["post-80843","post","type-post","status-publish","format-gallery","has-post-thumbnail","hentry","category-bahia","category-brasil","category-feira-de-santana","category-mundo","category-policia","category-politica","post_format-post-format-gallery"],"featured_image_urls":{"full":["https:\/\/noticiasbahia360.com.br\/wp-content\/uploads\/2025\/04\/SORAIA.jpg",1200,1187,false],"thumbnail":["https:\/\/noticiasbahia360.com.br\/wp-content\/uploads\/2025\/04\/SORAIA-150x150.jpg",150,150,true],"medium":["https:\/\/noticiasbahia360.com.br\/wp-content\/uploads\/2025\/04\/SORAIA-300x297.jpg",300,297,true],"medium_large":["https:\/\/noticiasbahia360.com.br\/wp-content\/uploads\/2025\/04\/SORAIA-768x760.jpg",640,633,true],"large":["https:\/\/noticiasbahia360.com.br\/wp-content\/uploads\/2025\/04\/SORAIA-1024x1013.jpg",640,633,true],"1536x1536":["https:\/\/noticiasbahia360.com.br\/wp-content\/uploads\/2025\/04\/SORAIA.jpg",1200,1187,false],"2048x2048":["https:\/\/noticiasbahia360.com.br\/wp-content\/uploads\/2025\/04\/SORAIA.jpg",1200,1187,false],"chromenews-featured":["https:\/\/noticiasbahia360.com.br\/wp-content\/uploads\/2025\/04\/SORAIA-1024x1013.jpg",1024,1013,true],"chromenews-large":["https:\/\/noticiasbahia360.com.br\/wp-content\/uploads\/2025\/04\/SORAIA-825x575.jpg",825,575,true],"chromenews-medium":["https:\/\/noticiasbahia360.com.br\/wp-content\/uploads\/2025\/04\/SORAIA-590x410.jpg",590,410,true]},"author_info":{"display_name":"noticiasbahia360.com.br","author_link":"https:\/\/noticiasbahia360.com.br\/?author=1"},"category_info":"<a href=\"https:\/\/noticiasbahia360.com.br\/?cat=8\" rel=\"category\">Bahia<\/a> <a href=\"https:\/\/noticiasbahia360.com.br\/?cat=9\" rel=\"category\">Brasil<\/a> <a href=\"https:\/\/noticiasbahia360.com.br\/?cat=6\" rel=\"category\">Feira de Santana<\/a> <a href=\"https:\/\/noticiasbahia360.com.br\/?cat=57\" rel=\"category\">Mundo<\/a> <a href=\"https:\/\/noticiasbahia360.com.br\/?cat=56\" rel=\"category\">Pol\u00edcia<\/a> <a href=\"https:\/\/noticiasbahia360.com.br\/?cat=10\" rel=\"category\">Pol\u00edtica<\/a>","tag_info":"Pol\u00edtica","comment_count":"0","_links":{"self":[{"href":"https:\/\/noticiasbahia360.com.br\/index.php?rest_route=\/wp\/v2\/posts\/80843","targetHints":{"allow":["GET"]}}],"collection":[{"href":"https:\/\/noticiasbahia360.com.br\/index.php?rest_route=\/wp\/v2\/posts"}],"about":[{"href":"https:\/\/noticiasbahia360.com.br\/index.php?rest_route=\/wp\/v2\/types\/post"}],"author":[{"embeddable":true,"href":"https:\/\/noticiasbahia360.com.br\/index.php?rest_route=\/wp\/v2\/users\/1"}],"replies":[{"embeddable":true,"href":"https:\/\/noticiasbahia360.com.br\/index.php?rest_route=%2Fwp%2Fv2%2Fcomments&post=80843"}],"version-history":[{"count":0,"href":"https:\/\/noticiasbahia360.com.br\/index.php?rest_route=\/wp\/v2\/posts\/80843\/revisions"}],"wp:featuredmedia":[{"embeddable":true,"href":"https:\/\/noticiasbahia360.com.br\/index.php?rest_route=\/wp\/v2\/media\/80844"}],"wp:attachment":[{"href":"https:\/\/noticiasbahia360.com.br\/index.php?rest_route=%2Fwp%2Fv2%2Fmedia&parent=80843"}],"wp:term":[{"taxonomy":"category","embeddable":true,"href":"https:\/\/noticiasbahia360.com.br\/index.php?rest_route=%2Fwp%2Fv2%2Fcategories&post=80843"},{"taxonomy":"post_tag","embeddable":true,"href":"https:\/\/noticiasbahia360.com.br\/index.php?rest_route=%2Fwp%2Fv2%2Ftags&post=80843"}],"curies":[{"name":"wp","href":"https:\/\/api.w.org\/{rel}","templated":true}]}}