{"id":80851,"date":"2025-04-02T15:50:34","date_gmt":"2025-04-02T18:50:34","guid":{"rendered":"https:\/\/noticiasbahia360.com.br\/?p=80851"},"modified":"2025-04-02T15:50:34","modified_gmt":"2025-04-02T18:50:34","slug":"comeca-segunda-feira-7-vistoria-veicular-obrigatoria-para-a-micareta-de-feira-2025","status":"publish","type":"post","link":"https:\/\/noticiasbahia360.com.br\/?p=80851","title":{"rendered":"Come\u00e7a segunda-feira (7), vistoria veicular obrigat\u00f3ria para a Micareta de Feira 2025"},"content":{"rendered":"<div>\n<div>\n<figure><img decoding=\"async\" src=\"http:\/\/noticiasbahia360.com.br\/wp-content\/uploads\/2025\/04\/vistoria-de-trios-eletricos-foto-reporter-ed-santos-acorda-cidade.jpg1_.jpg\" alt=\"Vistoria Micareta 2024\"><figcaption>Foto: Ed Santos\/ Acorda Cidade <\/figcaption><\/figure>\n<\/div>\n<p>A cidade de Feira de Santana se prepara para a Micareta de Feira 2025, e, para garantir a seguran\u00e7a e organiza\u00e7\u00e3o do evento, a Secretaria Municipal de Mobilidade Urbana (Semob) tornou obrigat\u00f3ria a Vistoria Veicular de Fiscaliza\u00e7\u00e3o Preventiva Integrada (FPI). A inspe\u00e7\u00e3o come\u00e7a no dia 7 de abril e ser\u00e1 realizada no Centro de Cultura Am\u00e9lio Amorim, das 08h \u00e0s 12h, seguindo um calend\u00e1rio espec\u00edfico para cada categoria de ve\u00edculo.<\/p>\n<p>De acordo com a portaria N\u00ba 08\/2025, publicada na ter\u00e7a-feira (1\u00ba), a medida se aplica a todos os ve\u00edculos que circular\u00e3o no circuito da festa, incluindo trios el\u00e9tricos, carros de apoio, transportes de alimentos, t\u00e1xis, motot\u00e1xis, ve\u00edculos de turismo e de publicidade. A vistoria ser\u00e1 conduzida pela Coordenadoria de Tr\u00e2nsito da Superintend\u00eancia Municipal de Tr\u00e2nsito (SMT), e os ve\u00edculos que n\u00e3o passarem pela inspe\u00e7\u00e3o n\u00e3o poder\u00e3o acessar o evento.<\/p>\n<p>Entre os dias 7 e 11, e 15 a 17 de abril a vistoria ser\u00e1 destinada aos ve\u00edculos de alimenta\u00e7\u00e3o, cervejarias, ve\u00edculos oficiais da Prefeitura, Estado e Uni\u00e3o, ve\u00edculos da imprensa, Minist\u00e9rio P\u00fablico, Samu, Coelba, Embasa, prestadores de servi\u00e7o de telefonia, ve\u00edculos que transportam gelo e \u00e1gua e demais ve\u00edculos de servi\u00e7o que realizar\u00e3o atividade no circuito da Micareta de Feira.<\/p>\n<p>J\u00e1 nos dias 22 a 25, e 28 de abril a 1\u00b0 maio, os atendimentos ser\u00e3o exclusivos aos trios el\u00e9tricos, carros de apoio aos trios, carros de som, mini-trios, recreativos e similares. A Semob refor\u00e7a que o n\u00e3o cumprimento da exig\u00eancia impedir\u00e1 o acesso ao evento.<\/p>\n<p>O prefeito Jos\u00e9 Ronaldo destacou a import\u00e2ncia da medida para evitar imprevistos e proporcionar um ambiente mais estruturado para foli\u00f5es, artistas e trabalhadores do evento. \u201cA fiscaliza\u00e7\u00e3o preventiva busca evitar problemas mec\u00e2nicos, garantir a legalidade dos ve\u00edculos e contribuir para a fluidez do tr\u00e2nsito no circuito da Micareta\u201d.<\/p>\n<p>O secret\u00e1rio municipal de Mobilidade Urbana, S\u00e9rgio Barradas Carneiro, destacou a import\u00e2ncia da medida para a seguran\u00e7a da Micareta de Feira.<\/p>\n<p>\u201cNosso objetivo \u00e9 assegurar que todos os ve\u00edculos que circular\u00e3o na festa estejam em conformidade com as normas de seguran\u00e7a, reduzindo riscos de acidentes e garantindo uma experi\u00eancia segura para foli\u00f5es, trabalhadores e moradores. Pedimos a colabora\u00e7\u00e3o de todos os respons\u00e1veis para que realizem a vistoria dentro do prazo estabelecido, evitando transtornos na semana do evento\u201d, explicou.<\/p>\n<p><em>Com informa\u00e7\u00f5es da Secretaria Municipal de Comunica\u00e7\u00e3o Social (Secom)<\/em><\/p>\n<p><em>Siga o Acorda Cidade no<\/em><a href=\"https:\/\/news.google.com\/search?q=acorda%20cidade&amp;hl=pt-BR&amp;gl=BR&amp;ceid=BR%3Apt-419\"><strong><em>\u00a0Google Not\u00edcias<\/em><\/strong><\/a><em>\u00a0e receba os principais destaques do dia. Participe tamb\u00e9m dos nossos canais no\u00a0<\/em><a href=\"https:\/\/whatsapp.com\/channel\/0029Va6Rb4v3WHTNnsh8WI3N\"><strong><em>WhatsApp<\/em><\/strong><\/a><em>\u00a0e\u00a0<\/em><a href=\"https:\/\/www.youtube.com\/@acordacidadenoticias\/videos\"><strong>Youtube<\/strong><\/a><em>\u00a0e grupo de\u00a0<\/em><a href=\"https:\/\/t.me\/+sSz0khrgARA0ZmRh\"><strong><em>Telegram<\/em><\/strong><\/a><em>.<\/em><\/p>\n<\/div>\n","protected":false},"excerpt":{"rendered":"<div>\n<div>\n<figure><img decoding=\"async\" src=\"https:\/\/uploads.acordacidade.com.br\/wp-content\/uploads\/2024\/04\/18121223\/vistoria-de-trios-eletricos-foto-reporter-ed-santos-acorda-cidade.jpg1_.jpg\" alt=\"Vistoria Micareta 2024\"><figcaption>Foto: Ed Santos\/ Acorda Cidade <\/figcaption><\/figure>\n<\/div>\n<p>A inspe\u00e7\u00e3o come\u00e7a no dia 7 de abril e ser\u00e1 realizada no Centro de Cultura Am\u00e9lio Amorim, das 8h \u00e0s 12h.<\/p><\/div>\n","protected":false},"author":1,"featured_media":80852,"comment_status":"closed","ping_status":"closed","sticky":false,"template":"","format":"gallery","meta":{"footnotes":""},"categories":[8,9,6,57,56,10],"tags":[],"class_list":["post-80851","post","type-post","status-publish","format-gallery","has-post-thumbnail","hentry","category-bahia","category-brasil","category-feira-de-santana","category-mundo","category-policia","category-politica","post_format-post-format-gallery"],"featured_image_urls":{"full":["https:\/\/noticiasbahia360.com.br\/wp-content\/uploads\/2025\/04\/vistoria-de-trios-eletricos-foto-reporter-ed-santos-acorda-cidade.jpg1_.jpg",640,360,false],"thumbnail":["https:\/\/noticiasbahia360.com.br\/wp-content\/uploads\/2025\/04\/vistoria-de-trios-eletricos-foto-reporter-ed-santos-acorda-cidade.jpg1_-150x150.jpg",150,150,true],"medium":["https:\/\/noticiasbahia360.com.br\/wp-content\/uploads\/2025\/04\/vistoria-de-trios-eletricos-foto-reporter-ed-santos-acorda-cidade.jpg1_-300x169.jpg",300,169,true],"medium_large":["https:\/\/noticiasbahia360.com.br\/wp-content\/uploads\/2025\/04\/vistoria-de-trios-eletricos-foto-reporter-ed-santos-acorda-cidade.jpg1_.jpg",640,360,false],"large":["https:\/\/noticiasbahia360.com.br\/wp-content\/uploads\/2025\/04\/vistoria-de-trios-eletricos-foto-reporter-ed-santos-acorda-cidade.jpg1_.jpg",640,360,false],"1536x1536":["https:\/\/noticiasbahia360.com.br\/wp-content\/uploads\/2025\/04\/vistoria-de-trios-eletricos-foto-reporter-ed-santos-acorda-cidade.jpg1_.jpg",640,360,false],"2048x2048":["https:\/\/noticiasbahia360.com.br\/wp-content\/uploads\/2025\/04\/vistoria-de-trios-eletricos-foto-reporter-ed-santos-acorda-cidade.jpg1_.jpg",640,360,false],"chromenews-featured":["https:\/\/noticiasbahia360.com.br\/wp-content\/uploads\/2025\/04\/vistoria-de-trios-eletricos-foto-reporter-ed-santos-acorda-cidade.jpg1_.jpg",640,360,false],"chromenews-large":["https:\/\/noticiasbahia360.com.br\/wp-content\/uploads\/2025\/04\/vistoria-de-trios-eletricos-foto-reporter-ed-santos-acorda-cidade.jpg1_.jpg",640,360,false],"chromenews-medium":["https:\/\/noticiasbahia360.com.br\/wp-content\/uploads\/2025\/04\/vistoria-de-trios-eletricos-foto-reporter-ed-santos-acorda-cidade.jpg1_-590x360.jpg",590,360,true]},"author_info":{"display_name":"noticiasbahia360.com.br","author_link":"https:\/\/noticiasbahia360.com.br\/?author=1"},"category_info":"<a href=\"https:\/\/noticiasbahia360.com.br\/?cat=8\" rel=\"category\">Bahia<\/a> <a href=\"https:\/\/noticiasbahia360.com.br\/?cat=9\" rel=\"category\">Brasil<\/a> <a href=\"https:\/\/noticiasbahia360.com.br\/?cat=6\" rel=\"category\">Feira de Santana<\/a> <a href=\"https:\/\/noticiasbahia360.com.br\/?cat=57\" rel=\"category\">Mundo<\/a> <a href=\"https:\/\/noticiasbahia360.com.br\/?cat=56\" rel=\"category\">Pol\u00edcia<\/a> <a href=\"https:\/\/noticiasbahia360.com.br\/?cat=10\" rel=\"category\">Pol\u00edtica<\/a>","tag_info":"Pol\u00edtica","comment_count":"0","_links":{"self":[{"href":"https:\/\/noticiasbahia360.com.br\/index.php?rest_route=\/wp\/v2\/posts\/80851","targetHints":{"allow":["GET"]}}],"collection":[{"href":"https:\/\/noticiasbahia360.com.br\/index.php?rest_route=\/wp\/v2\/posts"}],"about":[{"href":"https:\/\/noticiasbahia360.com.br\/index.php?rest_route=\/wp\/v2\/types\/post"}],"author":[{"embeddable":true,"href":"https:\/\/noticiasbahia360.com.br\/index.php?rest_route=\/wp\/v2\/users\/1"}],"replies":[{"embeddable":true,"href":"https:\/\/noticiasbahia360.com.br\/index.php?rest_route=%2Fwp%2Fv2%2Fcomments&post=80851"}],"version-history":[{"count":0,"href":"https:\/\/noticiasbahia360.com.br\/index.php?rest_route=\/wp\/v2\/posts\/80851\/revisions"}],"wp:featuredmedia":[{"embeddable":true,"href":"https:\/\/noticiasbahia360.com.br\/index.php?rest_route=\/wp\/v2\/media\/80852"}],"wp:attachment":[{"href":"https:\/\/noticiasbahia360.com.br\/index.php?rest_route=%2Fwp%2Fv2%2Fmedia&parent=80851"}],"wp:term":[{"taxonomy":"category","embeddable":true,"href":"https:\/\/noticiasbahia360.com.br\/index.php?rest_route=%2Fwp%2Fv2%2Fcategories&post=80851"},{"taxonomy":"post_tag","embeddable":true,"href":"https:\/\/noticiasbahia360.com.br\/index.php?rest_route=%2Fwp%2Fv2%2Ftags&post=80851"}],"curies":[{"name":"wp","href":"https:\/\/api.w.org\/{rel}","templated":true}]}}