{"id":80856,"date":"2025-04-02T16:01:58","date_gmt":"2025-04-02T19:01:58","guid":{"rendered":"https:\/\/noticiasbahia360.com.br\/?p=80856"},"modified":"2025-04-02T16:01:58","modified_gmt":"2025-04-02T19:01:58","slug":"pesquisa-sobre-os-precos-dos-ovos-de-pascoa-e-divulgada-pelo-procon-de-feira-de-santana","status":"publish","type":"post","link":"https:\/\/noticiasbahia360.com.br\/?p=80856","title":{"rendered":"Pesquisa sobre os pre\u00e7os dos ovos de P\u00e1scoa \u00e9 divulgada pelo Procon de Feira de Santana"},"content":{"rendered":"<div>\n<div>\n<figure><img decoding=\"async\" src=\"http:\/\/noticiasbahia360.com.br\/wp-content\/uploads\/2025\/04\/ovos-de-pascoa-foto-jefferson-araujo-acorda-cidade.jpg\" alt=\"Ovos de p\u00e1scoa\"><figcaption>Ovos de p\u00e1scoa | Foto: Jefferson Ara\u00fajo\/Acorda Cidade<\/figcaption><\/figure>\n<\/div>\n<p>Com a proximidade da <a href=\"https:\/\/www.acordacidade.com.br\/tag\/pascoa\/\">P\u00e1scoa<\/a>, os consumidores de Feira de Santana j\u00e1 come\u00e7am a buscar os tradicionais ovos de chocolate. Para auxiliar nessa escolha, o Procon realizou uma pesquisa de pre\u00e7os entre os dias 28 e 31 de mar\u00e7o, abrangendo supermercados, atacadistas e lojas especializadas na cidade. O levantamento revelou varia\u00e7\u00f5es expressivas nos valores dos produtos mais procurados, como os ovos de p\u00e1scoa das marcas Garoto, Nestl\u00e9, Arcor, Lacta, Cacau Show e Kopenhagen.<\/p>\n<p><strong>Entre os destaques da pesquisa, o ovo Talento 350g (Garoto) pode ser encontrado a partir de R$ 76,19, enquanto em outros estabelecimentos chega a R$ 96,98. J\u00e1 o Kit-Kat 332g (Nestl\u00e9) apresenta valores que variam entre R$ 69,76 e R$ 86,90.<\/strong><\/p>\n<p><strong>Na linha infantil, o ovo Tortuguita 120g (Arcor) tem pre\u00e7os oscilando entre R$ 43,90 e R$ 71,90, e o Free Fire 100g pode ser encontrado por at\u00e9 R$ 119,90.<\/strong><\/p>\n<p><strong>Os ovos premium tamb\u00e9m apresentaram grande varia\u00e7\u00e3o de pre\u00e7os. O Dreams Brigadeiro 400g (Cacau Show) est\u00e1 \u00e0 venda por R$ 114,99, enquanto o L\u00edngua de Gato 444g (Kopenhagen) chega a R$ 189,90.<\/strong><\/p>\n<p>O superintendente do Procon, Maur\u00edcio de Carvalho, ressaltou a import\u00e2ncia do levantamento para os consumidores.<\/p>\n<p>\u201cO trabalho do Procon facilita a vida do consumidor, permitindo que ele visualize onde encontrar os produtos pelo menor pre\u00e7o, economizando tempo e dinheiro. Esse tipo de pesquisa tamb\u00e9m incentiva a concorr\u00eancia saud\u00e1vel entre os estabelecimentos e estimula a movimenta\u00e7\u00e3o do mercado,\u201d destacou.<\/p>\n<p>Diante da grande varia\u00e7\u00e3o nos pre\u00e7os, o Procon recomenda que os consumidores pesquisem antes de comprar, comparem valores entre os diferentes pontos de venda e evitem compras impulsivas.<\/p>\n<p><em>Com informa\u00e7\u00f5es da Secretaria Municipal de Comunica\u00e7\u00e3o Social (Secom)<\/em><\/p>\n<p><em>Siga o Acorda Cidade no<\/em><a href=\"https:\/\/news.google.com\/search?q=acorda%20cidade&amp;hl=pt-BR&amp;gl=BR&amp;ceid=BR%3Apt-419\"><strong><em>\u00a0Google Not\u00edcias<\/em><\/strong><\/a><em>\u00a0e receba os principais destaques do dia. Participe tamb\u00e9m dos nossos canais no\u00a0<\/em><a href=\"https:\/\/whatsapp.com\/channel\/0029Va6Rb4v3WHTNnsh8WI3N\"><strong><em>WhatsApp<\/em><\/strong><\/a><em>\u00a0e\u00a0<\/em><a href=\"https:\/\/www.youtube.com\/@acordacidadenoticias\/videos\"><strong>Youtube<\/strong><\/a><em>\u00a0e grupo de\u00a0<\/em><a href=\"https:\/\/t.me\/+sSz0khrgARA0ZmRh\"><strong><em>Telegram<\/em><\/strong><\/a><em>.<\/em><\/p>\n<\/div>\n","protected":false},"excerpt":{"rendered":"<div>\n<div>\n<figure><img decoding=\"async\" src=\"https:\/\/uploads.acordacidade.com.br\/wp-content\/uploads\/2024\/03\/18162117\/ovos-de-pascoa-foto-jefferson-araujo-acorda-cidade.jpg\" alt=\"Ovos de p\u00e1scoa\"><figcaption>Ovos de p\u00e1scoa | Foto: Jefferson Ara\u00fajo\/Acorda Cidade<\/figcaption><\/figure>\n<\/div>\n<p>O levantamento revelou varia\u00e7\u00f5es expressivas nos valores dos produtos mais procurados.<\/p><\/div>\n","protected":false},"author":1,"featured_media":80857,"comment_status":"closed","ping_status":"closed","sticky":false,"template":"","format":"gallery","meta":{"footnotes":""},"categories":[8,9,6,57,56,10],"tags":[],"class_list":["post-80856","post","type-post","status-publish","format-gallery","has-post-thumbnail","hentry","category-bahia","category-brasil","category-feira-de-santana","category-mundo","category-policia","category-politica","post_format-post-format-gallery"],"featured_image_urls":{"full":["https:\/\/noticiasbahia360.com.br\/wp-content\/uploads\/2025\/04\/ovos-de-pascoa-foto-jefferson-araujo-acorda-cidade.jpg",640,279,false],"thumbnail":["https:\/\/noticiasbahia360.com.br\/wp-content\/uploads\/2025\/04\/ovos-de-pascoa-foto-jefferson-araujo-acorda-cidade-150x150.jpg",150,150,true],"medium":["https:\/\/noticiasbahia360.com.br\/wp-content\/uploads\/2025\/04\/ovos-de-pascoa-foto-jefferson-araujo-acorda-cidade-300x131.jpg",300,131,true],"medium_large":["https:\/\/noticiasbahia360.com.br\/wp-content\/uploads\/2025\/04\/ovos-de-pascoa-foto-jefferson-araujo-acorda-cidade.jpg",640,279,false],"large":["https:\/\/noticiasbahia360.com.br\/wp-content\/uploads\/2025\/04\/ovos-de-pascoa-foto-jefferson-araujo-acorda-cidade.jpg",640,279,false],"1536x1536":["https:\/\/noticiasbahia360.com.br\/wp-content\/uploads\/2025\/04\/ovos-de-pascoa-foto-jefferson-araujo-acorda-cidade.jpg",640,279,false],"2048x2048":["https:\/\/noticiasbahia360.com.br\/wp-content\/uploads\/2025\/04\/ovos-de-pascoa-foto-jefferson-araujo-acorda-cidade.jpg",640,279,false],"chromenews-featured":["https:\/\/noticiasbahia360.com.br\/wp-content\/uploads\/2025\/04\/ovos-de-pascoa-foto-jefferson-araujo-acorda-cidade.jpg",640,279,false],"chromenews-large":["https:\/\/noticiasbahia360.com.br\/wp-content\/uploads\/2025\/04\/ovos-de-pascoa-foto-jefferson-araujo-acorda-cidade.jpg",640,279,false],"chromenews-medium":["https:\/\/noticiasbahia360.com.br\/wp-content\/uploads\/2025\/04\/ovos-de-pascoa-foto-jefferson-araujo-acorda-cidade-590x279.jpg",590,279,true]},"author_info":{"display_name":"noticiasbahia360.com.br","author_link":"https:\/\/noticiasbahia360.com.br\/?author=1"},"category_info":"<a href=\"https:\/\/noticiasbahia360.com.br\/?cat=8\" rel=\"category\">Bahia<\/a> <a href=\"https:\/\/noticiasbahia360.com.br\/?cat=9\" rel=\"category\">Brasil<\/a> <a href=\"https:\/\/noticiasbahia360.com.br\/?cat=6\" rel=\"category\">Feira de Santana<\/a> <a href=\"https:\/\/noticiasbahia360.com.br\/?cat=57\" rel=\"category\">Mundo<\/a> <a href=\"https:\/\/noticiasbahia360.com.br\/?cat=56\" rel=\"category\">Pol\u00edcia<\/a> <a href=\"https:\/\/noticiasbahia360.com.br\/?cat=10\" rel=\"category\">Pol\u00edtica<\/a>","tag_info":"Pol\u00edtica","comment_count":"0","_links":{"self":[{"href":"https:\/\/noticiasbahia360.com.br\/index.php?rest_route=\/wp\/v2\/posts\/80856","targetHints":{"allow":["GET"]}}],"collection":[{"href":"https:\/\/noticiasbahia360.com.br\/index.php?rest_route=\/wp\/v2\/posts"}],"about":[{"href":"https:\/\/noticiasbahia360.com.br\/index.php?rest_route=\/wp\/v2\/types\/post"}],"author":[{"embeddable":true,"href":"https:\/\/noticiasbahia360.com.br\/index.php?rest_route=\/wp\/v2\/users\/1"}],"replies":[{"embeddable":true,"href":"https:\/\/noticiasbahia360.com.br\/index.php?rest_route=%2Fwp%2Fv2%2Fcomments&post=80856"}],"version-history":[{"count":0,"href":"https:\/\/noticiasbahia360.com.br\/index.php?rest_route=\/wp\/v2\/posts\/80856\/revisions"}],"wp:featuredmedia":[{"embeddable":true,"href":"https:\/\/noticiasbahia360.com.br\/index.php?rest_route=\/wp\/v2\/media\/80857"}],"wp:attachment":[{"href":"https:\/\/noticiasbahia360.com.br\/index.php?rest_route=%2Fwp%2Fv2%2Fmedia&parent=80856"}],"wp:term":[{"taxonomy":"category","embeddable":true,"href":"https:\/\/noticiasbahia360.com.br\/index.php?rest_route=%2Fwp%2Fv2%2Fcategories&post=80856"},{"taxonomy":"post_tag","embeddable":true,"href":"https:\/\/noticiasbahia360.com.br\/index.php?rest_route=%2Fwp%2Fv2%2Ftags&post=80856"}],"curies":[{"name":"wp","href":"https:\/\/api.w.org\/{rel}","templated":true}]}}