{"id":80858,"date":"2025-04-02T16:07:10","date_gmt":"2025-04-02T19:07:10","guid":{"rendered":"https:\/\/noticiasbahia360.com.br\/?p=80858"},"modified":"2025-04-02T16:07:10","modified_gmt":"2025-04-02T19:07:10","slug":"pesquisa-do-procon-aponta-variacao-nos-precos-dos-alimentos-da-semana-santa-em-feira-de-santana","status":"publish","type":"post","link":"https:\/\/noticiasbahia360.com.br\/?p=80858","title":{"rendered":"Pesquisa do Procon aponta varia\u00e7\u00e3o nos pre\u00e7os dos alimentos da Semana Santa em Feira de Santana"},"content":{"rendered":"<div>\n<div>\n<figure><img decoding=\"async\" src=\"http:\/\/noticiasbahia360.com.br\/wp-content\/uploads\/2025\/04\/Pesquisa-do-Procon-aponta-variacao-nos-precos-dos-alimentos-da-Semana-Santa-em-Feira-de-Santana.jpg\" alt=\"Pesquisa do Procon aponta varia\u00e7\u00e3o nos pre\u00e7os dos alimentos da Semana Santa em Feira de Santana\"><figcaption>Foto: Jorge Magalh\u00e3es\/Secom<\/figcaption><\/figure>\n<\/div>\n<p>Com a proximidade da Semana Santa, os consumidores de <a href=\"https:\/\/www.acordacidade.com.br\/feira-de-santana\/\">Feira de Santana<\/a> j\u00e1 come\u00e7am a buscar os principais itens da ceia pascal. Para auxiliar nessa escolha, o Procon realizou uma pesquisa de pre\u00e7os entre os dias 28 e 31 de mar\u00e7o, abrangendo supermercados, atacadistas e feiras livres da cidade. O levantamento revelou varia\u00e7\u00f5es expressivas nos valores dos produtos mais procurados, como azeite, leite de coco, peixes e frutos do mar.<\/p>\n<p>De acordo com a pesquisa, o pre\u00e7o do quilo do peixe tipo bacalhau Saithe, por exemplo, pode ser encontrado a partir de R$ 46,80 em alguns estabelecimentos, enquanto em outros chega a R$ 79,90, uma diferen\u00e7a significativa para o bolso do consumidor. A corvina inteira, outro peixe bastante consumido nesta \u00e9poca, tem pre\u00e7os variando entre R$ 21,99 e R$ 32,99 por quilo.<\/p>\n<p>O leite de coco, essencial para receitas como moquecas e vatap\u00e1s, tamb\u00e9m apresentou diferen\u00e7as consider\u00e1veis. O produto de 200 ml pode ser encontrado a partir de R$ 2,15, mas em alguns locais chega a custar R$ 11,99. J\u00e1 o azeite de dend\u00ea de 500 ml, indispens\u00e1vel no preparo dos pratos t\u00edpicos, varia entre R$ 6,00 e R$ 10,00.<\/p>\n<p>Al\u00e9m dos supermercados, os consumidores podem encontrar os alimentos da Semana Santa em feiras livres e mercados populares, como os da Rua Marechal Deodoro e do Centro de Abastecimento, onde os pre\u00e7os costumam ser mais acess\u00edveis. Por exemplo, o camar\u00e3o seco (1 kg) varia de R$ 35,00 a R$ 50,00, o amendoim (litro) de R$ 10,00 a R$ 15,00, e o vinho nacional P\u00e9rgola (1 litro) de R$ 23,00 a R$ 27,49.<\/p>\n<p><a href=\"https:\/\/feiradesantana.ba.gov.br\/arquivos\/2595938WA02042025.pdf\">Confira a pesquisa na \u00edntegra<\/a><\/p>\n<p>Para o superintendente do Procon, Maur\u00edcio de Carvalho, essa pesquisa de pre\u00e7os dos alimentos da Semana Santa \u00e9 um importante facilitador para os consumidores feirenses.<\/p>\n<p>\u201cO levantamento permite que a popula\u00e7\u00e3o visualize onde encontrar os produtos pelo menor pre\u00e7o, economizando tempo e dinheiro. Esse trabalho tamb\u00e9m estimula o mercado, pois incentiva a concorr\u00eancia saud\u00e1vel entre os estabelecimentos\u201d, destacou.<\/p>\n<p>Diante da grande varia\u00e7\u00e3o de pre\u00e7os, a orienta\u00e7\u00e3o do Procon \u00e9 que os consumidores pesquisem antes de comprar, fiquem atentos \u00e0s promo\u00e7\u00f5es e evitem compras por impulso.<\/p>\n<p><em>Siga o Acorda Cidade no<\/em><a href=\"https:\/\/news.google.com\/search?q=acorda%20cidade&amp;hl=pt-BR&amp;gl=BR&amp;ceid=BR%3Apt-419\"><strong><em>\u00a0Google Not\u00edcias<\/em><\/strong><\/a><em>\u00a0e receba os principais destaques do dia. Participe tamb\u00e9m dos nossos canais no\u00a0<\/em><a href=\"https:\/\/whatsapp.com\/channel\/0029Va6Rb4v3WHTNnsh8WI3N\"><strong><em>WhatsApp<\/em><\/strong><\/a><em>\u00a0e\u00a0<\/em><a href=\"https:\/\/www.youtube.com\/@acordacidadenoticias\/videos\"><strong>Youtube<\/strong><\/a><em>\u00a0e grupo de\u00a0<\/em><a href=\"https:\/\/t.me\/+sSz0khrgARA0ZmRh\"><strong><em>Telegram<\/em><\/strong><\/a><em>.<\/em><\/p>\n<\/div>\n","protected":false},"excerpt":{"rendered":"<div>\n<div>\n<figure><img decoding=\"async\" src=\"https:\/\/uploads.acordacidade.com.br\/2025\/04\/Pesquisa-do-Procon-aponta-variacao-nos-precos-dos-alimentos-da-Semana-Santa-em-Feira-de-Santana.jpg\" alt=\"Pesquisa do Procon aponta varia\u00e7\u00e3o nos pre\u00e7os dos alimentos da Semana Santa em Feira de Santana\"><figcaption>Foto: Jorge Magalh\u00e3es\/Secom<\/figcaption><\/figure>\n<\/div>\n<p>O levantamento revelou varia\u00e7\u00f5es expressivas nos valores dos produtos mais procurados<\/p><\/div>\n","protected":false},"author":1,"featured_media":80859,"comment_status":"closed","ping_status":"closed","sticky":false,"template":"","format":"gallery","meta":{"footnotes":""},"categories":[8,9,6,57,56,10],"tags":[],"class_list":["post-80858","post","type-post","status-publish","format-gallery","has-post-thumbnail","hentry","category-bahia","category-brasil","category-feira-de-santana","category-mundo","category-policia","category-politica","post_format-post-format-gallery"],"featured_image_urls":{"full":["https:\/\/noticiasbahia360.com.br\/wp-content\/uploads\/2025\/04\/Pesquisa-do-Procon-aponta-variacao-nos-precos-dos-alimentos-da-Semana-Santa-em-Feira-de-Santana.jpg",1200,799,false],"thumbnail":["https:\/\/noticiasbahia360.com.br\/wp-content\/uploads\/2025\/04\/Pesquisa-do-Procon-aponta-variacao-nos-precos-dos-alimentos-da-Semana-Santa-em-Feira-de-Santana-150x150.jpg",150,150,true],"medium":["https:\/\/noticiasbahia360.com.br\/wp-content\/uploads\/2025\/04\/Pesquisa-do-Procon-aponta-variacao-nos-precos-dos-alimentos-da-Semana-Santa-em-Feira-de-Santana-300x200.jpg",300,200,true],"medium_large":["https:\/\/noticiasbahia360.com.br\/wp-content\/uploads\/2025\/04\/Pesquisa-do-Procon-aponta-variacao-nos-precos-dos-alimentos-da-Semana-Santa-em-Feira-de-Santana-768x511.jpg",640,426,true],"large":["https:\/\/noticiasbahia360.com.br\/wp-content\/uploads\/2025\/04\/Pesquisa-do-Procon-aponta-variacao-nos-precos-dos-alimentos-da-Semana-Santa-em-Feira-de-Santana-1024x682.jpg",640,426,true],"1536x1536":["https:\/\/noticiasbahia360.com.br\/wp-content\/uploads\/2025\/04\/Pesquisa-do-Procon-aponta-variacao-nos-precos-dos-alimentos-da-Semana-Santa-em-Feira-de-Santana.jpg",1200,799,false],"2048x2048":["https:\/\/noticiasbahia360.com.br\/wp-content\/uploads\/2025\/04\/Pesquisa-do-Procon-aponta-variacao-nos-precos-dos-alimentos-da-Semana-Santa-em-Feira-de-Santana.jpg",1200,799,false],"chromenews-featured":["https:\/\/noticiasbahia360.com.br\/wp-content\/uploads\/2025\/04\/Pesquisa-do-Procon-aponta-variacao-nos-precos-dos-alimentos-da-Semana-Santa-em-Feira-de-Santana-1024x682.jpg",1024,682,true],"chromenews-large":["https:\/\/noticiasbahia360.com.br\/wp-content\/uploads\/2025\/04\/Pesquisa-do-Procon-aponta-variacao-nos-precos-dos-alimentos-da-Semana-Santa-em-Feira-de-Santana-825x575.jpg",825,575,true],"chromenews-medium":["https:\/\/noticiasbahia360.com.br\/wp-content\/uploads\/2025\/04\/Pesquisa-do-Procon-aponta-variacao-nos-precos-dos-alimentos-da-Semana-Santa-em-Feira-de-Santana-590x410.jpg",590,410,true]},"author_info":{"display_name":"noticiasbahia360.com.br","author_link":"https:\/\/noticiasbahia360.com.br\/?author=1"},"category_info":"<a href=\"https:\/\/noticiasbahia360.com.br\/?cat=8\" rel=\"category\">Bahia<\/a> <a href=\"https:\/\/noticiasbahia360.com.br\/?cat=9\" rel=\"category\">Brasil<\/a> <a href=\"https:\/\/noticiasbahia360.com.br\/?cat=6\" rel=\"category\">Feira de Santana<\/a> <a href=\"https:\/\/noticiasbahia360.com.br\/?cat=57\" rel=\"category\">Mundo<\/a> <a href=\"https:\/\/noticiasbahia360.com.br\/?cat=56\" rel=\"category\">Pol\u00edcia<\/a> <a href=\"https:\/\/noticiasbahia360.com.br\/?cat=10\" rel=\"category\">Pol\u00edtica<\/a>","tag_info":"Pol\u00edtica","comment_count":"0","_links":{"self":[{"href":"https:\/\/noticiasbahia360.com.br\/index.php?rest_route=\/wp\/v2\/posts\/80858","targetHints":{"allow":["GET"]}}],"collection":[{"href":"https:\/\/noticiasbahia360.com.br\/index.php?rest_route=\/wp\/v2\/posts"}],"about":[{"href":"https:\/\/noticiasbahia360.com.br\/index.php?rest_route=\/wp\/v2\/types\/post"}],"author":[{"embeddable":true,"href":"https:\/\/noticiasbahia360.com.br\/index.php?rest_route=\/wp\/v2\/users\/1"}],"replies":[{"embeddable":true,"href":"https:\/\/noticiasbahia360.com.br\/index.php?rest_route=%2Fwp%2Fv2%2Fcomments&post=80858"}],"version-history":[{"count":0,"href":"https:\/\/noticiasbahia360.com.br\/index.php?rest_route=\/wp\/v2\/posts\/80858\/revisions"}],"wp:featuredmedia":[{"embeddable":true,"href":"https:\/\/noticiasbahia360.com.br\/index.php?rest_route=\/wp\/v2\/media\/80859"}],"wp:attachment":[{"href":"https:\/\/noticiasbahia360.com.br\/index.php?rest_route=%2Fwp%2Fv2%2Fmedia&parent=80858"}],"wp:term":[{"taxonomy":"category","embeddable":true,"href":"https:\/\/noticiasbahia360.com.br\/index.php?rest_route=%2Fwp%2Fv2%2Fcategories&post=80858"},{"taxonomy":"post_tag","embeddable":true,"href":"https:\/\/noticiasbahia360.com.br\/index.php?rest_route=%2Fwp%2Fv2%2Ftags&post=80858"}],"curies":[{"name":"wp","href":"https:\/\/api.w.org\/{rel}","templated":true}]}}