{"id":80862,"date":"2025-04-02T16:07:18","date_gmt":"2025-04-02T19:07:18","guid":{"rendered":"https:\/\/noticiasbahia360.com.br\/?p=80862"},"modified":"2025-04-02T16:07:18","modified_gmt":"2025-04-02T19:07:18","slug":"ultimo-dia-para-inscricoes-de-blocos-grupos-culturais-e-points-universitarios-participarem-da-micareta-e-esquenta-2025","status":"publish","type":"post","link":"https:\/\/noticiasbahia360.com.br\/?p=80862","title":{"rendered":"\u00daltimo dia para inscri\u00e7\u00f5es de Blocos, Grupos Culturais e Points Universit\u00e1rios participarem da Micareta e Esquenta 2025"},"content":{"rendered":"<div>\n<div>\n<figure><img decoding=\"async\" src=\"http:\/\/noticiasbahia360.com.br\/wp-content\/uploads\/2025\/04\/hhMYJkA6-Micareta-de-Feira-blocos-afros.webp\" alt=\"Micareta de Feira\"><figcaption> Foto: Sara Silva<\/figcaption><\/figure>\n<\/div>\n<p>Esta quarta-feira (2) \u00e9 o \u00faltimo dia para inscri\u00e7\u00e3o de blocos, grupos culturais, entidades micaretescas e interessados em points universit\u00e1rios se inscreverem para participar da <a href=\"https:\/\/www.acordacidade.com.br\/tag\/micareta-de-feira\/\">Micareta de Feira<\/a> 2025, que acontece entre os dias 1\u00ba e 4 de maio, e no Esquenta Micareta, tradicional evento pr\u00e9-micaretesco, que ocorrer\u00e1 em 27 de abril, na avenida Fraga Maia.<\/p>\n<p>As inscri\u00e7\u00f5es, que foram iniciadas na \u00faltima semana, podem ser feitas no hor\u00e1rio das 9h \u00e0s 12h e das 14h \u00e0s 17h, na sede da Secretaria Municipal de Cultura, Esporte e Lazer, localizada na Rua Estados Unidos, n\u00ba 37, Kalil\u00e2ndia.<\/p>\n<p><strong>Bloquinhos de rua micaretescos e grupos culturais alternativos para o Esquenta Micareta<\/strong><\/p>\n<p>Para formalizar a inscri\u00e7\u00e3o, \u00e9 necess\u00e1rio apresentar os seguintes documentos:<\/p>\n<ul class=\"wp-block-list\">\n<li>\u2013 Of\u00edcio solicitando a inscri\u00e7\u00e3o<\/li>\n<li>\u2013 Nome da banda ou grupo e o estilo musical a ser apresentado<\/li>\n<li>\u2013 Quantidade de participantes prevista<\/li>\n<li>\u2013 Hor\u00e1rio proposto para o desfile<\/li>\n<li>\u2013 Identifica\u00e7\u00e3o do respons\u00e1vel, com RG, CPF e contato telef\u00f4nico<\/li>\n<li>\u2013 Comprovante de resid\u00eancia<\/li>\n<\/ul>\n<p>O desfile dos blocos e grupos culturais ser\u00e1 realizado no circuito da Avenida Fraga Maia e ter\u00e1 um tempo m\u00e1ximo de 40 minutos. Caso algum bloco ou grupo ultrapasse o tempo limite ou se atrase, ser\u00e1 deslocado para o final da fila e desfilar\u00e1 apenas se houver disponibilidade de hor\u00e1rio. N\u00e3o ser\u00e1 permitido o uso de trios el\u00e9tricos, mini trios ou carros de som.<\/p>\n<p><strong>Blocos de Rua e Entidades Micaretescas para a Micareta<\/strong><\/p>\n<p>Os respons\u00e1veis devem apresentar:<\/p>\n<ul class=\"wp-block-list\">\n<li>\u2013 Pedido de inscri\u00e7\u00e3o com a solicita\u00e7\u00e3o do dia e hor\u00e1rio do desfile, al\u00e9m de informar a previs\u00e3o de associados ou participantes do bloco.<\/li>\n<li>\u2013 Blocos com Trio El\u00e9trico ou Mini Trio dever\u00e3o apresentar o auto de vistoria pr\u00e9via emitido pelos \u00f3rg\u00e3os competentes de Transporte e Tr\u00e2nsito, al\u00e9m de garantir que os ve\u00edculos estejam em conformidade com as normas da Superintend\u00eancia Municipal de Transporte e Tr\u00e2nsito.<\/li>\n<li>\u2013 Para Blocos de Trio El\u00e9trico, tamb\u00e9m ser\u00e1 necess\u00e1rio apresentar a c\u00f3pia do contrato da atra\u00e7\u00e3o que puxar\u00e1 o bloco, assim como a documenta\u00e7\u00e3o do trio el\u00e9trico e carro de apoio.<\/li>\n<\/ul>\n<p>Al\u00e9m disso, \u00e9 preciso formalizar o compromisso de seguir a programa\u00e7\u00e3o definida pela Secretaria Municipal de Cultura, Esporte e Lazer. Ap\u00f3s a an\u00e1lise do pedido, a SECEL emitir\u00e1 uma autoriza\u00e7\u00e3o confirmando a data e hor\u00e1rio do desfile.<\/p>\n<p>A Secretaria poder\u00e1 inserir atra\u00e7\u00f5es principais contratadas pelo munic\u00edpio entre os desfiles, de acordo com a conveni\u00eancia da administra\u00e7\u00e3o e da programa\u00e7\u00e3o estabelecida. Ser\u00e1 garantida a ordem das apresenta\u00e7\u00f5es dos blocos, intercalando trios el\u00e9tricos com artistas ou grupos musicais locais, conforme estabelecido pela Lei Municipal n\u00ba 393, de 1\u00ba de setembro de 2022. A medida visa incentivar a valoriza\u00e7\u00e3o da m\u00fasica e cultura local durante o evento. Em caso de atraso do desfile no circuito, o bloco perder\u00e1 a ordem de apresenta\u00e7\u00e3o e retornar\u00e1 ao final da fila, podendo desfilar apenas se houver disponibilidade de hor\u00e1rio.<\/p>\n<p><strong>Points Universit\u00e1rio da Micareta de Feira<\/strong><\/p>\n<p>O uso do espa\u00e7o \u00e9 gratuito, mas os interessados dever\u00e3o apresentar alguns documentos espec\u00edficos para garantir a participa\u00e7\u00e3o, como:<\/p>\n<ul class=\"wp-block-list\">\n<li>\u2013 Of\u00edcio da Coordena\u00e7\u00e3o do Curso: Para comprova\u00e7\u00e3o de que 2025 \u00e9 o ano de cola\u00e7\u00e3o de grau, com os dados dos alunos respons\u00e1veis pela Comiss\u00e3o de Formatura, incluindo nome, telefone e matr\u00edcula.<\/li>\n<li>\u2013 Documentos Pessoais: C\u00f3pia do documento de identifica\u00e7\u00e3o com foto e CPF dos respons\u00e1veis pela Comiss\u00e3o de Formatura.<\/li>\n<\/ul>\n<p>Nos points, s\u00e3o proibidas apresenta\u00e7\u00f5es com shows mec\u00e2nicos ou ao vivo durante o trajeto do trio el\u00e9trico, tamb\u00e9m n\u00e3o ser\u00e1 permitida a instala\u00e7\u00e3o de ilumina\u00e7\u00e3o c\u00eanica ou sanit\u00e1rios qu\u00edmicos dentro do espa\u00e7o e o fechamento das barracas. Al\u00e9m disso, a Comiss\u00e3o de Formatura ser\u00e1 respons\u00e1vel pela instala\u00e7\u00e3o de pontos de energia para os equipamentos e pela manuten\u00e7\u00e3o da limpeza do local.<\/p>\n<p><em>Com informa\u00e7\u00f5es da Secretaria Municipal de Comunica\u00e7\u00e3o Social (Secom)<\/em><\/p>\n<p><em>Siga o Acorda Cidade no<\/em><a href=\"https:\/\/news.google.com\/search?q=acorda%20cidade&amp;hl=pt-BR&amp;gl=BR&amp;ceid=BR%3Apt-419\"><strong><em>\u00a0Google Not\u00edcias<\/em><\/strong><\/a><em>\u00a0e receba os principais destaques do dia. Participe tamb\u00e9m dos nossos canais no\u00a0<\/em><a href=\"https:\/\/whatsapp.com\/channel\/0029Va6Rb4v3WHTNnsh8WI3N\"><strong><em>WhatsApp<\/em><\/strong><\/a><em>\u00a0e\u00a0<\/em><a href=\"https:\/\/www.youtube.com\/@acordacidadenoticias\/videos\"><strong>Youtube<\/strong><\/a><em>\u00a0e grupo de\u00a0<\/em><a href=\"https:\/\/t.me\/+sSz0khrgARA0ZmRh\"><strong><em>Telegram<\/em><\/strong><\/a><em>.<\/em><\/p>\n<\/div>\n","protected":false},"excerpt":{"rendered":"<div>\n<div>\n<figure><img decoding=\"async\" src=\"https:\/\/uploads.acordacidade.com.br\/2025\/04\/hhMYJkA6-Micareta-de-Feira-blocos-afros.webp\" alt=\"Micareta de Feira\"><figcaption> Foto: Sara Silva<\/figcaption><\/figure>\n<\/div>\n<p>Interessados devem ir \u00e0 sede da Secretaria Municipal de Cultura, Esporte e Lazer, localizada na Rua Estados Unidos, n\u00ba 37.<\/p><\/div>\n","protected":false},"author":1,"featured_media":80863,"comment_status":"closed","ping_status":"closed","sticky":false,"template":"","format":"gallery","meta":{"footnotes":""},"categories":[8,9,6,57,56,10],"tags":[],"class_list":["post-80862","post","type-post","status-publish","format-gallery","has-post-thumbnail","hentry","category-bahia","category-brasil","category-feira-de-santana","category-mundo","category-policia","category-politica","post_format-post-format-gallery"],"featured_image_urls":{"full":["https:\/\/noticiasbahia360.com.br\/wp-content\/uploads\/2025\/04\/hhMYJkA6-Micareta-de-Feira-blocos-afros.webp",1200,702,false],"thumbnail":["https:\/\/noticiasbahia360.com.br\/wp-content\/uploads\/2025\/04\/hhMYJkA6-Micareta-de-Feira-blocos-afros-150x150.webp",150,150,true],"medium":["https:\/\/noticiasbahia360.com.br\/wp-content\/uploads\/2025\/04\/hhMYJkA6-Micareta-de-Feira-blocos-afros-300x176.webp",300,176,true],"medium_large":["https:\/\/noticiasbahia360.com.br\/wp-content\/uploads\/2025\/04\/hhMYJkA6-Micareta-de-Feira-blocos-afros-768x449.webp",640,374,true],"large":["https:\/\/noticiasbahia360.com.br\/wp-content\/uploads\/2025\/04\/hhMYJkA6-Micareta-de-Feira-blocos-afros-1024x599.webp",640,374,true],"1536x1536":["https:\/\/noticiasbahia360.com.br\/wp-content\/uploads\/2025\/04\/hhMYJkA6-Micareta-de-Feira-blocos-afros.webp",1200,702,false],"2048x2048":["https:\/\/noticiasbahia360.com.br\/wp-content\/uploads\/2025\/04\/hhMYJkA6-Micareta-de-Feira-blocos-afros.webp",1200,702,false],"chromenews-featured":["https:\/\/noticiasbahia360.com.br\/wp-content\/uploads\/2025\/04\/hhMYJkA6-Micareta-de-Feira-blocos-afros-1024x599.webp",1024,599,true],"chromenews-large":["https:\/\/noticiasbahia360.com.br\/wp-content\/uploads\/2025\/04\/hhMYJkA6-Micareta-de-Feira-blocos-afros-825x575.webp",825,575,true],"chromenews-medium":["https:\/\/noticiasbahia360.com.br\/wp-content\/uploads\/2025\/04\/hhMYJkA6-Micareta-de-Feira-blocos-afros-590x410.webp",590,410,true]},"author_info":{"display_name":"noticiasbahia360.com.br","author_link":"https:\/\/noticiasbahia360.com.br\/?author=1"},"category_info":"<a href=\"https:\/\/noticiasbahia360.com.br\/?cat=8\" rel=\"category\">Bahia<\/a> <a href=\"https:\/\/noticiasbahia360.com.br\/?cat=9\" rel=\"category\">Brasil<\/a> <a href=\"https:\/\/noticiasbahia360.com.br\/?cat=6\" rel=\"category\">Feira de Santana<\/a> <a href=\"https:\/\/noticiasbahia360.com.br\/?cat=57\" rel=\"category\">Mundo<\/a> <a href=\"https:\/\/noticiasbahia360.com.br\/?cat=56\" rel=\"category\">Pol\u00edcia<\/a> <a href=\"https:\/\/noticiasbahia360.com.br\/?cat=10\" rel=\"category\">Pol\u00edtica<\/a>","tag_info":"Pol\u00edtica","comment_count":"0","_links":{"self":[{"href":"https:\/\/noticiasbahia360.com.br\/index.php?rest_route=\/wp\/v2\/posts\/80862","targetHints":{"allow":["GET"]}}],"collection":[{"href":"https:\/\/noticiasbahia360.com.br\/index.php?rest_route=\/wp\/v2\/posts"}],"about":[{"href":"https:\/\/noticiasbahia360.com.br\/index.php?rest_route=\/wp\/v2\/types\/post"}],"author":[{"embeddable":true,"href":"https:\/\/noticiasbahia360.com.br\/index.php?rest_route=\/wp\/v2\/users\/1"}],"replies":[{"embeddable":true,"href":"https:\/\/noticiasbahia360.com.br\/index.php?rest_route=%2Fwp%2Fv2%2Fcomments&post=80862"}],"version-history":[{"count":0,"href":"https:\/\/noticiasbahia360.com.br\/index.php?rest_route=\/wp\/v2\/posts\/80862\/revisions"}],"wp:featuredmedia":[{"embeddable":true,"href":"https:\/\/noticiasbahia360.com.br\/index.php?rest_route=\/wp\/v2\/media\/80863"}],"wp:attachment":[{"href":"https:\/\/noticiasbahia360.com.br\/index.php?rest_route=%2Fwp%2Fv2%2Fmedia&parent=80862"}],"wp:term":[{"taxonomy":"category","embeddable":true,"href":"https:\/\/noticiasbahia360.com.br\/index.php?rest_route=%2Fwp%2Fv2%2Fcategories&post=80862"},{"taxonomy":"post_tag","embeddable":true,"href":"https:\/\/noticiasbahia360.com.br\/index.php?rest_route=%2Fwp%2Fv2%2Ftags&post=80862"}],"curies":[{"name":"wp","href":"https:\/\/api.w.org\/{rel}","templated":true}]}}