{"id":80864,"date":"2025-04-02T16:28:03","date_gmt":"2025-04-02T19:28:03","guid":{"rendered":"https:\/\/noticiasbahia360.com.br\/?p=80864"},"modified":"2025-04-02T16:28:03","modified_gmt":"2025-04-02T19:28:03","slug":"shopping-boulevard-disponibiliza-crachas-de-identificacao-para-pessoas-autistas","status":"publish","type":"post","link":"https:\/\/noticiasbahia360.com.br\/?p=80864","title":{"rendered":"Shopping Boulevard disponibiliza crach\u00e1s de identifica\u00e7\u00e3o para pessoas autistas"},"content":{"rendered":"<div>\n<div>\n<figure><img decoding=\"async\" src=\"http:\/\/noticiasbahia360.com.br\/wp-content\/uploads\/2025\/04\/ENGKPI5v-Abril-Azul-Shopping-Boulevard-ft-ney-silva-acorda-cidade.webp\" alt=\"pessoas autistas\"><figcaption>Foto: Ney Silva\/Acorda Cidade<\/figcaption><\/figure>\n<\/div>\n<p>Neste Dia Mundial de Conscientiza\u00e7\u00e3o do Autismo, dia 2 abril, o Shopping Boulevard de Feira de Santana preparou uma a\u00e7\u00e3o importante para atender as pessoas que convivem com Transtorno do Espectro Autista (TEA). O espa\u00e7o est\u00e1 realizando a confec\u00e7\u00e3o gratuita de crach\u00e1s de identifica\u00e7\u00e3o para as pessoas com o espectro nesta quarta-feira (2), das 9h \u00e0s 22h, em frente \u00e0 loja Inovathi.<\/p>\n<p><strong>O crach\u00e1 oficial, a Carteira de Identifica\u00e7\u00e3o para Pessoas com Transtorno do Espectro Autismo (Ciptea), pode ser realizado atrav\u00e9s do site <a href=\"https:\/\/autismo.feiradesantana.ba.gov.br\/\" target=\"_blank\" rel=\"noreferrer noopener\">autismo.feiradesantana.ba.gov.br<\/a>. <a href=\"https:\/\/www.acordacidade.com.br\/feira-de-santana\/prefeitura-lanca-site-para-emissao-virtual-da-carteira-para-pessoas-autistas\/\" target=\"_blank\" rel=\"noreferrer noopener\">Saiba mais aqui.<\/a><\/strong><\/p>\n<figure class=\"wp-block-image size-large\"><img fetchpriority=\"high\" fetchpriority=\"high\" decoding=\"async\" width=\"1024\" height=\"566\" src=\"http:\/\/noticiasbahia360.com.br\/wp-content\/uploads\/2025\/04\/6F5R8pRj-Abril-Azul-Shopping-Boulevard-ft-ney-silva-acorda-cidade2-1024x566-1.webp\" alt=\"pessoas autistas\" class=\"wp-image-518116\" srcset=\"https:\/\/uploads.acordacidade.com.br\/2025\/04\/6F5R8pRj-Abril-Azul-Shopping-Boulevard-ft-ney-silva-acorda-cidade2-300x166.webp 300w, http:\/\/noticiasbahia360.com.br\/wp-content\/uploads\/2025\/04\/6F5R8pRj-Abril-Azul-Shopping-Boulevard-ft-ney-silva-acorda-cidade2-1024x566-1.webp 1024w, https:\/\/uploads.acordacidade.com.br\/2025\/04\/6F5R8pRj-Abril-Azul-Shopping-Boulevard-ft-ney-silva-acorda-cidade2-768x424.webp 768w, https:\/\/uploads.acordacidade.com.br\/2025\/04\/6F5R8pRj-Abril-Azul-Shopping-Boulevard-ft-ney-silva-acorda-cidade2-150x83.webp 150w, https:\/\/uploads.acordacidade.com.br\/2025\/04\/6F5R8pRj-Abril-Azul-Shopping-Boulevard-ft-ney-silva-acorda-cidade2.webp 1200w\" sizes=\"(max-width: 1024px) 100vw, 1024px\"><figcaption class=\"wp-element-caption\">Foto: Ney Silva\/Acorda Cidade<\/figcaption><\/figure>\n<p>Pela segunda vez, a campanha Abril Azul traz a iniciativa para Shopping Boulevard com o objetivo de promover a inclus\u00e3o e ampliar a conscientiza\u00e7\u00e3o sobre a causa. Assim como no ano passado, ser\u00e3o disponibilizados 200 crach\u00e1s que ajudam na identifica\u00e7\u00e3o das pessoas com TEA. A expectativa \u00e9 que dure at\u00e9 o final do dia, mas caso a demanda ultrapasse a quantidade, a pessoa ser\u00e1 cadastrada e depois pega o crach\u00e1.<\/p>\n<figure class=\"wp-block-image size-large\"><img decoding=\"async\" width=\"1024\" height=\"583\" src=\"http:\/\/noticiasbahia360.com.br\/wp-content\/uploads\/2025\/04\/i5LF1yhw-Abril-Azul-Shopping-Boulevard-ft-ney-silva-acorda-cidade5-1024x583-1.webp\" alt=\"pessoas autistas\" class=\"wp-image-518113\" srcset=\"https:\/\/uploads.acordacidade.com.br\/2025\/04\/i5LF1yhw-Abril-Azul-Shopping-Boulevard-ft-ney-silva-acorda-cidade5-300x171.webp 300w, http:\/\/noticiasbahia360.com.br\/wp-content\/uploads\/2025\/04\/i5LF1yhw-Abril-Azul-Shopping-Boulevard-ft-ney-silva-acorda-cidade5-1024x583-1.webp 1024w, https:\/\/uploads.acordacidade.com.br\/2025\/04\/i5LF1yhw-Abril-Azul-Shopping-Boulevard-ft-ney-silva-acorda-cidade5-768x437.webp 768w, https:\/\/uploads.acordacidade.com.br\/2025\/04\/i5LF1yhw-Abril-Azul-Shopping-Boulevard-ft-ney-silva-acorda-cidade5-150x85.webp 150w, https:\/\/uploads.acordacidade.com.br\/2025\/04\/i5LF1yhw-Abril-Azul-Shopping-Boulevard-ft-ney-silva-acorda-cidade5.webp 1200w\" sizes=\"(max-width: 1024px) 100vw, 1024px\"><figcaption class=\"wp-element-caption\">Foto: Ney Silva\/Acorda Cidade<\/figcaption><\/figure>\n<p>Para adquirir o benef\u00edcio, as pessoas devem apresentar o laudo m\u00e9dico que comprove o diagn\u00f3stico de TEA, a Carteira de Identidade e o CPF do pessoa com autismo e do respons\u00e1vel por ele, caso ainda seja menor de idade. Tamb\u00e9m \u00e9 necess\u00e1rio informar um e-mail. No mesmo dia os crach\u00e1s ser\u00e3o entregues.<\/p>\n<p>Dilma Alves, m\u00e3e do pequeno Yuri Benjamim, descobriu o espectro do filho aos dois anos e meio de idade. A m\u00e3e, que tem outros filhos de 18 e 22 anos, contou ao Acorda Cidade que levou a crian\u00e7a no neuropediatra porque a crian\u00e7a tinha TOC (Transtorno Obsessivo Compulsivo) com sujeira nas m\u00e3os.<\/p>\n<figure class=\"wp-block-image size-large\"><img decoding=\"async\" width=\"1024\" height=\"659\" src=\"http:\/\/noticiasbahia360.com.br\/wp-content\/uploads\/2025\/04\/HCtTPtyh-Abril-Azul-Shopping-Boulevard-ft-ney-silva-acorda-cidade7-1024x659-1.webp\" alt=\"pessoas autistas\" class=\"wp-image-518111\" srcset=\"https:\/\/uploads.acordacidade.com.br\/2025\/04\/HCtTPtyh-Abril-Azul-Shopping-Boulevard-ft-ney-silva-acorda-cidade7-300x193.webp 300w, http:\/\/noticiasbahia360.com.br\/wp-content\/uploads\/2025\/04\/HCtTPtyh-Abril-Azul-Shopping-Boulevard-ft-ney-silva-acorda-cidade7-1024x659-1.webp 1024w, https:\/\/uploads.acordacidade.com.br\/2025\/04\/HCtTPtyh-Abril-Azul-Shopping-Boulevard-ft-ney-silva-acorda-cidade7-768x494.webp 768w, https:\/\/uploads.acordacidade.com.br\/2025\/04\/HCtTPtyh-Abril-Azul-Shopping-Boulevard-ft-ney-silva-acorda-cidade7-150x97.webp 150w, https:\/\/uploads.acordacidade.com.br\/2025\/04\/HCtTPtyh-Abril-Azul-Shopping-Boulevard-ft-ney-silva-acorda-cidade7.webp 1200w\" sizes=\"(max-width: 1024px) 100vw, 1024px\"><figcaption class=\"wp-element-caption\">Foto: Ney Silva\/Acorda Cidade<\/figcaption><\/figure>\n<p>\u201cChegando l\u00e1, ela disse que era para fazer acompanhamento, e entre os acompanhamentos pediu para poder colocar na escola. E na escola foi que eles foram me dando esse feedback, porque na verdade eu n\u00e3o sabia nem o que era autismo\u201d.<\/p>\n<figure class=\"wp-block-image size-large\"><img decoding=\"async\" width=\"1024\" height=\"608\" src=\"http:\/\/noticiasbahia360.com.br\/wp-content\/uploads\/2025\/04\/xqSt0mSy-Abril-Azul-Shopping-Boulevard-ft-ney-silva-acorda-cidade4-1024x608-1.webp\" alt=\"pessoas autistas\" class=\"wp-image-518114\" srcset=\"https:\/\/uploads.acordacidade.com.br\/2025\/04\/xqSt0mSy-Abril-Azul-Shopping-Boulevard-ft-ney-silva-acorda-cidade4-300x178.webp 300w, http:\/\/noticiasbahia360.com.br\/wp-content\/uploads\/2025\/04\/xqSt0mSy-Abril-Azul-Shopping-Boulevard-ft-ney-silva-acorda-cidade4-1024x608-1.webp 1024w, https:\/\/uploads.acordacidade.com.br\/2025\/04\/xqSt0mSy-Abril-Azul-Shopping-Boulevard-ft-ney-silva-acorda-cidade4-768x456.webp 768w, https:\/\/uploads.acordacidade.com.br\/2025\/04\/xqSt0mSy-Abril-Azul-Shopping-Boulevard-ft-ney-silva-acorda-cidade4-150x89.webp 150w, https:\/\/uploads.acordacidade.com.br\/2025\/04\/xqSt0mSy-Abril-Azul-Shopping-Boulevard-ft-ney-silva-acorda-cidade4.webp 1200w\" sizes=\"(max-width: 1024px) 100vw, 1024px\"><figcaption class=\"wp-element-caption\">Foto: Ney Silva\/Acorda Cidade<\/figcaption><\/figure>\n<p>Apesar de ser um desafio cuidar de uma crian\u00e7a com autismo, Dilma disse que sempre aprende um pouco mais como o filho. \u201c\u00c9 desafiador, mas \u00e9 muito gratificante porque a gente v\u00ea o avan\u00e7o dele a cada dia\u201d.<\/p>\n<h2 class=\"wp-block-heading\" id=\"h-importancia-do-uso-do-cracha\">Import\u00e2ncia do uso do crach\u00e1<\/h2>\n<p>O uso do crach\u00e1 \u00e9 de extrema import\u00e2ncia para facilitar o acesso a servi\u00e7os priorit\u00e1rios e trazer mais visibilidade para as pessoas com autismo. \u201cOnde ele estiver, quando a gente estiver indo em algum local, ser identificado pelo fato de que ele tem algum tipo de transtorno e ser respeitado, porque \u00e9 bem dif\u00edcil ser respeitado\u201d, afirmou a m\u00e3e.<\/p>\n<p>O gerente de Marketing do Shopping Boulevard, Andr\u00e9 Serra, tamb\u00e9m falou sobre a import\u00e2ncia da a\u00e7\u00e3o para trazer mais visibilidade para as pessoas com TEA.<\/p>\n<p>\u201cA pessoa com a condi\u00e7\u00e3o do Transtorno do Espectro Autista, n\u00e3o \u00e9 t\u00e3o vis\u00edvel a condi\u00e7\u00e3o dela e as outras pessoas n\u00e3o entendem. Ent\u00e3o \u00e9 uma forma da gente identificar para que a pessoa possa ter uma experi\u00eancia, um relacionamento melhor com toda a comunidade\u201d.<\/p>\n<figure class=\"wp-block-image size-large\"><img loading=\"lazy\" decoding=\"async\" width=\"1024\" height=\"617\" src=\"http:\/\/noticiasbahia360.com.br\/wp-content\/uploads\/2025\/04\/ncsYKQCO-Abril-Azul-Shopping-Boulevard-ft-ney-silva-acorda-cidade1-1024x617-1.webp\" alt=\"pessoas autistas\" class=\"wp-image-518117\" srcset=\"https:\/\/uploads.acordacidade.com.br\/2025\/04\/ncsYKQCO-Abril-Azul-Shopping-Boulevard-ft-ney-silva-acorda-cidade1-300x181.webp 300w, http:\/\/noticiasbahia360.com.br\/wp-content\/uploads\/2025\/04\/ncsYKQCO-Abril-Azul-Shopping-Boulevard-ft-ney-silva-acorda-cidade1-1024x617-1.webp 1024w, https:\/\/uploads.acordacidade.com.br\/2025\/04\/ncsYKQCO-Abril-Azul-Shopping-Boulevard-ft-ney-silva-acorda-cidade1-768x463.webp 768w, https:\/\/uploads.acordacidade.com.br\/2025\/04\/ncsYKQCO-Abril-Azul-Shopping-Boulevard-ft-ney-silva-acorda-cidade1-150x90.webp 150w, https:\/\/uploads.acordacidade.com.br\/2025\/04\/ncsYKQCO-Abril-Azul-Shopping-Boulevard-ft-ney-silva-acorda-cidade1.webp 1200w\" sizes=\"(max-width: 1024px) 100vw, 1024px\"><figcaption class=\"wp-element-caption\">Foto: Ney Silva\/Acorda Cidade<\/figcaption><\/figure>\n<p>Andr\u00e9 refor\u00e7ou que o uso do crach\u00e1 pode ajudar no direito ao atendimento priorit\u00e1rio nos estabelecimentos e \u00f3rg\u00e3os p\u00fablicos. \u201c\u00c0s vezes as crian\u00e7as ficam muito agitadas em ambientes barulhentos. Ent\u00e3o, a identifica\u00e7\u00e3o ajuda a ir mais r\u00e1pido numa fila de restaurante, de cinema, de algum brinquedo. Tudo isso \u00e9 para facilitar um pouco o dia a dia, a vida delas\u201d.<\/p>\n<figure class=\"wp-block-image size-large\"><img loading=\"lazy\" decoding=\"async\" width=\"1024\" height=\"566\" src=\"http:\/\/noticiasbahia360.com.br\/wp-content\/uploads\/2025\/04\/DHRYD2Ns-Abril-Azul-Shopping-Boulevard-ft-ney-silva-acorda-cidade3-1024x566-1.webp\" alt=\"pessoas autistas\" class=\"wp-image-518115\" srcset=\"https:\/\/uploads.acordacidade.com.br\/2025\/04\/DHRYD2Ns-Abril-Azul-Shopping-Boulevard-ft-ney-silva-acorda-cidade3-300x166.webp 300w, http:\/\/noticiasbahia360.com.br\/wp-content\/uploads\/2025\/04\/DHRYD2Ns-Abril-Azul-Shopping-Boulevard-ft-ney-silva-acorda-cidade3-1024x566-1.webp 1024w, https:\/\/uploads.acordacidade.com.br\/2025\/04\/DHRYD2Ns-Abril-Azul-Shopping-Boulevard-ft-ney-silva-acorda-cidade3-768x424.webp 768w, https:\/\/uploads.acordacidade.com.br\/2025\/04\/DHRYD2Ns-Abril-Azul-Shopping-Boulevard-ft-ney-silva-acorda-cidade3-150x83.webp 150w, https:\/\/uploads.acordacidade.com.br\/2025\/04\/DHRYD2Ns-Abril-Azul-Shopping-Boulevard-ft-ney-silva-acorda-cidade3.webp 1200w\" sizes=\"(max-width: 1024px) 100vw, 1024px\"><figcaption class=\"wp-element-caption\">Foto: Ney Silva\/Acorda Cidade<\/figcaption><\/figure>\n<p>Em entrevista ao Acorda Cidade, a enfermeira Ayala Ribeiro tamb\u00e9m trouxe a import\u00e2ncia da iniciativa para a inclus\u00e3o das pessoas com autismo, principalmente no processo de socializa\u00e7\u00e3o. Ela, que tem uma filha com o espectro, percebeu o transtorno quando a filha ainda era um beb\u00ea.<\/p>\n<p>\u201cEla foi diagnosticada com um ano e seis meses, devido a um atraso para andar. Ela veio andar j\u00e1 a partir de um ano e seis meses. Essa iniciativa \u00e9 para fazer com que a gente consiga socializar mais nossas crian\u00e7as no meio das pessoas. Com o crach\u00e1 ela vai conseguir ser identificada agora\u201d.<\/p>\n<figure class=\"wp-block-image size-large\"><img loading=\"lazy\" decoding=\"async\" width=\"1024\" height=\"692\" src=\"http:\/\/noticiasbahia360.com.br\/wp-content\/uploads\/2025\/04\/kAazhrUT-Abril-Azul-Shopping-Boulevard-ft-ney-silva-acorda-cidade6-1024x692-1.webp\" alt=\"pessoas autistas\" class=\"wp-image-518112\" srcset=\"https:\/\/uploads.acordacidade.com.br\/2025\/04\/kAazhrUT-Abril-Azul-Shopping-Boulevard-ft-ney-silva-acorda-cidade6-300x203.webp 300w, http:\/\/noticiasbahia360.com.br\/wp-content\/uploads\/2025\/04\/kAazhrUT-Abril-Azul-Shopping-Boulevard-ft-ney-silva-acorda-cidade6-1024x692-1.webp 1024w, https:\/\/uploads.acordacidade.com.br\/2025\/04\/kAazhrUT-Abril-Azul-Shopping-Boulevard-ft-ney-silva-acorda-cidade6-768x519.webp 768w, https:\/\/uploads.acordacidade.com.br\/2025\/04\/kAazhrUT-Abril-Azul-Shopping-Boulevard-ft-ney-silva-acorda-cidade6-150x101.webp 150w, https:\/\/uploads.acordacidade.com.br\/2025\/04\/kAazhrUT-Abril-Azul-Shopping-Boulevard-ft-ney-silva-acorda-cidade6.webp 1200w\" sizes=\"(max-width: 1024px) 100vw, 1024px\"><figcaption class=\"wp-element-caption\">Foto: Ney Silva\/Acorda Cidade<\/figcaption><\/figure>\n<h2 class=\"wp-block-heading\" id=\"h-atencao-aos-sinais\">Aten\u00e7\u00e3o aos sinais<\/h2>\n<p>A m\u00e3e tamb\u00e9m alertou os pais e respons\u00e1veis para se atentar aos sinais, comportamentos que podem ser diferentes logo nos primeiros anos de vida.<\/p>\n<p>\u201c\u00c9 importante tamb\u00e9m para a gente procurar um neuropediatra ao perceber algum sinal, para um diagn\u00f3stico, ver um pr\u00f3 diagn\u00f3stico tamb\u00e9m, para ver o que pode ser feito, como pode ser tratado, como pode ser acolhido essa crian\u00e7a\u201d.<\/p>\n<p><em>Com informa\u00e7\u00f5es do rep\u00f3rter Ney Silva do Acorda Cidade<\/em><\/p>\n<p><strong>Leia tamb\u00e9m: <a href=\"https:\/\/www.acordacidade.com.br\/feira-de-santana\/prefeitura-lanca-site-para-emissao-virtual-da-carteira-para-pessoas-autistas\/\" target=\"_blank\" rel=\"noreferrer noopener\">Prefeitura lan\u00e7a site para emiss\u00e3o virtual da carteira para pessoas autistas<\/a><\/strong><\/p>\n<p><em>Siga o Acorda Cidade no<\/em><a href=\"https:\/\/news.google.com\/search?q=acorda%20cidade&amp;hl=pt-BR&amp;gl=BR&amp;ceid=BR%3Apt-419\"><strong><em>\u00a0Google Not\u00edcias<\/em><\/strong><\/a><em>\u00a0e receba os principais destaques do dia. Participe tamb\u00e9m dos nossos canais no\u00a0<\/em><a href=\"https:\/\/whatsapp.com\/channel\/0029Va6Rb4v3WHTNnsh8WI3N\"><strong><em>WhatsApp<\/em><\/strong><\/a><em>\u00a0e\u00a0<\/em><a href=\"https:\/\/www.youtube.com\/@acordacidadenoticias\/videos\"><strong>Youtube<\/strong><\/a><em>\u00a0e grupo de\u00a0<\/em><a href=\"https:\/\/t.me\/+sSz0khrgARA0ZmRh\"><strong><em>Telegram<\/em><\/strong><\/a><em>.<\/em><\/p>\n<\/div>\n","protected":false},"excerpt":{"rendered":"<div>\n<div>\n<figure><img decoding=\"async\" src=\"https:\/\/uploads.acordacidade.com.br\/2025\/04\/ENGKPI5v-Abril-Azul-Shopping-Boulevard-ft-ney-silva-acorda-cidade.webp\" alt=\"pessoas autistas\"><figcaption>Foto: Ney Silva\/Acorda Cidade<\/figcaption><\/figure>\n<\/div>\n<p>Assim como no ano passado, ser\u00e3o disponibilizados 200 crach\u00e1s que ajudam na identifica\u00e7\u00e3o das pessoas autistas.<\/p><\/div>\n","protected":false},"author":1,"featured_media":80865,"comment_status":"closed","ping_status":"closed","sticky":false,"template":"","format":"gallery","meta":{"footnotes":""},"categories":[8,9,6,57,56,10],"tags":[],"class_list":["post-80864","post","type-post","status-publish","format-gallery","has-post-thumbnail","hentry","category-bahia","category-brasil","category-feira-de-santana","category-mundo","category-policia","category-politica","post_format-post-format-gallery"],"featured_image_urls":{"full":["https:\/\/noticiasbahia360.com.br\/wp-content\/uploads\/2025\/04\/ENGKPI5v-Abril-Azul-Shopping-Boulevard-ft-ney-silva-acorda-cidade.webp",1200,754,false],"thumbnail":["https:\/\/noticiasbahia360.com.br\/wp-content\/uploads\/2025\/04\/ENGKPI5v-Abril-Azul-Shopping-Boulevard-ft-ney-silva-acorda-cidade-150x150.webp",150,150,true],"medium":["https:\/\/noticiasbahia360.com.br\/wp-content\/uploads\/2025\/04\/ENGKPI5v-Abril-Azul-Shopping-Boulevard-ft-ney-silva-acorda-cidade-300x189.webp",300,189,true],"medium_large":["https:\/\/noticiasbahia360.com.br\/wp-content\/uploads\/2025\/04\/ENGKPI5v-Abril-Azul-Shopping-Boulevard-ft-ney-silva-acorda-cidade-768x483.webp",640,403,true],"large":["https:\/\/noticiasbahia360.com.br\/wp-content\/uploads\/2025\/04\/ENGKPI5v-Abril-Azul-Shopping-Boulevard-ft-ney-silva-acorda-cidade-1024x643.webp",640,402,true],"1536x1536":["https:\/\/noticiasbahia360.com.br\/wp-content\/uploads\/2025\/04\/ENGKPI5v-Abril-Azul-Shopping-Boulevard-ft-ney-silva-acorda-cidade.webp",1200,754,false],"2048x2048":["https:\/\/noticiasbahia360.com.br\/wp-content\/uploads\/2025\/04\/ENGKPI5v-Abril-Azul-Shopping-Boulevard-ft-ney-silva-acorda-cidade.webp",1200,754,false],"chromenews-featured":["https:\/\/noticiasbahia360.com.br\/wp-content\/uploads\/2025\/04\/ENGKPI5v-Abril-Azul-Shopping-Boulevard-ft-ney-silva-acorda-cidade-1024x643.webp",1024,643,true],"chromenews-large":["https:\/\/noticiasbahia360.com.br\/wp-content\/uploads\/2025\/04\/ENGKPI5v-Abril-Azul-Shopping-Boulevard-ft-ney-silva-acorda-cidade-825x575.webp",825,575,true],"chromenews-medium":["https:\/\/noticiasbahia360.com.br\/wp-content\/uploads\/2025\/04\/ENGKPI5v-Abril-Azul-Shopping-Boulevard-ft-ney-silva-acorda-cidade-590x410.webp",590,410,true]},"author_info":{"display_name":"noticiasbahia360.com.br","author_link":"https:\/\/noticiasbahia360.com.br\/?author=1"},"category_info":"<a href=\"https:\/\/noticiasbahia360.com.br\/?cat=8\" rel=\"category\">Bahia<\/a> <a href=\"https:\/\/noticiasbahia360.com.br\/?cat=9\" rel=\"category\">Brasil<\/a> <a href=\"https:\/\/noticiasbahia360.com.br\/?cat=6\" rel=\"category\">Feira de Santana<\/a> <a href=\"https:\/\/noticiasbahia360.com.br\/?cat=57\" rel=\"category\">Mundo<\/a> <a href=\"https:\/\/noticiasbahia360.com.br\/?cat=56\" rel=\"category\">Pol\u00edcia<\/a> <a href=\"https:\/\/noticiasbahia360.com.br\/?cat=10\" rel=\"category\">Pol\u00edtica<\/a>","tag_info":"Pol\u00edtica","comment_count":"0","_links":{"self":[{"href":"https:\/\/noticiasbahia360.com.br\/index.php?rest_route=\/wp\/v2\/posts\/80864","targetHints":{"allow":["GET"]}}],"collection":[{"href":"https:\/\/noticiasbahia360.com.br\/index.php?rest_route=\/wp\/v2\/posts"}],"about":[{"href":"https:\/\/noticiasbahia360.com.br\/index.php?rest_route=\/wp\/v2\/types\/post"}],"author":[{"embeddable":true,"href":"https:\/\/noticiasbahia360.com.br\/index.php?rest_route=\/wp\/v2\/users\/1"}],"replies":[{"embeddable":true,"href":"https:\/\/noticiasbahia360.com.br\/index.php?rest_route=%2Fwp%2Fv2%2Fcomments&post=80864"}],"version-history":[{"count":0,"href":"https:\/\/noticiasbahia360.com.br\/index.php?rest_route=\/wp\/v2\/posts\/80864\/revisions"}],"wp:featuredmedia":[{"embeddable":true,"href":"https:\/\/noticiasbahia360.com.br\/index.php?rest_route=\/wp\/v2\/media\/80865"}],"wp:attachment":[{"href":"https:\/\/noticiasbahia360.com.br\/index.php?rest_route=%2Fwp%2Fv2%2Fmedia&parent=80864"}],"wp:term":[{"taxonomy":"category","embeddable":true,"href":"https:\/\/noticiasbahia360.com.br\/index.php?rest_route=%2Fwp%2Fv2%2Fcategories&post=80864"},{"taxonomy":"post_tag","embeddable":true,"href":"https:\/\/noticiasbahia360.com.br\/index.php?rest_route=%2Fwp%2Fv2%2Ftags&post=80864"}],"curies":[{"name":"wp","href":"https:\/\/api.w.org\/{rel}","templated":true}]}}