{"id":80873,"date":"2025-04-02T16:49:10","date_gmt":"2025-04-02T19:49:10","guid":{"rendered":"https:\/\/noticiasbahia360.com.br\/?p=80873"},"modified":"2025-04-02T16:49:10","modified_gmt":"2025-04-02T19:49:10","slug":"industria-de-papeis-abre-vagas-de-emprego-em-feira-de-santana","status":"publish","type":"post","link":"https:\/\/noticiasbahia360.com.br\/?p=80873","title":{"rendered":"Ind\u00fastria de pap\u00e9is abre vagas de emprego em Feira de Santana"},"content":{"rendered":"<div>\n<div>\n<figure><img decoding=\"async\" src=\"http:\/\/noticiasbahia360.com.br\/wp-content\/uploads\/2025\/04\/Bracell-Papeis-abre-vagas-de-emprego-em-Feira-de-Santana.jpg\" alt=\"Bracell Pap\u00e9is abre vagas de emprego em Feira de Santana\"><figcaption>Foto: Acervo Bracell Pap\u00e9is<\/figcaption><\/figure>\n<\/div>\n<p>A Bracell Pap\u00e9is, empresa do segmento de neg\u00f3cios de pap\u00e9is tissue da Bracell no Brasil e uma das maiores fabricantes do setor na regi\u00e3o Nordeste do pa\u00eds, est\u00e1 com duas <a href=\"https:\/\/www.acordacidade.com.br\/tag\/vagas-de-emprego\/\">vagas de emprego<\/a> abertas para a unidade na cidade de Feira de Santana. As oportunidades abertas pela ind\u00fastria de pap\u00e9is, voltadas tamb\u00e9m para pessoas com defici\u00eancia (PCD), s\u00e3o para analista de trade marketing s\u00eanior e eletricista de manuten\u00e7\u00e3o. Profissionais de ambos os sexos podem se inscrever, at\u00e9 o dia 8 de abril, mandando email para curriculo@bracellpapeis.com.br.<\/p>\n<p>De acordo com Grace Castro, gerente de Aquisi\u00e7\u00e3o de Talentos da ind\u00fastria de pap\u00e9is, os selecionados ter\u00e3o acesso a diversos benef\u00edcios oferecidos pela empresa, como plano m\u00e9dico e odontol\u00f3gico, cart\u00e3o alimenta\u00e7\u00e3o, refeit\u00f3rio na empresa, seguro de vida em grupo, conv\u00eanio farm\u00e1cia e pr\u00eamio de f\u00e9rias. \u201cOs colaboradores da Bracell Pap\u00e9is t\u00eam sal\u00e1rios compat\u00edveis com as respectivas fun\u00e7\u00f5es e a oportunidade de crescimento na empresa, al\u00e9m de participarem do Programa de Participa\u00e7\u00e3o nos Resultados (PPR)\u201d, afirma a gestora.<\/p>\n<h2 class=\"wp-block-heading\" id=\"h-confira-os-requisitos-exigidos\">Confira os requisitos exigidos:<\/h2>\n<p><strong>Analista de trade marketing s\u00eanior<\/strong><\/p>\n<ul class=\"wp-block-list\">\n<li>Gradua\u00e7\u00e3o completa em marketing, publicidade e propaganda ou \u00e1reas correlatas;<\/li>\n<li>Experi\u00eancia com os sistemas Mtrix, Scanntech ou Nielsen;<\/li>\n<li>Viv\u00eancia em desenvolvimento e implementa\u00e7\u00e3o de estrat\u00e9gias de trade marketing;<\/li>\n<li>Familiaridade com elabora\u00e7\u00e3o de relat\u00f3rios e apresenta\u00e7\u00f5es com an\u00e1lises estrat\u00e9gicas de mercado;<\/li>\n<li>Experi\u00eancia com canais de venda e entendimento da import\u00e2ncia do merchandising;<\/li>\n<li>Experi\u00eancia em monitoramento e an\u00e1lise de KPIs, como sell-in, sell-out, market share e distribui\u00e7\u00e3o num\u00e9rica;<\/li>\n<li>Excel avan\u00e7ado;<\/li>\n<li>E \u00e9 desej\u00e1vel ter conhecimento de ingl\u00eas.<\/li>\n<\/ul>\n<p><strong>Eletricista de manuten\u00e7\u00e3o<\/strong><\/p>\n<ul class=\"wp-block-list\">\n<li>Forma\u00e7\u00e3o t\u00e9cnica em eletrot\u00e9cnica, automa\u00e7\u00e3o ou eletroeletr\u00f4nica;<\/li>\n<li>Experi\u00eancia com manuten\u00e7\u00e3o preventiva, preditiva, corretiva em pain\u00e9is el\u00e9tricos de instala\u00e7\u00f5es industriais;<\/li>\n<li>Experi\u00eancia com troca e regulagem de componentes el\u00e9tricos, motores, PLC, sensores;<\/li>\n<li>E pr\u00e1tica com instala\u00e7\u00f5es e revis\u00e3o de sistemas el\u00e9tricos.<\/li>\n<\/ul>\n<h2 class=\"wp-block-heading\" id=\"h-sobre-a-bracell-papeis\">Sobre a Bracell Pap\u00e9is<\/h2>\n<p>A Bracell Pap\u00e9is \u00e9 o segmento de neg\u00f3cios de pap\u00e9is tissue da Bracell no Brasil e uma das maiores fabricantes do setor na regi\u00e3o Nordeste do pa\u00eds, com f\u00e1bricas nos munic\u00edpios de Feira de Santana e S\u00e3o Gon\u00e7alo dos Campos (BA) e Pombos (PE). Com mais de 1.500 colaboradores, a empresa est\u00e1 em expans\u00e3o tamb\u00e9m para o mercado do Centro-Oeste e Sudeste do Brasil, a multinacional conta com uma unidade do segmento em Len\u00e7\u00f3is Paulista (SP). Entre as linhas comercializadas no mercado local, a empresa est\u00e1 presente nas categorias de papel toalha, guardanapo, papel higi\u00eanico e fraldas infantis, com um amplo portf\u00f3lio no setor tissue professional. Para mais informa\u00e7\u00f5es, acesse: <a href=\"https:\/\/www.bracell.com\/nossos-negocios\/bracellpapeis\/\" target=\"_blank\" rel=\"noreferrer noopener\">https:\/\/www.bracell.com\/nossos-negocios\/bracellpapeis\/<\/a><\/p>\n<p><em>Siga o Acorda Cidade no<\/em><a href=\"https:\/\/news.google.com\/search?q=acorda%20cidade&amp;hl=pt-BR&amp;gl=BR&amp;ceid=BR%3Apt-419\"><strong><em>\u00a0Google Not\u00edcias<\/em><\/strong><\/a><em>\u00a0e receba os principais destaques do dia. Participe tamb\u00e9m dos nossos canais no\u00a0<\/em><a href=\"https:\/\/whatsapp.com\/channel\/0029Va6Rb4v3WHTNnsh8WI3N\"><strong><em>WhatsApp<\/em><\/strong><\/a><em>\u00a0e\u00a0<\/em><a href=\"https:\/\/www.youtube.com\/@acordacidadenoticias\/videos\"><strong>Youtube<\/strong><\/a><em>\u00a0e grupo de\u00a0<\/em><a href=\"https:\/\/t.me\/+sSz0khrgARA0ZmRh\"><strong><em>Telegram<\/em><\/strong><\/a><em>.<\/em><\/p>\n<\/div>\n","protected":false},"excerpt":{"rendered":"<div>\n<div>\n<figure><img decoding=\"async\" src=\"https:\/\/uploads.acordacidade.com.br\/2025\/04\/Bracell-Papeis-abre-vagas-de-emprego-em-Feira-de-Santana.jpg\" alt=\"Bracell Pap\u00e9is abre vagas de emprego em Feira de Santana\"><figcaption>Foto: Acervo Bracell Pap\u00e9is<\/figcaption><\/figure>\n<\/div>\n<p>As oportunidades s\u00e3o para analista de trade marketing s\u00eanior e eletricista de manuten\u00e7\u00e3o<\/p><\/div>\n","protected":false},"author":1,"featured_media":80874,"comment_status":"closed","ping_status":"closed","sticky":false,"template":"","format":"gallery","meta":{"footnotes":""},"categories":[8,9,6,57,56,10],"tags":[],"class_list":["post-80873","post","type-post","status-publish","format-gallery","has-post-thumbnail","hentry","category-bahia","category-brasil","category-feira-de-santana","category-mundo","category-policia","category-politica","post_format-post-format-gallery"],"featured_image_urls":{"full":["https:\/\/noticiasbahia360.com.br\/wp-content\/uploads\/2025\/04\/Bracell-Papeis-abre-vagas-de-emprego-em-Feira-de-Santana.jpg",1200,798,false],"thumbnail":["https:\/\/noticiasbahia360.com.br\/wp-content\/uploads\/2025\/04\/Bracell-Papeis-abre-vagas-de-emprego-em-Feira-de-Santana-150x150.jpg",150,150,true],"medium":["https:\/\/noticiasbahia360.com.br\/wp-content\/uploads\/2025\/04\/Bracell-Papeis-abre-vagas-de-emprego-em-Feira-de-Santana-300x200.jpg",300,200,true],"medium_large":["https:\/\/noticiasbahia360.com.br\/wp-content\/uploads\/2025\/04\/Bracell-Papeis-abre-vagas-de-emprego-em-Feira-de-Santana-768x511.jpg",640,426,true],"large":["https:\/\/noticiasbahia360.com.br\/wp-content\/uploads\/2025\/04\/Bracell-Papeis-abre-vagas-de-emprego-em-Feira-de-Santana-1024x681.jpg",640,426,true],"1536x1536":["https:\/\/noticiasbahia360.com.br\/wp-content\/uploads\/2025\/04\/Bracell-Papeis-abre-vagas-de-emprego-em-Feira-de-Santana.jpg",1200,798,false],"2048x2048":["https:\/\/noticiasbahia360.com.br\/wp-content\/uploads\/2025\/04\/Bracell-Papeis-abre-vagas-de-emprego-em-Feira-de-Santana.jpg",1200,798,false],"chromenews-featured":["https:\/\/noticiasbahia360.com.br\/wp-content\/uploads\/2025\/04\/Bracell-Papeis-abre-vagas-de-emprego-em-Feira-de-Santana-1024x681.jpg",1024,681,true],"chromenews-large":["https:\/\/noticiasbahia360.com.br\/wp-content\/uploads\/2025\/04\/Bracell-Papeis-abre-vagas-de-emprego-em-Feira-de-Santana-825x575.jpg",825,575,true],"chromenews-medium":["https:\/\/noticiasbahia360.com.br\/wp-content\/uploads\/2025\/04\/Bracell-Papeis-abre-vagas-de-emprego-em-Feira-de-Santana-590x410.jpg",590,410,true]},"author_info":{"display_name":"noticiasbahia360.com.br","author_link":"https:\/\/noticiasbahia360.com.br\/?author=1"},"category_info":"<a href=\"https:\/\/noticiasbahia360.com.br\/?cat=8\" rel=\"category\">Bahia<\/a> <a href=\"https:\/\/noticiasbahia360.com.br\/?cat=9\" rel=\"category\">Brasil<\/a> <a href=\"https:\/\/noticiasbahia360.com.br\/?cat=6\" rel=\"category\">Feira de Santana<\/a> <a href=\"https:\/\/noticiasbahia360.com.br\/?cat=57\" rel=\"category\">Mundo<\/a> <a href=\"https:\/\/noticiasbahia360.com.br\/?cat=56\" rel=\"category\">Pol\u00edcia<\/a> <a href=\"https:\/\/noticiasbahia360.com.br\/?cat=10\" rel=\"category\">Pol\u00edtica<\/a>","tag_info":"Pol\u00edtica","comment_count":"0","_links":{"self":[{"href":"https:\/\/noticiasbahia360.com.br\/index.php?rest_route=\/wp\/v2\/posts\/80873","targetHints":{"allow":["GET"]}}],"collection":[{"href":"https:\/\/noticiasbahia360.com.br\/index.php?rest_route=\/wp\/v2\/posts"}],"about":[{"href":"https:\/\/noticiasbahia360.com.br\/index.php?rest_route=\/wp\/v2\/types\/post"}],"author":[{"embeddable":true,"href":"https:\/\/noticiasbahia360.com.br\/index.php?rest_route=\/wp\/v2\/users\/1"}],"replies":[{"embeddable":true,"href":"https:\/\/noticiasbahia360.com.br\/index.php?rest_route=%2Fwp%2Fv2%2Fcomments&post=80873"}],"version-history":[{"count":0,"href":"https:\/\/noticiasbahia360.com.br\/index.php?rest_route=\/wp\/v2\/posts\/80873\/revisions"}],"wp:featuredmedia":[{"embeddable":true,"href":"https:\/\/noticiasbahia360.com.br\/index.php?rest_route=\/wp\/v2\/media\/80874"}],"wp:attachment":[{"href":"https:\/\/noticiasbahia360.com.br\/index.php?rest_route=%2Fwp%2Fv2%2Fmedia&parent=80873"}],"wp:term":[{"taxonomy":"category","embeddable":true,"href":"https:\/\/noticiasbahia360.com.br\/index.php?rest_route=%2Fwp%2Fv2%2Fcategories&post=80873"},{"taxonomy":"post_tag","embeddable":true,"href":"https:\/\/noticiasbahia360.com.br\/index.php?rest_route=%2Fwp%2Fv2%2Ftags&post=80873"}],"curies":[{"name":"wp","href":"https:\/\/api.w.org\/{rel}","templated":true}]}}