{"id":80877,"date":"2025-04-02T18:26:39","date_gmt":"2025-04-02T21:26:39","guid":{"rendered":"https:\/\/noticiasbahia360.com.br\/?p=80877"},"modified":"2025-04-02T18:26:39","modified_gmt":"2025-04-02T21:26:39","slug":"mulher-assassinada-pelo-companheiro-no-rs-e-sepultada-na-bahia-filhos-nao-puderam-comparecer","status":"publish","type":"post","link":"https:\/\/noticiasbahia360.com.br\/?p=80877","title":{"rendered":"Mulher assassinada pelo companheiro no RS \u00e9 sepultada na Bahia; filhos n\u00e3o puderam comparecer"},"content":{"rendered":"<div>\n<div>\n<figure><img decoding=\"async\" src=\"http:\/\/noticiasbahia360.com.br\/wp-content\/uploads\/2025\/04\/8Ac7pqy1-mulher-assassinada-no-RS-de-Retirolandia-1-1.webp\" alt=\"mulher assassinada no RS de Retirol\u00e2ndia -\"><figcaption>Foto: Reprodu\u00e7\u00e3o\/Redes Sociais <\/figcaption><\/figure>\n<\/div>\n<p>Na manh\u00e3 desta quarta-feira (2), o corpo de \u00c9rica Garc\u00eas de Oliveira foi sepultado no cemit\u00e9rio de Retirol\u00e2ndia, no territ\u00f3rio do Sisal. A jovem foi morta com um tiro na cabe\u00e7a pelo companheiro, Idelm\u00e1rio Merc\u00eas, de 30 anos, no \u00faltimo s\u00e1bado (29), ap\u00f3s sair do trabalho em uma f\u00e1brica de pneus em Bento Gon\u00e7alves, no Rio Grande do Sul. O suspeito foi preso pela Brigada Militar na manh\u00e3 de ter\u00e7a-feira (1\u00ba).<\/p>\n<figure class=\"wp-block-image size-large\"><img fetchpriority=\"high\" fetchpriority=\"high\" decoding=\"async\" width=\"1024\" height=\"520\" src=\"http:\/\/noticiasbahia360.com.br\/wp-content\/uploads\/2025\/04\/2nxpssBG-mulher-assassinada-no-RS-de-Retirolandia-1024x520-1.webp\" alt=\"mulher assassinada no RS de Retirol\u00e2ndia -\" class=\"wp-image-518179\" srcset=\"https:\/\/uploads.acordacidade.com.br\/2025\/04\/2nxpssBG-mulher-assassinada-no-RS-de-Retirolandia--300x152.webp 300w, http:\/\/noticiasbahia360.com.br\/wp-content\/uploads\/2025\/04\/2nxpssBG-mulher-assassinada-no-RS-de-Retirolandia-1024x520-1.webp 1024w, https:\/\/uploads.acordacidade.com.br\/2025\/04\/2nxpssBG-mulher-assassinada-no-RS-de-Retirolandia--768x390.webp 768w, https:\/\/uploads.acordacidade.com.br\/2025\/04\/2nxpssBG-mulher-assassinada-no-RS-de-Retirolandia--150x76.webp 150w, https:\/\/uploads.acordacidade.com.br\/2025\/04\/2nxpssBG-mulher-assassinada-no-RS-de-Retirolandia-.webp 1200w\" sizes=\"(max-width: 1024px) 100vw, 1024px\"><figcaption class=\"wp-element-caption\">Foto: Reprodu\u00e7\u00e3o\/Redes Sociais <\/figcaption><\/figure>\n<p>Os quatro filhos de \u00c9rica n\u00e3o puderam comparecer ao sepultamento devido a dificuldades com documenta\u00e7\u00e3o e ao alto custo das passagens. Sua irm\u00e3, Aline, que tamb\u00e9m mora no Rio Grande do Sul com seus quatro filhos, tamb\u00e9m n\u00e3o conseguiu comparecer. A fam\u00edlia tentou arrecadar recursos para custear a viagem, mas n\u00e3o conseguiu o valor necess\u00e1rio. O corpo de \u00c9rica foi trasladado sem acompanhantes, com os custos pagos pela Prefeitura Municipal.<\/p>\n<p>Uma funer\u00e1ria transportou o caix\u00e3o do aeroporto de Salvador at\u00e9 Retirol\u00e2ndia, onde chegou na madrugada desta quarta-feira (2). O vel\u00f3rio aconteceu at\u00e9 as 10h30, quando seguiu para o sepultamento.\u00a0<\/p>\n<p>Segundo o site Calila Not\u00edcias, parceiro do Acorda Cidade, esse \u00e9 o segundo caso de assassinato de um morador de Retirol\u00e2ndia em Bento Gon\u00e7alves nos \u00faltimos anos. Em julho de 2020, Saulo Santos Santana, de 20 anos, que havia se mudado para a cidade h\u00e1 sete meses para trabalhar, foi morto com cerca de oito tiros ap\u00f3s uma discuss\u00e3o. Na \u00e9poca, amigos e familiares conseguiram arrecadar dinheiro para trazer o corpo de Saulo de volta \u00e0 Bahia, onde tamb\u00e9m foi sepultado em Retirol\u00e2ndia.<\/p>\n<p><strong>Viol\u00eancia contra a mulher \u00e9 crime e precisa ser denunciado!<\/strong><\/p>\n<p><strong>A <a href=\"https:\/\/www.acordacidade.com.br\/tag\/violencia-contra-a-mulher\/\">viol\u00eancia contra a mulher<\/a> \u00e9 uma grave viola\u00e7\u00e3o dos direitos humanos e, no Brasil, configura crime, pass\u00edvel de puni\u00e7\u00e3o pela Lei Maria da Penha. A den\u00fancia \u00e9 uma ferramenta imprescind\u00edvel para interromper ciclos de agress\u00e3o e salvar vidas.<\/strong><\/p>\n<p><strong>Seja f\u00edsica, psicol\u00f3gica, moral, patrimonial ou sexual, toda forma de viol\u00eancia deve ser combatida. Se voc\u00ea ou algu\u00e9m que conhece est\u00e1 em situa\u00e7\u00e3o de risco, procure ajuda.<\/strong><\/p>\n<p><strong>Den\u00fancias podem ser feitas pelo telefone 180 (Central de Atendimento \u00e0 Mulher) ou em delegacias especializadas. N\u00e3o se cale!<\/strong><\/p>\n<p><em>Siga o Acorda Cidade no<\/em><a href=\"https:\/\/news.google.com\/search?q=acorda%20cidade&amp;hl=pt-BR&amp;gl=BR&amp;ceid=BR%3Apt-419\"><strong><em>\u00a0Google Not\u00edcias<\/em><\/strong><\/a><em>\u00a0e receba os principais destaques do dia. Participe tamb\u00e9m dos nossos canais no\u00a0<\/em><a href=\"https:\/\/whatsapp.com\/channel\/0029Va6Rb4v3WHTNnsh8WI3N\"><strong><em>WhatsApp<\/em><\/strong><\/a><em>\u00a0e\u00a0<\/em><a href=\"https:\/\/www.youtube.com\/@acordacidadenoticias\/videos\"><strong>Youtube<\/strong><\/a><em>\u00a0e grupo de\u00a0<\/em><a href=\"https:\/\/t.me\/+sSz0khrgARA0ZmRh\"><strong><em>Telegram<\/em><\/strong><\/a><em>.<\/em><\/p>\n<\/div>\n","protected":false},"excerpt":{"rendered":"<div>\n<div>\n<figure><img decoding=\"async\" src=\"https:\/\/uploads.acordacidade.com.br\/2025\/04\/8Ac7pqy1-mulher-assassinada-no-RS-de-Retirolandia-1-1.webp\" alt=\"mulher assassinada no RS de Retirol\u00e2ndia -\"><figcaption>Foto: Reprodu\u00e7\u00e3o\/Redes Sociais <\/figcaption><\/figure>\n<\/div>\n<p>Os quatro filhos de \u00c9rica n\u00e3o puderam comparecer ao sepultamento devido a dificuldades com documenta\u00e7\u00e3o e ao alto custo das passagens.<\/p><\/div>\n","protected":false},"author":1,"featured_media":80878,"comment_status":"closed","ping_status":"closed","sticky":false,"template":"","format":"gallery","meta":{"footnotes":""},"categories":[8,9,6,57,56,10],"tags":[],"class_list":["post-80877","post","type-post","status-publish","format-gallery","has-post-thumbnail","hentry","category-bahia","category-brasil","category-feira-de-santana","category-mundo","category-policia","category-politica","post_format-post-format-gallery"],"featured_image_urls":{"full":["https:\/\/noticiasbahia360.com.br\/wp-content\/uploads\/2025\/04\/8Ac7pqy1-mulher-assassinada-no-RS-de-Retirolandia-1-1.webp",1200,622,false],"thumbnail":["https:\/\/noticiasbahia360.com.br\/wp-content\/uploads\/2025\/04\/8Ac7pqy1-mulher-assassinada-no-RS-de-Retirolandia-1-1-150x150.webp",150,150,true],"medium":["https:\/\/noticiasbahia360.com.br\/wp-content\/uploads\/2025\/04\/8Ac7pqy1-mulher-assassinada-no-RS-de-Retirolandia-1-1-300x156.webp",300,156,true],"medium_large":["https:\/\/noticiasbahia360.com.br\/wp-content\/uploads\/2025\/04\/8Ac7pqy1-mulher-assassinada-no-RS-de-Retirolandia-1-1-768x398.webp",640,332,true],"large":["https:\/\/noticiasbahia360.com.br\/wp-content\/uploads\/2025\/04\/8Ac7pqy1-mulher-assassinada-no-RS-de-Retirolandia-1-1-1024x531.webp",640,332,true],"1536x1536":["https:\/\/noticiasbahia360.com.br\/wp-content\/uploads\/2025\/04\/8Ac7pqy1-mulher-assassinada-no-RS-de-Retirolandia-1-1.webp",1200,622,false],"2048x2048":["https:\/\/noticiasbahia360.com.br\/wp-content\/uploads\/2025\/04\/8Ac7pqy1-mulher-assassinada-no-RS-de-Retirolandia-1-1.webp",1200,622,false],"chromenews-featured":["https:\/\/noticiasbahia360.com.br\/wp-content\/uploads\/2025\/04\/8Ac7pqy1-mulher-assassinada-no-RS-de-Retirolandia-1-1-1024x531.webp",1024,531,true],"chromenews-large":["https:\/\/noticiasbahia360.com.br\/wp-content\/uploads\/2025\/04\/8Ac7pqy1-mulher-assassinada-no-RS-de-Retirolandia-1-1-825x575.webp",825,575,true],"chromenews-medium":["https:\/\/noticiasbahia360.com.br\/wp-content\/uploads\/2025\/04\/8Ac7pqy1-mulher-assassinada-no-RS-de-Retirolandia-1-1-590x410.webp",590,410,true]},"author_info":{"display_name":"noticiasbahia360.com.br","author_link":"https:\/\/noticiasbahia360.com.br\/?author=1"},"category_info":"<a href=\"https:\/\/noticiasbahia360.com.br\/?cat=8\" rel=\"category\">Bahia<\/a> <a href=\"https:\/\/noticiasbahia360.com.br\/?cat=9\" rel=\"category\">Brasil<\/a> <a href=\"https:\/\/noticiasbahia360.com.br\/?cat=6\" rel=\"category\">Feira de Santana<\/a> <a href=\"https:\/\/noticiasbahia360.com.br\/?cat=57\" rel=\"category\">Mundo<\/a> <a href=\"https:\/\/noticiasbahia360.com.br\/?cat=56\" rel=\"category\">Pol\u00edcia<\/a> <a href=\"https:\/\/noticiasbahia360.com.br\/?cat=10\" rel=\"category\">Pol\u00edtica<\/a>","tag_info":"Pol\u00edtica","comment_count":"0","_links":{"self":[{"href":"https:\/\/noticiasbahia360.com.br\/index.php?rest_route=\/wp\/v2\/posts\/80877","targetHints":{"allow":["GET"]}}],"collection":[{"href":"https:\/\/noticiasbahia360.com.br\/index.php?rest_route=\/wp\/v2\/posts"}],"about":[{"href":"https:\/\/noticiasbahia360.com.br\/index.php?rest_route=\/wp\/v2\/types\/post"}],"author":[{"embeddable":true,"href":"https:\/\/noticiasbahia360.com.br\/index.php?rest_route=\/wp\/v2\/users\/1"}],"replies":[{"embeddable":true,"href":"https:\/\/noticiasbahia360.com.br\/index.php?rest_route=%2Fwp%2Fv2%2Fcomments&post=80877"}],"version-history":[{"count":0,"href":"https:\/\/noticiasbahia360.com.br\/index.php?rest_route=\/wp\/v2\/posts\/80877\/revisions"}],"wp:featuredmedia":[{"embeddable":true,"href":"https:\/\/noticiasbahia360.com.br\/index.php?rest_route=\/wp\/v2\/media\/80878"}],"wp:attachment":[{"href":"https:\/\/noticiasbahia360.com.br\/index.php?rest_route=%2Fwp%2Fv2%2Fmedia&parent=80877"}],"wp:term":[{"taxonomy":"category","embeddable":true,"href":"https:\/\/noticiasbahia360.com.br\/index.php?rest_route=%2Fwp%2Fv2%2Fcategories&post=80877"},{"taxonomy":"post_tag","embeddable":true,"href":"https:\/\/noticiasbahia360.com.br\/index.php?rest_route=%2Fwp%2Fv2%2Ftags&post=80877"}],"curies":[{"name":"wp","href":"https:\/\/api.w.org\/{rel}","templated":true}]}}