{"id":80885,"date":"2025-04-02T18:44:39","date_gmt":"2025-04-02T21:44:39","guid":{"rendered":"https:\/\/noticiasbahia360.com.br\/?p=80885"},"modified":"2025-04-02T18:44:39","modified_gmt":"2025-04-02T21:44:39","slug":"vitimas-de-duplo-homicidio-no-distrito-de-maria-quiteria-estavam-sendo-ameacadas-por-lider-de-faccao-criminosa","status":"publish","type":"post","link":"https:\/\/noticiasbahia360.com.br\/?p=80885","title":{"rendered":"V\u00edtimas de duplo homic\u00eddio no distrito de Maria Quit\u00e9ria estavam sendo amea\u00e7adas por l\u00edder de fac\u00e7\u00e3o criminosa"},"content":{"rendered":"<div>\n<div>\n<figure><img decoding=\"async\" src=\"http:\/\/noticiasbahia360.com.br\/wp-content\/uploads\/2025\/04\/Complexodedelegaciassobradinho_edsantos_acordacidade.jpg\" alt=\"Complexodedelegaciassobradinho_edsantos_acordacidade\"><figcaption>Foto: Ed Santos\/Acorda Cidade<\/figcaption><\/figure>\n<\/div>\n<p>O delegado adjunto da Delegacia de Homic\u00eddios (DH) de Feira de Santana, Alisson Carvalho, falou, em entrevista ao Acorda Cidade, sobre o que a investiga\u00e7\u00e3o descobriu a respeito de um duplo homic\u00eddio, que vitimou dois primos no distrito de Maria Quit\u00e9ria, em junho do ano passado. <a href=\"https:\/\/www.acordacidade.com.br\/policia\/dois-homens-e-uma-mulher-sao-presos-pela-policia-civil-de-feira-de-santana-nesta-terca-1a\/\">Um dos autores desse crime foi preso nesta ter\u00e7a (1) pela Pol\u00edcia Civil.<\/a><\/p>\n<p>De acordo com o delegado, as v\u00edtimas do duplo homic\u00eddio estavam sendo amea\u00e7adas por um homem que era l\u00edder de uma fac\u00e7\u00e3o criminosa que dominava a regi\u00e3o. Esse homem, identificado como Rai Victor dos Santos Coutinho Costa, morreu em outubro do ano passado em confronto com a pol\u00edcia na cidade de \u00c1gua Fria, onde, conforme afirmou o delegado, tentava implantar o tr\u00e1fico de drogas. Na ocasi\u00e3o a pol\u00edcia apreendeu armas e drogas.<\/p>\n<figure class=\"wp-block-image size-large\"><img fetchpriority=\"high\" decoding=\"async\" width=\"1024\" height=\"768\" src=\"http:\/\/noticiasbahia360.com.br\/wp-content\/uploads\/2025\/04\/8yReYsta-delegado-alisson-carvalho-1024x768-1.webp\" alt=\"delegado alisson carvalho fala sobre v\u00edtimas de duplo homic\u00eddio \" class=\"wp-image-518174\" srcset=\"https:\/\/uploads.acordacidade.com.br\/2025\/04\/8yReYsta-delegado-alisson-carvalho--300x225.webp 300w, http:\/\/noticiasbahia360.com.br\/wp-content\/uploads\/2025\/04\/8yReYsta-delegado-alisson-carvalho-1024x768-1.webp 1024w, https:\/\/uploads.acordacidade.com.br\/2025\/04\/8yReYsta-delegado-alisson-carvalho--768x576.webp 768w, https:\/\/uploads.acordacidade.com.br\/2025\/04\/8yReYsta-delegado-alisson-carvalho--150x113.webp 150w, https:\/\/uploads.acordacidade.com.br\/2025\/04\/8yReYsta-delegado-alisson-carvalho-.webp 1200w\" sizes=\"(max-width: 1024px) 100vw, 1024px\"><figcaption class=\"wp-element-caption\">Delegado Alisson Carvalho | Foto: Ed Santos\/Acorda Cidade<\/figcaption><\/figure>\n<p>O outro suspeito, preso ontem, j\u00e1 tem passagens pela pol\u00edcia, dentre elas, por tr\u00e1fico de drogas, de acordo com o delegado ao Acorda Cidade. \u201cN\u00e3o h\u00e1 d\u00favidas que eles comentaram esse crime. Conseguimos realizar o interrogat\u00f3rio do suspeito preso e ele confessou para a pol\u00edcia civil, explicando como tudo aconteceu\u201d.<\/p>\n<h2 class=\"wp-block-heading\" id=\"h-motivacao\">Motiva\u00e7\u00e3o<\/h2>\n<p>De acordo com o delegado, o homem preso disse que Rai Victor dos Santos o obrigou a participar do crime. \u201cEle disse que era usu\u00e1rio de drogas, pr\u00f3ximo ao Victor e que Victor teria o obrigado a participar do crime. Ele afirmou que Victor efetuou os tiros nas duas v\u00edtimas e que ele estava pilotando a motocicleta que foi utilizada durante o crime\u201d, disse o delegado.<\/p>\n<p>Alisson Carvalho informou ainda que as investiga\u00e7\u00f5es apontaram que Vitor come\u00e7ou a traficar em meados de 2018. Em 2023, a pol\u00edcia come\u00e7ou a fazer incurs\u00f5es na regi\u00e3o e ele teria imaginado que algu\u00e9m estaria fazendo den\u00fancias. \u201cEle imaginou que quatro pessoas estavam entregando ele, ent\u00e3o come\u00e7ou a amea\u00e7ar essas duas pessoas at\u00e9 que praticou o duplo homic\u00eddio\u201d.<\/p>\n<p>Ainda conforme o delegado, as investiga\u00e7\u00f5es deixaram claro que n\u00e3o havia nenhuma informa\u00e7\u00e3o prestada pelas v\u00edtimas \u00e0 pol\u00edcia. \u201cA verdade \u00e9 que foram atos de pura maldade e tentaram justificar\u201d, frisou o delegado.<\/p>\n<h2 class=\"wp-block-heading\" id=\"h-as-vitimas\">As v\u00edtimas<\/h2>\n<p><a href=\"https:\/\/www.acordacidade.com.br\/policia\/homem-de-57-anos-e-assassinado-dentro-do-proprio-bar-em-feira-de-santana\/\">Claudemiro Lima da Silva foi morto a tiros no seu bar<\/a>, localizado na Estrada da \u00c1gua Grande, no bairro Pedra Ferrada, em Feira de Santana. J\u00e1 a segunda v\u00edtima, <a href=\"https:\/\/www.acordacidade.com.br\/policia\/homem-e-assassinado-na-varanda-de-casa-vitima-e-primo-do-dono-de-bar-morto-na-estrada-da-pedra-ferrada\/\">Marlon dos Santos da Silva, estava em casa na Fazenda Caldeir\u00e3o<\/a>, na Estrada de S\u00e3o Jos\u00e9, quando foi atingido por disparos de arma de fogo.<\/p>\n<figure class=\"wp-block-image size-large\"><img decoding=\"async\" width=\"1024\" height=\"576\" src=\"http:\/\/noticiasbahia360.com.br\/wp-content\/uploads\/2025\/04\/oujBXT3A-vitimas-1024x576-1.webp\" alt=\"v\u00edtimas de duplo homic\u00eddio\" class=\"wp-image-517831\" srcset=\"https:\/\/uploads.acordacidade.com.br\/2025\/04\/oujBXT3A-vitimas--300x169.webp 300w, http:\/\/noticiasbahia360.com.br\/wp-content\/uploads\/2025\/04\/oujBXT3A-vitimas-1024x576-1.webp 1024w, https:\/\/uploads.acordacidade.com.br\/2025\/04\/oujBXT3A-vitimas--768x432.webp 768w, https:\/\/uploads.acordacidade.com.br\/2025\/04\/oujBXT3A-vitimas--150x84.webp 150w, https:\/\/uploads.acordacidade.com.br\/2025\/04\/oujBXT3A-vitimas-.webp 1200w\" sizes=\"(max-width: 1024px) 100vw, 1024px\"><figcaption class=\"wp-element-caption\">Marlon dos Santos da Silva e Claudemiro Lima da Silva, v\u00edtimas do duplo homic\u00eddio<\/figcaption><\/figure>\n<p>\u201cClaudemiro era um senhor bastante conhecido, foi morto no bar que ele tinha a d\u00e9cadas. E quando est\u00e1vamos l\u00e1, tivemos conhecimento que a outra v\u00edtima era seu primo, chamado Marlon, ele foi morto na Fazenda Caldeir\u00e3o. Na sequ\u00eancia fizemos o outro levantamento cadav\u00e9rico com a investiga\u00e7\u00e3o preliminar\u201d, afirmou.<\/p>\n<p>As v\u00edtimas eram duas pessoas bastante conhecidas e queridas na comunidade onde morava. Segundo o delegado, ap\u00f3s o crime, v\u00e1rias pessoas estiveram na delegacia para saber informa\u00e7\u00f5es e cobrar por justi\u00e7a.<\/p>\n<p>\u201cInicialmente fomos informados de um homic\u00eddio. Enquanto est\u00e1vamos nos deslocando para a localidade da \u00c1gua Grande, na Pedra Ferrada, fomos informados que havia outro homic\u00eddio h\u00e1 aproximadamente 1 km daquele local. No seguimento, conseguimos entender toda din\u00e2mica do fato e o ponto principal foi identificar que aquela localidade estava dominada por uma fac\u00e7\u00e3o criminosa. Conclu\u00edmos que tratou-se de um duplo homic\u00eddio e come\u00e7amos as investiga\u00e7\u00f5es\u201d, informou.<\/p>\n<p>A partir das investiga\u00e7\u00f5es, o delegado conta que identificou o l\u00edder do tr\u00e1fico na regi\u00e3o, que fugiu ap\u00f3s o duplo homic\u00eddio.<\/p>\n<p>\u201cPercebemos que ele estava foragido da comunidade. Come\u00e7amos a trabalhar com algumas testemunhas e obtivemos tamb\u00e9m uma imagem que mostra dois indiv\u00edduos passando com uma moto. Para concluir a investiga\u00e7\u00e3o juntamos laudos periciais de local e laudos de necropsia das v\u00edtimas. A partir de ent\u00e3o fomos tendo algumas informa\u00e7\u00f5es e conseguimos tamb\u00e9m obter mais informa\u00e7\u00f5es de demais integrantes dessa fac\u00e7\u00e3o at\u00e9 chegarmos \u00e0 certeza de que os executores desse crime foram Rai Victor e outro indiv\u00edduo que foi preso agora\u201d, relatou.<\/p>\n<p><em>Com informa\u00e7\u00f5es do rep\u00f3rter Ed Santos do Acorda Cidade<\/em><\/p>\n<p><strong>Leia tamb\u00e9m: <a href=\"https:\/\/www.acordacidade.com.br\/policia\/dois-homens-e-uma-mulher-sao-presos-pela-policia-civil-de-feira-de-santana-nesta-terca-1a\/\">Dois homens e uma mulher s\u00e3o presos pela Pol\u00edcia Civil de Feira de Santana nesta ter\u00e7a (1\u00aa)<\/a><\/strong><\/p>\n<p><em>Siga o Acorda Cidade no<\/em><a href=\"https:\/\/news.google.com\/search?q=acorda%20cidade&amp;hl=pt-BR&amp;gl=BR&amp;ceid=BR%3Apt-419\"><strong><em>\u00a0Google Not\u00edcias<\/em><\/strong><\/a><em>\u00a0e receba os principais destaques do dia. Participe tamb\u00e9m dos nossos canais no\u00a0<\/em><a href=\"https:\/\/whatsapp.com\/channel\/0029Va6Rb4v3WHTNnsh8WI3N\"><strong><em>WhatsApp<\/em><\/strong><\/a><em>\u00a0e\u00a0<\/em><a href=\"https:\/\/www.youtube.com\/@acordacidadenoticias\/videos\"><strong>Youtube<\/strong><\/a><em>\u00a0e grupo de\u00a0<\/em><a href=\"https:\/\/t.me\/+sSz0khrgARA0ZmRh\"><strong><em>Telegram<\/em><\/strong><\/a><em>.<\/em><\/p>\n<\/div>\n","protected":false},"excerpt":{"rendered":"<div>\n<div>\n<figure><img decoding=\"async\" src=\"https:\/\/uploads.acordacidade.com.br\/2025\/04\/Complexodedelegaciassobradinho_edsantos_acordacidade.jpg\" alt=\"Complexodedelegaciassobradinho_edsantos_acordacidade\"><figcaption>Foto: Ed Santos\/Acorda Cidade<\/figcaption><\/figure>\n<\/div>\n<p>Um dos autores desse crime foi preso nesta ter\u00e7a (1) pela Pol\u00edcia Civil.<\/p><\/div>\n","protected":false},"author":1,"featured_media":80886,"comment_status":"closed","ping_status":"closed","sticky":false,"template":"","format":"gallery","meta":{"footnotes":""},"categories":[8,9,6,57,56,10],"tags":[],"class_list":["post-80885","post","type-post","status-publish","format-gallery","has-post-thumbnail","hentry","category-bahia","category-brasil","category-feira-de-santana","category-mundo","category-policia","category-politica","post_format-post-format-gallery"],"featured_image_urls":{"full":["https:\/\/noticiasbahia360.com.br\/wp-content\/uploads\/2025\/04\/Complexodedelegaciassobradinho_edsantos_acordacidade.jpg",1200,900,false],"thumbnail":["https:\/\/noticiasbahia360.com.br\/wp-content\/uploads\/2025\/04\/Complexodedelegaciassobradinho_edsantos_acordacidade-150x150.jpg",150,150,true],"medium":["https:\/\/noticiasbahia360.com.br\/wp-content\/uploads\/2025\/04\/Complexodedelegaciassobradinho_edsantos_acordacidade-300x225.jpg",300,225,true],"medium_large":["https:\/\/noticiasbahia360.com.br\/wp-content\/uploads\/2025\/04\/Complexodedelegaciassobradinho_edsantos_acordacidade-768x576.jpg",640,480,true],"large":["https:\/\/noticiasbahia360.com.br\/wp-content\/uploads\/2025\/04\/Complexodedelegaciassobradinho_edsantos_acordacidade-1024x768.jpg",640,480,true],"1536x1536":["https:\/\/noticiasbahia360.com.br\/wp-content\/uploads\/2025\/04\/Complexodedelegaciassobradinho_edsantos_acordacidade.jpg",1200,900,false],"2048x2048":["https:\/\/noticiasbahia360.com.br\/wp-content\/uploads\/2025\/04\/Complexodedelegaciassobradinho_edsantos_acordacidade.jpg",1200,900,false],"chromenews-featured":["https:\/\/noticiasbahia360.com.br\/wp-content\/uploads\/2025\/04\/Complexodedelegaciassobradinho_edsantos_acordacidade-1024x768.jpg",1024,768,true],"chromenews-large":["https:\/\/noticiasbahia360.com.br\/wp-content\/uploads\/2025\/04\/Complexodedelegaciassobradinho_edsantos_acordacidade-825x575.jpg",825,575,true],"chromenews-medium":["https:\/\/noticiasbahia360.com.br\/wp-content\/uploads\/2025\/04\/Complexodedelegaciassobradinho_edsantos_acordacidade-590x410.jpg",590,410,true]},"author_info":{"display_name":"noticiasbahia360.com.br","author_link":"https:\/\/noticiasbahia360.com.br\/?author=1"},"category_info":"<a href=\"https:\/\/noticiasbahia360.com.br\/?cat=8\" rel=\"category\">Bahia<\/a> <a href=\"https:\/\/noticiasbahia360.com.br\/?cat=9\" rel=\"category\">Brasil<\/a> <a href=\"https:\/\/noticiasbahia360.com.br\/?cat=6\" rel=\"category\">Feira de Santana<\/a> <a href=\"https:\/\/noticiasbahia360.com.br\/?cat=57\" rel=\"category\">Mundo<\/a> <a href=\"https:\/\/noticiasbahia360.com.br\/?cat=56\" rel=\"category\">Pol\u00edcia<\/a> <a href=\"https:\/\/noticiasbahia360.com.br\/?cat=10\" rel=\"category\">Pol\u00edtica<\/a>","tag_info":"Pol\u00edtica","comment_count":"0","_links":{"self":[{"href":"https:\/\/noticiasbahia360.com.br\/index.php?rest_route=\/wp\/v2\/posts\/80885","targetHints":{"allow":["GET"]}}],"collection":[{"href":"https:\/\/noticiasbahia360.com.br\/index.php?rest_route=\/wp\/v2\/posts"}],"about":[{"href":"https:\/\/noticiasbahia360.com.br\/index.php?rest_route=\/wp\/v2\/types\/post"}],"author":[{"embeddable":true,"href":"https:\/\/noticiasbahia360.com.br\/index.php?rest_route=\/wp\/v2\/users\/1"}],"replies":[{"embeddable":true,"href":"https:\/\/noticiasbahia360.com.br\/index.php?rest_route=%2Fwp%2Fv2%2Fcomments&post=80885"}],"version-history":[{"count":0,"href":"https:\/\/noticiasbahia360.com.br\/index.php?rest_route=\/wp\/v2\/posts\/80885\/revisions"}],"wp:featuredmedia":[{"embeddable":true,"href":"https:\/\/noticiasbahia360.com.br\/index.php?rest_route=\/wp\/v2\/media\/80886"}],"wp:attachment":[{"href":"https:\/\/noticiasbahia360.com.br\/index.php?rest_route=%2Fwp%2Fv2%2Fmedia&parent=80885"}],"wp:term":[{"taxonomy":"category","embeddable":true,"href":"https:\/\/noticiasbahia360.com.br\/index.php?rest_route=%2Fwp%2Fv2%2Fcategories&post=80885"},{"taxonomy":"post_tag","embeddable":true,"href":"https:\/\/noticiasbahia360.com.br\/index.php?rest_route=%2Fwp%2Fv2%2Ftags&post=80885"}],"curies":[{"name":"wp","href":"https:\/\/api.w.org\/{rel}","templated":true}]}}