{"id":80889,"date":"2025-04-02T18:44:47","date_gmt":"2025-04-02T21:44:47","guid":{"rendered":"https:\/\/noticiasbahia360.com.br\/?p=80889"},"modified":"2025-04-02T18:44:47","modified_gmt":"2025-04-02T21:44:47","slug":"professores-criam-agenda-com-seduc-para-discutir-reivindicacoes-da-categoria","status":"publish","type":"post","link":"https:\/\/noticiasbahia360.com.br\/?p=80889","title":{"rendered":"Professores criam agenda com Seduc para discutir reivindica\u00e7\u00f5es da categoria"},"content":{"rendered":"<div>\n<div>\n<figure><img decoding=\"async\" src=\"http:\/\/noticiasbahia360.com.br\/wp-content\/uploads\/2025\/04\/giEAqp8p-Paralisacao-de-professores-na-Seduc-ft-paulo-jose-do-acorda-cidade2.webp\" alt=\"Paralisa\u00e7\u00e3o de professores na Seduc\"><figcaption>Foto: Paulo Jos\u00e9\/Acorda Cidade<\/figcaption><\/figure>\n<\/div>\n<p>Ap\u00f3s <a href=\"https:\/\/www.acordacidade.com.br\/educacao\/professores-paralisam-atividades-e-cobram-respostas-da-prefeitura-de-feira-de-santana\/\" target=\"_blank\" rel=\"noreferrer noopener\">dois dias de paralisa\u00e7\u00e3o na rede municipal de ensino de Feira de Santana<\/a>, realizadas na segunda (31) e nesta quarta (2), \u00e0s negocia\u00e7\u00f5es entre a Secretaria de Educa\u00e7\u00e3o (Seduc) e a APLB Sindicato avan\u00e7aram, resultando na cria\u00e7\u00e3o de uma agenda para discutir as reivindica\u00e7\u00f5es da categoria. Pela tarde, professores compareceram em peso \u00e0 Seduc para acompanhar as discuss\u00f5es com o gestor da pasta Pablo Roberto e cobrar respostas.<\/p>\n<figure class=\"wp-block-image size-large\"><img fetchpriority=\"high\" fetchpriority=\"high\" decoding=\"async\" width=\"1024\" height=\"577\" src=\"http:\/\/noticiasbahia360.com.br\/wp-content\/uploads\/2025\/04\/Ag7U1kjQ-Paralisacao-de-professores-na-Seduc-ft-paulo-jose-do-acorda-cidade7-1024x577-1.webp\" alt=\"Paralisa\u00e7\u00e3o de professores na Seduc\" class=\"wp-image-518151\" srcset=\"https:\/\/uploads.acordacidade.com.br\/2025\/04\/Ag7U1kjQ-Paralisacao-de-professores-na-Seduc-ft-paulo-jose-do-acorda-cidade7-300x169.webp 300w, http:\/\/noticiasbahia360.com.br\/wp-content\/uploads\/2025\/04\/Ag7U1kjQ-Paralisacao-de-professores-na-Seduc-ft-paulo-jose-do-acorda-cidade7-1024x577-1.webp 1024w, https:\/\/uploads.acordacidade.com.br\/2025\/04\/Ag7U1kjQ-Paralisacao-de-professores-na-Seduc-ft-paulo-jose-do-acorda-cidade7-768x433.webp 768w, https:\/\/uploads.acordacidade.com.br\/2025\/04\/Ag7U1kjQ-Paralisacao-de-professores-na-Seduc-ft-paulo-jose-do-acorda-cidade7-150x85.webp 150w, https:\/\/uploads.acordacidade.com.br\/2025\/04\/Ag7U1kjQ-Paralisacao-de-professores-na-Seduc-ft-paulo-jose-do-acorda-cidade7.webp 1200w\" sizes=\"(max-width: 1024px) 100vw, 1024px\"><figcaption class=\"wp-element-caption\">Foto: Paulo Jos\u00e9\/Acorda Cidade<\/figcaption><\/figure>\n<p>Na \u00faltima ter\u00e7a-feira (1\u00ba), o secret\u00e1rio afirmou ao Acorda Cidade que o governo estava estudando a viabilidade de atender as demandas dos professores. J\u00e1 nesta quarta (2), ap\u00f3s reuni\u00e3o, a presidente da APLB Sindicato, Marlede Oliveira, confirmou que foi definida uma agenda de reuni\u00f5es para avaliar e encaminhar solu\u00e7\u00f5es para os problemas apontados pelos professores.<\/p>\n<p>\u201cFomos para as ruas, fizemos uma manifesta\u00e7\u00e3o para dizer \u00e0 comunidade sobre o descaso da educa\u00e7\u00e3o em Feira de Santana, que diz respeito \u00e0s escolas, falta de professores, falta de funcion\u00e1rios e tamb\u00e9m \u00e0 valoriza\u00e7\u00e3o dos professores e funcion\u00e1rios da educa\u00e7\u00e3o\u201d, afirmou Marlede.<\/p>\n<figure class=\"wp-block-image size-large\"><img decoding=\"async\" width=\"1024\" height=\"473\" src=\"http:\/\/noticiasbahia360.com.br\/wp-content\/uploads\/2025\/04\/gLvbJ8lC-Paralisacao-de-professores-na-Seduc-ft-paulo-jose-do-acorda-cidade6-1024x473-1.webp\" alt=\"Paralisa\u00e7\u00e3o de professores na Seduc\" class=\"wp-image-518152\" srcset=\"https:\/\/uploads.acordacidade.com.br\/2025\/04\/gLvbJ8lC-Paralisacao-de-professores-na-Seduc-ft-paulo-jose-do-acorda-cidade6-300x139.webp 300w, http:\/\/noticiasbahia360.com.br\/wp-content\/uploads\/2025\/04\/gLvbJ8lC-Paralisacao-de-professores-na-Seduc-ft-paulo-jose-do-acorda-cidade6-1024x473-1.webp 1024w, https:\/\/uploads.acordacidade.com.br\/2025\/04\/gLvbJ8lC-Paralisacao-de-professores-na-Seduc-ft-paulo-jose-do-acorda-cidade6-768x355.webp 768w, https:\/\/uploads.acordacidade.com.br\/2025\/04\/gLvbJ8lC-Paralisacao-de-professores-na-Seduc-ft-paulo-jose-do-acorda-cidade6-150x69.webp 150w, https:\/\/uploads.acordacidade.com.br\/2025\/04\/gLvbJ8lC-Paralisacao-de-professores-na-Seduc-ft-paulo-jose-do-acorda-cidade6.webp 1200w\" sizes=\"(max-width: 1024px) 100vw, 1024px\"><figcaption class=\"wp-element-caption\">Foto: Paulo Jos\u00e9\/Acorda Cidade<\/figcaption><\/figure>\n<p>A presidente explicou que a categoria foi at\u00e9 a Seduc para cobrar uma resposta sobre as demandas, j\u00e1 que na semana anterior o secret\u00e1rio n\u00e3o estava presente. Para a presidente, a cria\u00e7\u00e3o da agenda representa um avan\u00e7o ap\u00f3s a mobiliza\u00e7\u00e3o do sindicato.<\/p>\n<figure class=\"wp-block-image size-large\"><img decoding=\"async\" width=\"1024\" height=\"473\" src=\"http:\/\/noticiasbahia360.com.br\/wp-content\/uploads\/2025\/04\/RWSFOuOW-Paralisacao-de-professores-na-Seduc-ft-paulo-jose-do-acorda-cidade4-1024x473-1.webp\" alt=\"Paralisa\u00e7\u00e3o de professores na Seduc\" class=\"wp-image-518154\" srcset=\"https:\/\/uploads.acordacidade.com.br\/2025\/04\/RWSFOuOW-Paralisacao-de-professores-na-Seduc-ft-paulo-jose-do-acorda-cidade4-300x139.webp 300w, http:\/\/noticiasbahia360.com.br\/wp-content\/uploads\/2025\/04\/RWSFOuOW-Paralisacao-de-professores-na-Seduc-ft-paulo-jose-do-acorda-cidade4-1024x473-1.webp 1024w, https:\/\/uploads.acordacidade.com.br\/2025\/04\/RWSFOuOW-Paralisacao-de-professores-na-Seduc-ft-paulo-jose-do-acorda-cidade4-768x355.webp 768w, https:\/\/uploads.acordacidade.com.br\/2025\/04\/RWSFOuOW-Paralisacao-de-professores-na-Seduc-ft-paulo-jose-do-acorda-cidade4-150x69.webp 150w, https:\/\/uploads.acordacidade.com.br\/2025\/04\/RWSFOuOW-Paralisacao-de-professores-na-Seduc-ft-paulo-jose-do-acorda-cidade4.webp 1200w\" sizes=\"(max-width: 1024px) 100vw, 1024px\"><figcaption class=\"wp-element-caption\">Foto: Paulo Jos\u00e9\/Acorda Cidade<\/figcaption><\/figure>\n<p>\u201cO que ficou acordado \u00e9 o seguinte: a partir de agora, tem uma agenda para resolver os problemas. Nessa quinta-feira, a gente vai estar na Seduc para ver a quest\u00e3o do impacto na folha dos profissionais da educa\u00e7\u00e3o, professores e funcion\u00e1rios. Os recursos do Fundeb deste ano, do governo municipal de Feira de Santana, s\u00e3o R$ 540 milh\u00f5es, sendo que 70% s\u00e3o para investir na folha de pagamento\u201d, disse ao Acorda Cidade.<\/p>\n<figure class=\"wp-block-image size-large\"><img decoding=\"async\" width=\"1024\" height=\"473\" src=\"http:\/\/noticiasbahia360.com.br\/wp-content\/uploads\/2025\/04\/Fyz4tSyR-Paralisacao-de-professores-na-Seduc-ft-paulo-jose-do-acorda-cidade5-1024x473-1.webp\" alt=\"Paralisa\u00e7\u00e3o de professores na Seduc\" class=\"wp-image-518153\" srcset=\"https:\/\/uploads.acordacidade.com.br\/2025\/04\/Fyz4tSyR-Paralisacao-de-professores-na-Seduc-ft-paulo-jose-do-acorda-cidade5-300x139.webp 300w, http:\/\/noticiasbahia360.com.br\/wp-content\/uploads\/2025\/04\/Fyz4tSyR-Paralisacao-de-professores-na-Seduc-ft-paulo-jose-do-acorda-cidade5-1024x473-1.webp 1024w, https:\/\/uploads.acordacidade.com.br\/2025\/04\/Fyz4tSyR-Paralisacao-de-professores-na-Seduc-ft-paulo-jose-do-acorda-cidade5-768x355.webp 768w, https:\/\/uploads.acordacidade.com.br\/2025\/04\/Fyz4tSyR-Paralisacao-de-professores-na-Seduc-ft-paulo-jose-do-acorda-cidade5-150x69.webp 150w, https:\/\/uploads.acordacidade.com.br\/2025\/04\/Fyz4tSyR-Paralisacao-de-professores-na-Seduc-ft-paulo-jose-do-acorda-cidade5.webp 1200w\" sizes=\"(max-width: 1024px) 100vw, 1024px\"><figcaption class=\"wp-element-caption\">Foto: Paulo Jos\u00e9\/Acorda Cidade<\/figcaption><\/figure>\n<p>A pauta de reivindica\u00e7\u00f5es dos professores conta com 13 itens, entre eles a mudan\u00e7a de refer\u00eancia, altera\u00e7\u00e3o de carga hor\u00e1ria, reserva de carga hor\u00e1ria para professores do Reda e pagamento de pec\u00fania referente \u00e0 licen\u00e7a-pr\u00eamio. Em entrevista ao Programa Acorda Cidade, da R\u00e1dio Sociedade News 102.1 FM, o secret\u00e1rio de Educa\u00e7\u00e3o deu explica\u00e7\u00f5es para alguns pontos das pautas apontados pelos professores. (<a href=\"https:\/\/www.acordacidade.com.br\/feira-de-santana\/apos-paralisacao-secretario-afirma-que-governo-esta-avaliando-como-atender-reinvindicacoes-de-professores\/\" target=\"_blank\" rel=\"noreferrer noopener\">Relembre aqui<\/a>).<\/p>\n<figure class=\"wp-block-image size-large\"><img loading=\"lazy\" decoding=\"async\" width=\"1024\" height=\"643\" src=\"http:\/\/noticiasbahia360.com.br\/wp-content\/uploads\/2025\/04\/i0kQTr7c-Pablo-Roberto-ft-Iasmim-Santos-acorda-cidade-1024x643-1.webp\" alt=\"secret\u00e1rio de Educa\u00e7\u00e3o\" class=\"wp-image-517507\" srcset=\"https:\/\/uploads.acordacidade.com.br\/2025\/04\/i0kQTr7c-Pablo-Roberto-ft-Iasmim-Santos-acorda-cidade-300x189.webp 300w, http:\/\/noticiasbahia360.com.br\/wp-content\/uploads\/2025\/04\/i0kQTr7c-Pablo-Roberto-ft-Iasmim-Santos-acorda-cidade-1024x643-1.webp 1024w, https:\/\/uploads.acordacidade.com.br\/2025\/04\/i0kQTr7c-Pablo-Roberto-ft-Iasmim-Santos-acorda-cidade-768x483.webp 768w, https:\/\/uploads.acordacidade.com.br\/2025\/04\/i0kQTr7c-Pablo-Roberto-ft-Iasmim-Santos-acorda-cidade-150x94.webp 150w, https:\/\/uploads.acordacidade.com.br\/2025\/04\/i0kQTr7c-Pablo-Roberto-ft-Iasmim-Santos-acorda-cidade.webp 1200w\" sizes=\"(max-width: 1024px) 100vw, 1024px\"><figcaption class=\"wp-element-caption\">Pablo Roberto | Foto: Iasmim Santos\/Acorda Cidade<\/figcaption><\/figure>\n<p>Ainda em conversa com o Acorda Cidade, Marlede tamb\u00e9m informou que na quinta-feira, dia 9 de abril, o secret\u00e1rio Pablo Roberto, junto com as secretarias da Fazenda e Administra\u00e7\u00e3o, a Seduc e a APLB Sindicato, se reunir\u00e3o novamente para discutir solu\u00e7\u00f5es e definir o que pode ser resolvido a curto, m\u00e9dio e longo prazo.<\/p>\n<figure class=\"wp-block-image size-large\"><img loading=\"lazy\" decoding=\"async\" width=\"1024\" height=\"473\" src=\"http:\/\/noticiasbahia360.com.br\/wp-content\/uploads\/2025\/04\/FWdYQOKf-Paralisacao-de-professores-na-Seduc-ft-paulo-jose-do-acorda-cidade1-1024x473-1.webp\" alt=\"Paralisa\u00e7\u00e3o de professores na Seduc\" class=\"wp-image-518157\" srcset=\"https:\/\/uploads.acordacidade.com.br\/2025\/04\/FWdYQOKf-Paralisacao-de-professores-na-Seduc-ft-paulo-jose-do-acorda-cidade1-300x139.webp 300w, http:\/\/noticiasbahia360.com.br\/wp-content\/uploads\/2025\/04\/FWdYQOKf-Paralisacao-de-professores-na-Seduc-ft-paulo-jose-do-acorda-cidade1-1024x473-1.webp 1024w, https:\/\/uploads.acordacidade.com.br\/2025\/04\/FWdYQOKf-Paralisacao-de-professores-na-Seduc-ft-paulo-jose-do-acorda-cidade1-768x355.webp 768w, https:\/\/uploads.acordacidade.com.br\/2025\/04\/FWdYQOKf-Paralisacao-de-professores-na-Seduc-ft-paulo-jose-do-acorda-cidade1-150x69.webp 150w, https:\/\/uploads.acordacidade.com.br\/2025\/04\/FWdYQOKf-Paralisacao-de-professores-na-Seduc-ft-paulo-jose-do-acorda-cidade1.webp 1200w\" sizes=\"(max-width: 1024px) 100vw, 1024px\"><figcaption class=\"wp-element-caption\">Foto: Paulo Jos\u00e9\/Acorda Cidade<\/figcaption><\/figure>\n<p>\u201cO importante \u00e9 que houve um avan\u00e7o nessa discuss\u00e3o, porque era isso que n\u00f3s est\u00e1vamos cobrando. Tem que dar andamento, porque se n\u00e3o tinha discuss\u00e3o, n\u00e3o chamava a secretaria, n\u00e3o tinha resposta de nada, a categoria estava insatisfeita. Agora \u00e9 preciso que se viabilize toda essa agenda que ficou de discuss\u00e3o, dos pontos da nossa pauta para ter uma resposta para a gente fazer a Assembleia com os trabalhadores assim que tivermos algo de concreto do governo\u201d, informou a presidente.<\/p>\n<figure class=\"wp-block-image size-large\"><img loading=\"lazy\" decoding=\"async\" width=\"1024\" height=\"552\" src=\"http:\/\/noticiasbahia360.com.br\/wp-content\/uploads\/2025\/04\/HnEIDf7E-Paralisacao-de-professores-na-Seduc-ft-paulo-jose-do-acorda-cidade-1024x552-1.webp\" alt=\"Paralisa\u00e7\u00e3o de professores na Seduc\" class=\"wp-image-518158\" srcset=\"https:\/\/uploads.acordacidade.com.br\/2025\/04\/HnEIDf7E-Paralisacao-de-professores-na-Seduc-ft-paulo-jose-do-acorda-cidade-300x162.webp 300w, http:\/\/noticiasbahia360.com.br\/wp-content\/uploads\/2025\/04\/HnEIDf7E-Paralisacao-de-professores-na-Seduc-ft-paulo-jose-do-acorda-cidade-1024x552-1.webp 1024w, https:\/\/uploads.acordacidade.com.br\/2025\/04\/HnEIDf7E-Paralisacao-de-professores-na-Seduc-ft-paulo-jose-do-acorda-cidade-768x414.webp 768w, https:\/\/uploads.acordacidade.com.br\/2025\/04\/HnEIDf7E-Paralisacao-de-professores-na-Seduc-ft-paulo-jose-do-acorda-cidade-150x81.webp 150w, https:\/\/uploads.acordacidade.com.br\/2025\/04\/HnEIDf7E-Paralisacao-de-professores-na-Seduc-ft-paulo-jose-do-acorda-cidade.webp 1200w\" sizes=\"(max-width: 1024px) 100vw, 1024px\"><figcaption class=\"wp-element-caption\">Foto: Paulo Jos\u00e9\/Acorda Cidade<\/figcaption><\/figure>\n<p>No restante da semana, quinta e sexta, as aulas seguem normais nas escolas municipais. A presidente n\u00e3o disse quando ser\u00e3o repostas as aulas dos estudantes que ficaram pendentes por conta dos dois dias de paralisa\u00e7\u00e3o.<\/p>\n<p><em>Com informa\u00e7\u00f5es do rep\u00f3rter Paulo Jos\u00e9 do Acorda Cidade<\/em><\/p>\n<p>Leia tamb\u00e9m: <\/p>\n<p><a href=\"https:\/\/www.acordacidade.com.br\/feira-de-santana\/apos-paralisacao-secretario-afirma-que-governo-esta-avaliando-como-atender-reinvindicacoes-de-professores\/\" target=\"_blank\" rel=\"noreferrer noopener\">Ap\u00f3s paralisa\u00e7\u00e3o, secret\u00e1rio afirma que governo est\u00e1 avaliando como atender reinvindica\u00e7\u00f5es de professores<\/a><\/p>\n<p><a href=\"https:\/\/www.acordacidade.com.br\/educacao\/professores-paralisam-atividades-e-cobram-respostas-da-prefeitura-de-feira-de-santana\/\" target=\"_blank\" rel=\"noreferrer noopener\">Professores paralisam atividades e cobram respostas da Prefeitura de Feira de Santana<\/a><\/p>\n<p><a href=\"https:\/\/www.acordacidade.com.br\/feira-de-santana\/prefeitura-anuncia-reforma-e-ampliacao-de-escolas-municipais-investimento-de-mais-de-r-6-milhoes\/\" target=\"_blank\" rel=\"noreferrer noopener\">Prefeitura anuncia reforma e amplia\u00e7\u00e3o de escolas municipais; investimento de mais de R$ 6 milh\u00f5es<\/a><\/p>\n<p><em>Siga o Acorda Cidade no<\/em><a href=\"https:\/\/news.google.com\/search?q=acorda%20cidade&amp;hl=pt-BR&amp;gl=BR&amp;ceid=BR%3Apt-419\"><strong><em>\u00a0Google Not\u00edcias<\/em><\/strong><\/a><em>\u00a0e receba os principais destaques do dia. Participe tamb\u00e9m dos nossos canais no\u00a0<\/em><a href=\"https:\/\/whatsapp.com\/channel\/0029Va6Rb4v3WHTNnsh8WI3N\"><strong><em>WhatsApp<\/em><\/strong><\/a><em>\u00a0e\u00a0<\/em><a href=\"https:\/\/www.youtube.com\/@acordacidadenoticias\/videos\"><strong>Youtube<\/strong><\/a><em>\u00a0e grupo de\u00a0<\/em><a href=\"https:\/\/t.me\/+sSz0khrgARA0ZmRh\"><strong><em>Telegram<\/em><\/strong><\/a><em>.<\/em><\/p>\n<\/div>\n","protected":false},"excerpt":{"rendered":"<div>\n<div>\n<figure><img decoding=\"async\" src=\"https:\/\/uploads.acordacidade.com.br\/2025\/04\/giEAqp8p-Paralisacao-de-professores-na-Seduc-ft-paulo-jose-do-acorda-cidade2.webp\" alt=\"Paralisa\u00e7\u00e3o de professores na Seduc\"><figcaption>Foto: Paulo Jos\u00e9\/Acorda Cidade<\/figcaption><\/figure>\n<\/div>\n<p>Pela tarde, professores compareceram \u00e0 Seduc para acompanhar as discuss\u00f5es com o gestor da pasta Pablo Roberto.<\/p><\/div>\n","protected":false},"author":1,"featured_media":80890,"comment_status":"closed","ping_status":"closed","sticky":false,"template":"","format":"gallery","meta":{"footnotes":""},"categories":[8,9,6,57,56,10],"tags":[],"class_list":["post-80889","post","type-post","status-publish","format-gallery","has-post-thumbnail","hentry","category-bahia","category-brasil","category-feira-de-santana","category-mundo","category-policia","category-politica","post_format-post-format-gallery"],"featured_image_urls":{"full":["https:\/\/noticiasbahia360.com.br\/wp-content\/uploads\/2025\/04\/giEAqp8p-Paralisacao-de-professores-na-Seduc-ft-paulo-jose-do-acorda-cidade2.webp",1200,676,false],"thumbnail":["https:\/\/noticiasbahia360.com.br\/wp-content\/uploads\/2025\/04\/giEAqp8p-Paralisacao-de-professores-na-Seduc-ft-paulo-jose-do-acorda-cidade2-150x150.webp",150,150,true],"medium":["https:\/\/noticiasbahia360.com.br\/wp-content\/uploads\/2025\/04\/giEAqp8p-Paralisacao-de-professores-na-Seduc-ft-paulo-jose-do-acorda-cidade2-300x169.webp",300,169,true],"medium_large":["https:\/\/noticiasbahia360.com.br\/wp-content\/uploads\/2025\/04\/giEAqp8p-Paralisacao-de-professores-na-Seduc-ft-paulo-jose-do-acorda-cidade2-768x433.webp",640,361,true],"large":["https:\/\/noticiasbahia360.com.br\/wp-content\/uploads\/2025\/04\/giEAqp8p-Paralisacao-de-professores-na-Seduc-ft-paulo-jose-do-acorda-cidade2-1024x577.webp",640,361,true],"1536x1536":["https:\/\/noticiasbahia360.com.br\/wp-content\/uploads\/2025\/04\/giEAqp8p-Paralisacao-de-professores-na-Seduc-ft-paulo-jose-do-acorda-cidade2.webp",1200,676,false],"2048x2048":["https:\/\/noticiasbahia360.com.br\/wp-content\/uploads\/2025\/04\/giEAqp8p-Paralisacao-de-professores-na-Seduc-ft-paulo-jose-do-acorda-cidade2.webp",1200,676,false],"chromenews-featured":["https:\/\/noticiasbahia360.com.br\/wp-content\/uploads\/2025\/04\/giEAqp8p-Paralisacao-de-professores-na-Seduc-ft-paulo-jose-do-acorda-cidade2-1024x577.webp",1024,577,true],"chromenews-large":["https:\/\/noticiasbahia360.com.br\/wp-content\/uploads\/2025\/04\/giEAqp8p-Paralisacao-de-professores-na-Seduc-ft-paulo-jose-do-acorda-cidade2-825x575.webp",825,575,true],"chromenews-medium":["https:\/\/noticiasbahia360.com.br\/wp-content\/uploads\/2025\/04\/giEAqp8p-Paralisacao-de-professores-na-Seduc-ft-paulo-jose-do-acorda-cidade2-590x410.webp",590,410,true]},"author_info":{"display_name":"noticiasbahia360.com.br","author_link":"https:\/\/noticiasbahia360.com.br\/?author=1"},"category_info":"<a href=\"https:\/\/noticiasbahia360.com.br\/?cat=8\" rel=\"category\">Bahia<\/a> <a href=\"https:\/\/noticiasbahia360.com.br\/?cat=9\" rel=\"category\">Brasil<\/a> <a href=\"https:\/\/noticiasbahia360.com.br\/?cat=6\" rel=\"category\">Feira de Santana<\/a> <a href=\"https:\/\/noticiasbahia360.com.br\/?cat=57\" rel=\"category\">Mundo<\/a> <a href=\"https:\/\/noticiasbahia360.com.br\/?cat=56\" rel=\"category\">Pol\u00edcia<\/a> <a href=\"https:\/\/noticiasbahia360.com.br\/?cat=10\" rel=\"category\">Pol\u00edtica<\/a>","tag_info":"Pol\u00edtica","comment_count":"0","_links":{"self":[{"href":"https:\/\/noticiasbahia360.com.br\/index.php?rest_route=\/wp\/v2\/posts\/80889","targetHints":{"allow":["GET"]}}],"collection":[{"href":"https:\/\/noticiasbahia360.com.br\/index.php?rest_route=\/wp\/v2\/posts"}],"about":[{"href":"https:\/\/noticiasbahia360.com.br\/index.php?rest_route=\/wp\/v2\/types\/post"}],"author":[{"embeddable":true,"href":"https:\/\/noticiasbahia360.com.br\/index.php?rest_route=\/wp\/v2\/users\/1"}],"replies":[{"embeddable":true,"href":"https:\/\/noticiasbahia360.com.br\/index.php?rest_route=%2Fwp%2Fv2%2Fcomments&post=80889"}],"version-history":[{"count":0,"href":"https:\/\/noticiasbahia360.com.br\/index.php?rest_route=\/wp\/v2\/posts\/80889\/revisions"}],"wp:featuredmedia":[{"embeddable":true,"href":"https:\/\/noticiasbahia360.com.br\/index.php?rest_route=\/wp\/v2\/media\/80890"}],"wp:attachment":[{"href":"https:\/\/noticiasbahia360.com.br\/index.php?rest_route=%2Fwp%2Fv2%2Fmedia&parent=80889"}],"wp:term":[{"taxonomy":"category","embeddable":true,"href":"https:\/\/noticiasbahia360.com.br\/index.php?rest_route=%2Fwp%2Fv2%2Fcategories&post=80889"},{"taxonomy":"post_tag","embeddable":true,"href":"https:\/\/noticiasbahia360.com.br\/index.php?rest_route=%2Fwp%2Fv2%2Ftags&post=80889"}],"curies":[{"name":"wp","href":"https:\/\/api.w.org\/{rel}","templated":true}]}} 