{"id":80898,"date":"2025-04-02T20:50:10","date_gmt":"2025-04-02T23:50:10","guid":{"rendered":"https:\/\/noticiasbahia360.com.br\/?p=80898"},"modified":"2025-04-02T20:50:10","modified_gmt":"2025-04-02T23:50:10","slug":"sobre-banho-de-asfalto-prefeito-de-feira-de-santana-diz-que-nao-e-prioridade-no-momento","status":"publish","type":"post","link":"https:\/\/noticiasbahia360.com.br\/?p=80898","title":{"rendered":"Sobre \u201cbanho de asfalto\u201d, prefeito de Feira de Santana diz que n\u00e3o \u00e9 prioridade no momento"},"content":{"rendered":"<div>\n<div>\n<figure><img decoding=\"async\" src=\"http:\/\/noticiasbahia360.com.br\/wp-content\/uploads\/2025\/04\/AovrqWXL-Jose-Ronaldo-ft-paulo-jose-acorda-cidade.webp\" alt=\"Jos\u00e9 Ronaldo - Banho de Asfalto\"><figcaption>Foto: Paulo Jos\u00e9\/Acorda Cidade<\/figcaption><\/figure>\n<\/div>\n<p>O \u201cbanho de asfalto\u201d, compromisso de campanha do prefeito de <a href=\"https:\/\/www.acordacidade.com.br\/tag\/feira-de-santana\/\">Feira de Santana<\/a>, Jos\u00e9 Ronaldo de Carvalho, deve ficar para um outro momento da gest\u00e3o. Durante entrevista ao Acorda Cidade, na manh\u00e3 desta quarta-feira (2), o gestor disse que tem outras prioridades pela frente para serem executadas pela prefeitura. Nesta quarta, ele esteve no <a href=\"https:\/\/www.acordacidade.com.br\/feira-de-santana\/prefeitura-amplia-servicos-para-criancas-e-adolescentes-com-autismo-em-feira-de-santana\/\" target=\"_blank\" rel=\"noreferrer noopener\">Centro de Refer\u00eancia da Pessoa Autista Dr. Ildes Ferreira de Oliveira<\/a> para anunciar a amplia\u00e7\u00e3o nos servi\u00e7os prestados pela Prefeitura na unidade para \u00e0s pessoas com espectro do transtorno autista.<\/p>\n<p>\u201cGest\u00e3o p\u00fablica \u00e9 responsabilidade, n\u00e3o \u00e9 emo\u00e7\u00e3o, como eu me emocionei aqui agora. Gest\u00e3o p\u00fablica tem de ser feita com muita responsabilidade, planejamento e capacidade financeira para pagar. N\u00e3o \u00e9 a prioridade no momento, a prioridade era pagar os funcion\u00e1rios que tinham tanto tempo sem receber, \u00e9 comprar carteiras para botar nas escolas. A prioridade s\u00e3o a\u00e7\u00f5es como essa que n\u00f3s estamos fazendo aqui\u201d, declarou o prefeito.<\/p>\n<p>Segundo Jos\u00e9 Ronaldo, o governo est\u00e1 priorizando a\u00e7\u00f5es como a produ\u00e7\u00e3o de projetos que ser\u00e3o inscritos no Programa de Acelera\u00e7\u00e3o do Crescimento (PAC).<\/p>\n<p>\u201cAt\u00e9 o dia 31, n\u00f3s conseguimos dar v\u00e1rios projetos, vamos trabalhar. Agora n\u00f3s estamos elaborando. Projetos n\u00e3o se elaboram da noite para o dia. Projeto leva tempo para ser feito. Estamos fazendo muitas a\u00e7\u00f5es no Centro de Abastecimento, Esta\u00e7\u00e3o Nova. O asfalto tem seu momento, tem sua hora e vai precisar de dinheiro\u201d, declarou.<\/p>\n<p>O prefeito tamb\u00e9m comentou sobre o empr\u00e9stimo de R$ 200 milh\u00f5es aprovado pela C\u00e2mara Municipal em mar\u00e7o. De acordo com ele, ainda restam burocracias para serem resolvidas e que podem levar meses para serem conclu\u00eddas. <\/p>\n<p>\u201cVoc\u00ea v\u00ea que tem um projeto que foi aprovado no final do ano passado, n\u00f3s estamos andando, estamos com reuni\u00f5es marcadas. Os bancos marcam para tr\u00eas, quatro meses depois que analisam. Tudo isso \u00e9 analisado minuciosamente, tecnicamente, contabilmente, juridicamente. Tudo tem de ser feito dentro das conformidades, da legalidade. S\u00e3o recursos que s\u00e3o pagos rigorosamente\u201d.<\/p>\n<p>Ainda sobre o Banho de Asfalto, o prefeito disse que muitas ruas ser\u00e3o contempladas. As primeiras ser\u00e3o aquelas que possuem mais movimento.<\/p>\n<p>\u201cPor exemplo, a rua Papa Jo\u00e3o XXIII, foi a primeira rua que eu asfaltei como prefeito em 2001. Por qu\u00ea? Ela \u00e9 uma rua que liga para uma imensa regi\u00e3o da cidade, ent\u00e3o voc\u00ea vai fazendo. Ainda existem ruas assim, que precisam disso, que necessitam fazer. A Papa Jo\u00e3o XXIII, voc\u00ea atendeu Ch\u00e1cara S\u00e3o Cosme, Jardim Ac\u00e1cia, Tomba, atende v\u00e1rios bairros. Primeiro voc\u00ea faz a coluna, que \u00e9 a rua principal, depois voc\u00ea faz os bra\u00e7os, depois faz os dedos e voc\u00ea vai entrando para outras ruas\u201d.<\/p>\n<p><em>Com informa\u00e7\u00f5es do rep\u00f3rter Paulo Jos\u00e9 do Acorda Cidade<\/em><\/p>\n<p><strong>Leia tamb\u00e9m:<\/strong> <a href=\"https:\/\/www.acordacidade.com.br\/feira-de-santana\/prefeitura-amplia-servicos-para-criancas-e-adolescentes-com-autismo-em-feira-de-santana\/\" target=\"_blank\" rel=\"noreferrer noopener\">Prefeitura amplia servi\u00e7os para crian\u00e7as e adolescentes com autismo em Feira de Santana<\/a><\/p>\n<p><em>Siga o Acorda Cidade no<\/em><a href=\"https:\/\/news.google.com\/search?q=acorda%20cidade&amp;hl=pt-BR&amp;gl=BR&amp;ceid=BR%3Apt-419\"><strong><em>\u00a0Google Not\u00edcias<\/em><\/strong><\/a><em>\u00a0e receba os principais destaques do dia. Participe tamb\u00e9m dos nossos canais no\u00a0<\/em><a href=\"https:\/\/whatsapp.com\/channel\/0029Va6Rb4v3WHTNnsh8WI3N\"><strong><em>WhatsApp<\/em><\/strong><\/a><em>\u00a0e\u00a0<\/em><a href=\"https:\/\/www.youtube.com\/@acordacidadenoticias\/videos\"><strong>Youtube<\/strong><\/a><em>\u00a0e grupo de\u00a0<\/em><a href=\"https:\/\/t.me\/+sSz0khrgARA0ZmRh\"><strong><em>Telegram<\/em><\/strong><\/a><em>.<\/em><\/p>\n<\/div>\n","protected":false},"excerpt":{"rendered":"<div>\n<div>\n<figure><img decoding=\"async\" src=\"https:\/\/uploads.acordacidade.com.br\/2025\/04\/AovrqWXL-Jose-Ronaldo-ft-paulo-jose-acorda-cidade.webp\" alt=\"Jos\u00e9 Ronaldo - Banho de Asfalto\"><figcaption>Foto: Paulo Jos\u00e9\/Acorda Cidade<\/figcaption><\/figure>\n<\/div>\n<p>O prefeito disse que muitas ruas ser\u00e3o contempladas. As primeiras ser\u00e3o aquelas que possuem mais movimento.<\/p><\/div>\n","protected":false},"author":1,"featured_media":80899,"comment_status":"closed","ping_status":"closed","sticky":false,"template":"","format":"gallery","meta":{"footnotes":""},"categories":[8,9,6,57,56,10],"tags":[],"class_list":["post-80898","post","type-post","status-publish","format-gallery","has-post-thumbnail","hentry","category-bahia","category-brasil","category-feira-de-santana","category-mundo","category-policia","category-politica","post_format-post-format-gallery"],"featured_image_urls":{"full":["https:\/\/noticiasbahia360.com.br\/wp-content\/uploads\/2025\/04\/AovrqWXL-Jose-Ronaldo-ft-paulo-jose-acorda-cidade.webp",1200,791,false],"thumbnail":["https:\/\/noticiasbahia360.com.br\/wp-content\/uploads\/2025\/04\/AovrqWXL-Jose-Ronaldo-ft-paulo-jose-acorda-cidade-150x150.webp",150,150,true],"medium":["https:\/\/noticiasbahia360.com.br\/wp-content\/uploads\/2025\/04\/AovrqWXL-Jose-Ronaldo-ft-paulo-jose-acorda-cidade-300x198.webp",300,198,true],"medium_large":["https:\/\/noticiasbahia360.com.br\/wp-content\/uploads\/2025\/04\/AovrqWXL-Jose-Ronaldo-ft-paulo-jose-acorda-cidade-768x506.webp",640,422,true],"large":["https:\/\/noticiasbahia360.com.br\/wp-content\/uploads\/2025\/04\/AovrqWXL-Jose-Ronaldo-ft-paulo-jose-acorda-cidade-1024x675.webp",640,422,true],"1536x1536":["https:\/\/noticiasbahia360.com.br\/wp-content\/uploads\/2025\/04\/AovrqWXL-Jose-Ronaldo-ft-paulo-jose-acorda-cidade.webp",1200,791,false],"2048x2048":["https:\/\/noticiasbahia360.com.br\/wp-content\/uploads\/2025\/04\/AovrqWXL-Jose-Ronaldo-ft-paulo-jose-acorda-cidade.webp",1200,791,false],"chromenews-featured":["https:\/\/noticiasbahia360.com.br\/wp-content\/uploads\/2025\/04\/AovrqWXL-Jose-Ronaldo-ft-paulo-jose-acorda-cidade-1024x675.webp",1024,675,true],"chromenews-large":["https:\/\/noticiasbahia360.com.br\/wp-content\/uploads\/2025\/04\/AovrqWXL-Jose-Ronaldo-ft-paulo-jose-acorda-cidade-825x575.webp",825,575,true],"chromenews-medium":["https:\/\/noticiasbahia360.com.br\/wp-content\/uploads\/2025\/04\/AovrqWXL-Jose-Ronaldo-ft-paulo-jose-acorda-cidade-590x410.webp",590,410,true]},"author_info":{"display_name":"noticiasbahia360.com.br","author_link":"https:\/\/noticiasbahia360.com.br\/?author=1"},"category_info":"<a href=\"https:\/\/noticiasbahia360.com.br\/?cat=8\" rel=\"category\">Bahia<\/a> <a href=\"https:\/\/noticiasbahia360.com.br\/?cat=9\" rel=\"category\">Brasil<\/a> <a href=\"https:\/\/noticiasbahia360.com.br\/?cat=6\" rel=\"category\">Feira de Santana<\/a> <a href=\"https:\/\/noticiasbahia360.com.br\/?cat=57\" rel=\"category\">Mundo<\/a> <a href=\"https:\/\/noticiasbahia360.com.br\/?cat=56\" rel=\"category\">Pol\u00edcia<\/a> <a href=\"https:\/\/noticiasbahia360.com.br\/?cat=10\" rel=\"category\">Pol\u00edtica<\/a>","tag_info":"Pol\u00edtica","comment_count":"0","_links":{"self":[{"href":"https:\/\/noticiasbahia360.com.br\/index.php?rest_route=\/wp\/v2\/posts\/80898","targetHints":{"allow":["GET"]}}],"collection":[{"href":"https:\/\/noticiasbahia360.com.br\/index.php?rest_route=\/wp\/v2\/posts"}],"about":[{"href":"https:\/\/noticiasbahia360.com.br\/index.php?rest_route=\/wp\/v2\/types\/post"}],"author":[{"embeddable":true,"href":"https:\/\/noticiasbahia360.com.br\/index.php?rest_route=\/wp\/v2\/users\/1"}],"replies":[{"embeddable":true,"href":"https:\/\/noticiasbahia360.com.br\/index.php?rest_route=%2Fwp%2Fv2%2Fcomments&post=80898"}],"version-history":[{"count":0,"href":"https:\/\/noticiasbahia360.com.br\/index.php?rest_route=\/wp\/v2\/posts\/80898\/revisions"}],"wp:featuredmedia":[{"embeddable":true,"href":"https:\/\/noticiasbahia360.com.br\/index.php?rest_route=\/wp\/v2\/media\/80899"}],"wp:attachment":[{"href":"https:\/\/noticiasbahia360.com.br\/index.php?rest_route=%2Fwp%2Fv2%2Fmedia&parent=80898"}],"wp:term":[{"taxonomy":"category","embeddable":true,"href":"https:\/\/noticiasbahia360.com.br\/index.php?rest_route=%2Fwp%2Fv2%2Fcategories&post=80898"},{"taxonomy":"post_tag","embeddable":true,"href":"https:\/\/noticiasbahia360.com.br\/index.php?rest_route=%2Fwp%2Fv2%2Ftags&post=80898"}],"curies":[{"name":"wp","href":"https:\/\/api.w.org\/{rel}","templated":true}]}}