{"id":80900,"date":"2025-04-02T22:08:20","date_gmt":"2025-04-03T01:08:20","guid":{"rendered":"https:\/\/noticiasbahia360.com.br\/?p=80900"},"modified":"2025-04-02T22:08:20","modified_gmt":"2025-04-03T01:08:20","slug":"autismo-psicologa-bianca-reis-destaca-a-importancia-do-diagnostico-precoce","status":"publish","type":"post","link":"https:\/\/noticiasbahia360.com.br\/?p=80900","title":{"rendered":"Autismo: psic\u00f3loga Bianca Reis destaca a import\u00e2ncia do diagn\u00f3stico precoce"},"content":{"rendered":"<div>\n<div>\n<figure><img decoding=\"async\" src=\"http:\/\/noticiasbahia360.com.br\/wp-content\/uploads\/2025\/04\/psicologa_biancareis_divulgacao.jpg\" alt=\"Psic\u00f3loga\"><figcaption>Foto: Divulga\u00e7\u00e3o<\/figcaption><\/figure>\n<\/div>\n<p>O Transtorno do Espectro Autista (TEA) faz parte dos dist\u00farbios do neurodesenvolvimento caracterizado por comprometimento da intera\u00e7\u00e3o social, comunica\u00e7\u00e3o verbal e n\u00e3o verbal com interesses restritos e repetitivos. Normalmente o autismo \u00e9 identificado na inf\u00e2ncia entre um ano e meio e tr\u00eas anos, algumas vezes os sinais aparecem nos primeiros meses de vida, mas n\u00e3o \u00e9 incomum tamb\u00e9m que pessoas dentro do espectro sejam diagnosticadas em idade mais avan\u00e7ada.<\/p>\n<p>\u201cO autismo \u00e9 uma quest\u00e3o social assim como de sa\u00fade p\u00fablica. Com isso, conscientizar a popula\u00e7\u00e3o, buscar pol\u00edticas p\u00fablicas e melhorias para as pessoas com TEA e suas fam\u00edlias \u00e9 essencial e indispens\u00e1vel\u2019\u2019, afirma a psic\u00f3loga Bianca Reis.<\/p>\n<p>O Transtorno do Espectro Autista afeta o sistema nervoso, sendo que, o alcance e a gravidade dos sintomas s\u00e3o de grande variabilidade. O dia dois de abril \u00e9 considerado o dia mundial de conscientiza\u00e7\u00e3o do autismo, mas o m\u00eas de abril \u00e9 dedicado a discuss\u00f5es sobre o assunto. A data foi escolhida em 18 de dezembro de 2007, pela ONU (Organiza\u00e7\u00e3o das Na\u00e7\u00f5es Unidas), com o objetivo de conscientizar a popula\u00e7\u00e3o acerca dessa quest\u00e3o e diminuir o preconceito das pessoas que apresentam esse transtorno.<\/p>\n<p>A especialista acrescenta que a romantiza\u00e7\u00e3o do diagn\u00f3stico de autismo, tem preocupado bastante os profissionais.<\/p>\n<p>\u201cA romantiza\u00e7\u00e3o do autismo provoca brigas dentro da comunidade, faz as pessoas terem o entendimento errado do que \u00e9 o autismo e influencia as pol\u00edticas p\u00fablicas e toda legisla\u00e7\u00e3o ou toda discuss\u00e3o de pol\u00edtica p\u00fablica causa v\u00e1rias implica\u00e7\u00f5es na comunidade do autismo.<br \/>Al\u00e9m do aumento dos diagn\u00f3sticos devido a subnotifica\u00e7\u00e3o do passado e quest\u00f5es multifatoriais, h\u00e1 tamb\u00e9m quem esteja passando a considerar que obter o diagn\u00f3stico, sem estar no Espectro \u00e9 interessante.\u201d argumenta.<\/p>\n<p>Apesar e al\u00e9m, de acordo com a OMS (Organiza\u00e7\u00e3o Mundial de Sa\u00fade), temos atualmente mais de 70 milh\u00f5es de pessoas com Transtorno de Espectro Autista (TEA) no mundo e mais de 2 milh\u00f5es no Brasil.<\/p>\n<p>Entretanto, ainda h\u00e1 tamb\u00e9m grupos que tem \u201ccrian\u00e7as diagnosticadas com TEA, assim como seus familiares, que n\u00e3o se sentem \u00e0 vontade para falar do assunto abertamente, pois ainda existe discrimina\u00e7\u00e3o em rela\u00e7\u00e3o a essa tem\u00e1tica\u201d, acrescenta a psic\u00f3loga.<\/p>\n<p>O diagn\u00f3stico precoce do autismo \u00e9 de extrema import\u00e2ncia, pois quanto mais cedo os respons\u00e1veis entenderem o que ocorre com a crian\u00e7a, mais f\u00e1cil ser\u00e1 a compreens\u00e3o de sua rotina, necessidades e desafios.<\/p>\n<p>\u201c\u00c9 indispens\u00e1vel ampliar a visibilidade para essa luta, \u00e9 preciso acesso \u00e0s avalia\u00e7\u00f5es diagn\u00f3sticas pr\u00e9vias, interven\u00e7\u00f5es especializadas, pol\u00edticas p\u00fablicas e respeito pela diversidade\u201d, continua Bianca Reis.<\/p>\n<p>A lei 12.764 de 2012 foi um marco importante e trouxe para a sociedade prote\u00e7\u00e3o dos direitos da pessoa com Transtorno do Espectro Autista e, al\u00e9m disso, em 2020 a lei 13.977 criou a carteira de identifica\u00e7\u00e3o da pessoa com autismo, mas, ainda assim, essas pessoas s\u00e3o esquecidas ou pseudo aceitas, ficando fora das salas de aula e, quando adultos, do mercado de trabalho.<\/p>\n<p>\u201cO compromisso em acreditar, estimular e inserir com inclus\u00e3o afetiva (e n\u00e3o apenas aceita\u00e7\u00e3o), contextualizada e respeitosa \u00e9 premissa indispens\u00e1vel para o desenvolvimento das potencialidades individuais, conquista de autonomia e qualidade de vida, do paciente com TEA\u201d, conclui a psic\u00f3loga Bianca Reis.<\/p>\n<p><strong>Sobre Bianca Reis<\/strong><\/p>\n<p>Psic\u00f3loga 03\/11.152, Psicoterapeuta, Palestrante e Facilitadora de Grupos. Bianca \u00e9 Mestra em Fam\u00edlia, Especialista em Psicoterapia Junguiana e P\u00f3s-graduada em Estimula\u00e7\u00e3o Precoce e p\u00f3s-graduanda em Neuropsicologia: avalia\u00e7\u00e3o e Reabilita\u00e7\u00e3o neuropsicologica, P\u00f3s graduanda em Psicologia do Desenvolvimento e da Aprendizagem e Formada em Terapia do Esquema. Atua h\u00e1 mais de 11 anos na \u00e1rea cl\u00ednica, tratando de pacientes com demandas voltadas aos relacionamentos familiares e rom\u00e2nticos, sexualidade, g\u00eanero, inf\u00e2ncia, ansiedade, depress\u00e3o e outras importantes quest\u00f5es psicol\u00f3gicas e humanas.<\/p>\n<p><em>Siga o Acorda Cidade no<\/em><a href=\"https:\/\/news.google.com\/search?q=acorda%20cidade&amp;hl=pt-BR&amp;gl=BR&amp;ceid=BR%3Apt-419\"><strong><em> Google Not\u00edcias<\/em><\/strong><\/a><em> e receba os principais destaques do dia. Participe tamb\u00e9m dos nossos canais no <\/em><a href=\"https:\/\/whatsapp.com\/channel\/0029Va6Rb4v3WHTNnsh8WI3N\"><strong><em>WhatsApp<\/em><\/strong><\/a><em> e <\/em><a href=\"https:\/\/www.youtube.com\/@acordacidadenoticias\/videos\"><strong>Youtube<\/strong><\/a><em> e grupo de <\/em><a href=\"https:\/\/t.me\/+sSz0khrgARA0ZmRh\"><strong><em>Telegram<\/em><\/strong><\/a><em>.<\/em><\/p>\n<\/div>\n","protected":false},"excerpt":{"rendered":"<div>\n<div>\n<figure><img decoding=\"async\" src=\"https:\/\/uploads.acordacidade.com.br\/2025\/04\/psicologa_biancareis_divulgacao.jpg\" alt=\"Psic\u00f3loga\"><figcaption>Foto: Divulga\u00e7\u00e3o<\/figcaption><\/figure>\n<\/div>\n<p>A especialista acrescenta que a romantiza\u00e7\u00e3o do diagn\u00f3stico de autismo, tem preocupado bastante os profissionais.<\/p><\/div>\n","protected":false},"author":1,"featured_media":80901,"comment_status":"closed","ping_status":"closed","sticky":false,"template":"","format":"gallery","meta":{"footnotes":""},"categories":[8,9,6,57,56,10],"tags":[],"class_list":["post-80900","post","type-post","status-publish","format-gallery","has-post-thumbnail","hentry","category-bahia","category-brasil","category-feira-de-santana","category-mundo","category-policia","category-politica","post_format-post-format-gallery"],"featured_image_urls":{"full":["https:\/\/noticiasbahia360.com.br\/wp-content\/uploads\/2025\/04\/psicologa_biancareis_divulgacao.jpg",1200,815,false],"thumbnail":["https:\/\/noticiasbahia360.com.br\/wp-content\/uploads\/2025\/04\/psicologa_biancareis_divulgacao-150x150.jpg",150,150,true],"medium":["https:\/\/noticiasbahia360.com.br\/wp-content\/uploads\/2025\/04\/psicologa_biancareis_divulgacao-300x204.jpg",300,204,true],"medium_large":["https:\/\/noticiasbahia360.com.br\/wp-content\/uploads\/2025\/04\/psicologa_biancareis_divulgacao-768x522.jpg",640,435,true],"large":["https:\/\/noticiasbahia360.com.br\/wp-content\/uploads\/2025\/04\/psicologa_biancareis_divulgacao-1024x695.jpg",640,434,true],"1536x1536":["https:\/\/noticiasbahia360.com.br\/wp-content\/uploads\/2025\/04\/psicologa_biancareis_divulgacao.jpg",1200,815,false],"2048x2048":["https:\/\/noticiasbahia360.com.br\/wp-content\/uploads\/2025\/04\/psicologa_biancareis_divulgacao.jpg",1200,815,false],"chromenews-featured":["https:\/\/noticiasbahia360.com.br\/wp-content\/uploads\/2025\/04\/psicologa_biancareis_divulgacao-1024x695.jpg",1024,695,true],"chromenews-large":["https:\/\/noticiasbahia360.com.br\/wp-content\/uploads\/2025\/04\/psicologa_biancareis_divulgacao-825x575.jpg",825,575,true],"chromenews-medium":["https:\/\/noticiasbahia360.com.br\/wp-content\/uploads\/2025\/04\/psicologa_biancareis_divulgacao-590x410.jpg",590,410,true]},"author_info":{"display_name":"noticiasbahia360.com.br","author_link":"https:\/\/noticiasbahia360.com.br\/?author=1"},"category_info":"<a href=\"https:\/\/noticiasbahia360.com.br\/?cat=8\" rel=\"category\">Bahia<\/a> <a href=\"https:\/\/noticiasbahia360.com.br\/?cat=9\" rel=\"category\">Brasil<\/a> <a href=\"https:\/\/noticiasbahia360.com.br\/?cat=6\" rel=\"category\">Feira de Santana<\/a> <a href=\"https:\/\/noticiasbahia360.com.br\/?cat=57\" rel=\"category\">Mundo<\/a> <a href=\"https:\/\/noticiasbahia360.com.br\/?cat=56\" rel=\"category\">Pol\u00edcia<\/a> <a href=\"https:\/\/noticiasbahia360.com.br\/?cat=10\" rel=\"category\">Pol\u00edtica<\/a>","tag_info":"Pol\u00edtica","comment_count":"0","_links":{"self":[{"href":"https:\/\/noticiasbahia360.com.br\/index.php?rest_route=\/wp\/v2\/posts\/80900","targetHints":{"allow":["GET"]}}],"collection":[{"href":"https:\/\/noticiasbahia360.com.br\/index.php?rest_route=\/wp\/v2\/posts"}],"about":[{"href":"https:\/\/noticiasbahia360.com.br\/index.php?rest_route=\/wp\/v2\/types\/post"}],"author":[{"embeddable":true,"href":"https:\/\/noticiasbahia360.com.br\/index.php?rest_route=\/wp\/v2\/users\/1"}],"replies":[{"embeddable":true,"href":"https:\/\/noticiasbahia360.com.br\/index.php?rest_route=%2Fwp%2Fv2%2Fcomments&post=80900"}],"version-history":[{"count":0,"href":"https:\/\/noticiasbahia360.com.br\/index.php?rest_route=\/wp\/v2\/posts\/80900\/revisions"}],"wp:featuredmedia":[{"embeddable":true,"href":"https:\/\/noticiasbahia360.com.br\/index.php?rest_route=\/wp\/v2\/media\/80901"}],"wp:attachment":[{"href":"https:\/\/noticiasbahia360.com.br\/index.php?rest_route=%2Fwp%2Fv2%2Fmedia&parent=80900"}],"wp:term":[{"taxonomy":"category","embeddable":true,"href":"https:\/\/noticiasbahia360.com.br\/index.php?rest_route=%2Fwp%2Fv2%2Fcategories&post=80900"},{"taxonomy":"post_tag","embeddable":true,"href":"https:\/\/noticiasbahia360.com.br\/index.php?rest_route=%2Fwp%2Fv2%2Ftags&post=80900"}],"curies":[{"name":"wp","href":"https:\/\/api.w.org\/{rel}","templated":true}]}}