{"id":80906,"date":"2025-04-02T22:46:45","date_gmt":"2025-04-03T01:46:45","guid":{"rendered":"https:\/\/noticiasbahia360.com.br\/?p=80906"},"modified":"2025-04-02T22:46:45","modified_gmt":"2025-04-03T01:46:45","slug":"trump-impoe-tarifa-de-10-sobre-produtos-brasileiros","status":"publish","type":"post","link":"https:\/\/noticiasbahia360.com.br\/?p=80906","title":{"rendered":"Trump imp\u00f5e tarifa de 10% sobre produtos brasileiros"},"content":{"rendered":"<div>\n<div>\n<figure><img decoding=\"async\" src=\"http:\/\/noticiasbahia360.com.br\/wp-content\/uploads\/2025\/04\/mnsL2oOH-Trump-Foto-Reproducao-Globo-News.png\" alt=\"Trump\"><figcaption>Foto:  Reprodu\u00e7\u00e3o\/Globo News <\/figcaption><\/figure>\n<\/div>\n<p>Ag\u00eancia Brasil \u2013 O presidente dos <a href=\"https:\/\/www.acordacidade.com.br\/tag\/estados-unidos\/\">Estados Unidos<\/a>, Donald Trump, anunciou hoje (2) um \u201ctarifa\u00e7o\u201d global sobre impostos de importa\u00e7\u00e3o. A data foi nomeada pelo republicano como o \u201cDia de Liberta\u00e7\u00e3o\u201d. Ele confirmou uma\u00a0<strong>taxa de 10% para os produtos brasileiros<\/strong>.<img decoding=\"async\" src=\"https:\/\/agenciabrasil.ebc.com.br\/ebc.png?id=1637242&amp;o=node\"><img decoding=\"async\" src=\"https:\/\/agenciabrasil.ebc.com.br\/ebc.gif?id=1637242&amp;o=node\"><\/p>\n<p>Trump prometeu implementar tarifas rec\u00edprocas a pa\u00edses que cobram taxa de importa\u00e7\u00e3o de produtos americanos. No evento, ele\u00a0anunciou tarifa de\u00a0<strong>20% sobre a Uni\u00e3o Europeia, 34% sobre a China e 46% sobre o Vietn\u00e3<\/strong>.<\/p>\n<p>O presidente confirmou ainda uma\u00a0<strong>taxa de 25% sobre todos os ve\u00edculos importados<\/strong>.\u00a0<\/p>\n<p>Em transmiss\u00e3o da\u00a0Casa Branca, ele disse que a aplica\u00e7\u00e3o das tarifas aos outros pa\u00edses \u201c\u00e9 uma medida gentil\u201d\u00a0que tornar\u00e1 os \u201cEstados Unidos\u00a0grande novamente\u201d.<\/p>\n<p>Segundo ele, as tarifas rec\u00edprocas ser\u00e3o de ao menos metade da al\u00edquota cobrada pelos outros pa\u00edses, com uma taxa m\u00ednima de 10%.<\/p>\n<p>No an\u00fancio, ele fez cr\u00edticas aos governos passados, em especial a administra\u00e7\u00e3o de Joe Biden, por terem deixado outros pa\u00edses aplicarem elevadas taxas aos produtos norte-americanos, impactando a ind\u00fastria nacional.\u00a0Segundo ele, esses pa\u00edses \u201cest\u00e3o roubando\u201d e \u201clevando vantagem\u201d dos EUA.<\/p>\n<p><em>Siga o Acorda Cidade no<\/em><a href=\"https:\/\/news.google.com\/search?q=acorda%20cidade&amp;hl=pt-BR&amp;gl=BR&amp;ceid=BR%3Apt-419\"><strong><em> Google Not\u00edcias<\/em><\/strong><\/a><em> e receba os principais destaques do dia. Participe tamb\u00e9m dos nossos canais no <\/em><a href=\"https:\/\/whatsapp.com\/channel\/0029Va6Rb4v3WHTNnsh8WI3N\"><strong><em>WhatsApp<\/em><\/strong><\/a><em> e <\/em><a href=\"https:\/\/www.youtube.com\/@acordacidadenoticias\/videos\"><strong>Youtube<\/strong><\/a><em> e grupo de <\/em><a href=\"https:\/\/t.me\/+sSz0khrgARA0ZmRh\"><strong><em>Telegram<\/em><\/strong><\/a><em>.<\/em><\/p>\n<\/div>\n","protected":false},"excerpt":{"rendered":"<div>\n<div>\n<figure><img decoding=\"async\" src=\"https:\/\/uploads.acordacidade.com.br\/2025\/01\/mnsL2oOH-Trump-Foto-Reproducao-Globo-News.png\" alt=\"Trump\"><figcaption>Foto:  Reprodu\u00e7\u00e3o\/Globo News <\/figcaption><\/figure>\n<\/div>\n<p>Presidente dos EUA prometeu implementar tarifas rec\u00edprocas.<\/p><\/div>\n","protected":false},"author":1,"featured_media":80907,"comment_status":"closed","ping_status":"closed","sticky":false,"template":"","format":"gallery","meta":{"footnotes":""},"categories":[8,9,6,57,56,10],"tags":[],"class_list":["post-80906","post","type-post","status-publish","format-gallery","has-post-thumbnail","hentry","category-bahia","category-brasil","category-feira-de-santana","category-mundo","category-policia","category-politica","post_format-post-format-gallery"],"featured_image_urls":{"full":["https:\/\/noticiasbahia360.com.br\/wp-content\/uploads\/2025\/04\/mnsL2oOH-Trump-Foto-Reproducao-Globo-News.png",405,244,false],"thumbnail":["https:\/\/noticiasbahia360.com.br\/wp-content\/uploads\/2025\/04\/mnsL2oOH-Trump-Foto-Reproducao-Globo-News-150x150.png",150,150,true],"medium":["https:\/\/noticiasbahia360.com.br\/wp-content\/uploads\/2025\/04\/mnsL2oOH-Trump-Foto-Reproducao-Globo-News-300x181.png",300,181,true],"medium_large":["https:\/\/noticiasbahia360.com.br\/wp-content\/uploads\/2025\/04\/mnsL2oOH-Trump-Foto-Reproducao-Globo-News.png",405,244,false],"large":["https:\/\/noticiasbahia360.com.br\/wp-content\/uploads\/2025\/04\/mnsL2oOH-Trump-Foto-Reproducao-Globo-News.png",405,244,false],"1536x1536":["https:\/\/noticiasbahia360.com.br\/wp-content\/uploads\/2025\/04\/mnsL2oOH-Trump-Foto-Reproducao-Globo-News.png",405,244,false],"2048x2048":["https:\/\/noticiasbahia360.com.br\/wp-content\/uploads\/2025\/04\/mnsL2oOH-Trump-Foto-Reproducao-Globo-News.png",405,244,false],"chromenews-featured":["https:\/\/noticiasbahia360.com.br\/wp-content\/uploads\/2025\/04\/mnsL2oOH-Trump-Foto-Reproducao-Globo-News.png",405,244,false],"chromenews-large":["https:\/\/noticiasbahia360.com.br\/wp-content\/uploads\/2025\/04\/mnsL2oOH-Trump-Foto-Reproducao-Globo-News.png",405,244,false],"chromenews-medium":["https:\/\/noticiasbahia360.com.br\/wp-content\/uploads\/2025\/04\/mnsL2oOH-Trump-Foto-Reproducao-Globo-News.png",405,244,false]},"author_info":{"display_name":"noticiasbahia360.com.br","author_link":"https:\/\/noticiasbahia360.com.br\/?author=1"},"category_info":"<a href=\"https:\/\/noticiasbahia360.com.br\/?cat=8\" rel=\"category\">Bahia<\/a> <a href=\"https:\/\/noticiasbahia360.com.br\/?cat=9\" rel=\"category\">Brasil<\/a> <a href=\"https:\/\/noticiasbahia360.com.br\/?cat=6\" rel=\"category\">Feira de Santana<\/a> <a href=\"https:\/\/noticiasbahia360.com.br\/?cat=57\" rel=\"category\">Mundo<\/a> <a href=\"https:\/\/noticiasbahia360.com.br\/?cat=56\" rel=\"category\">Pol\u00edcia<\/a> <a href=\"https:\/\/noticiasbahia360.com.br\/?cat=10\" rel=\"category\">Pol\u00edtica<\/a>","tag_info":"Pol\u00edtica","comment_count":"0","_links":{"self":[{"href":"https:\/\/noticiasbahia360.com.br\/index.php?rest_route=\/wp\/v2\/posts\/80906","targetHints":{"allow":["GET"]}}],"collection":[{"href":"https:\/\/noticiasbahia360.com.br\/index.php?rest_route=\/wp\/v2\/posts"}],"about":[{"href":"https:\/\/noticiasbahia360.com.br\/index.php?rest_route=\/wp\/v2\/types\/post"}],"author":[{"embeddable":true,"href":"https:\/\/noticiasbahia360.com.br\/index.php?rest_route=\/wp\/v2\/users\/1"}],"replies":[{"embeddable":true,"href":"https:\/\/noticiasbahia360.com.br\/index.php?rest_route=%2Fwp%2Fv2%2Fcomments&post=80906"}],"version-history":[{"count":0,"href":"https:\/\/noticiasbahia360.com.br\/index.php?rest_route=\/wp\/v2\/posts\/80906\/revisions"}],"wp:featuredmedia":[{"embeddable":true,"href":"https:\/\/noticiasbahia360.com.br\/index.php?rest_route=\/wp\/v2\/media\/80907"}],"wp:attachment":[{"href":"https:\/\/noticiasbahia360.com.br\/index.php?rest_route=%2Fwp%2Fv2%2Fmedia&parent=80906"}],"wp:term":[{"taxonomy":"category","embeddable":true,"href":"https:\/\/noticiasbahia360.com.br\/index.php?rest_route=%2Fwp%2Fv2%2Fcategories&post=80906"},{"taxonomy":"post_tag","embeddable":true,"href":"https:\/\/noticiasbahia360.com.br\/index.php?rest_route=%2Fwp%2Fv2%2Ftags&post=80906"}],"curies":[{"name":"wp","href":"https:\/\/api.w.org\/{rel}","templated":true}]}} 