{"id":80908,"date":"2025-04-02T22:55:14","date_gmt":"2025-04-03T01:55:14","guid":{"rendered":"https:\/\/noticiasbahia360.com.br\/?p=80908"},"modified":"2025-04-02T22:55:14","modified_gmt":"2025-04-03T01:55:14","slug":"moraes-rejeita-pedido-de-prisao-de-bolsonaro","status":"publish","type":"post","link":"https:\/\/noticiasbahia360.com.br\/?p=80908","title":{"rendered":"Moraes rejeita pedido de pris\u00e3o de Bolsonaro"},"content":{"rendered":"<div>\n<div>\n<figure><img decoding=\"async\" src=\"http:\/\/noticiasbahia360.com.br\/wp-content\/uploads\/2025\/04\/Alexandre-de-Morais.png\" alt=\"Alexandre de Morais\"><figcaption> Foto: Rosinei Coutinho\/SCO\/STF<\/figcaption><\/figure>\n<\/div>\n<p>Ag\u00eancia Brasil \u2013 <strong>O ministro Alexandre de Moraes, do Supremo Tribunal Federal (STF), negou nesta quarta-feira (2) o pedido de pris\u00e3o do ex-presidente <a href=\"https:\/\/www.acordacidade.com.br\/tag\/jair-bolsonaro\/\">Jair Bolsonaro<\/a>.<\/strong><img decoding=\"async\" src=\"https:\/\/agenciabrasil.ebc.com.br\/ebc.png?id=1637260&amp;o=node\"><img decoding=\"async\" src=\"https:\/\/agenciabrasil.ebc.com.br\/ebc.gif?id=1637260&amp;o=node\"><\/p>\n<p>Moraes acolheu parecer enviado mais cedo pelo procurador-geral da Rep\u00fablica, Paulo Gonet, contra a medida.<\/p>\n<p>A decis\u00e3o \u00e9 resposta a\u00a0uma not\u00edcia-crime protocolada no m\u00eas passado pela vereadora Liana Cirne (PT-PE) pedindo que a medida fosse adotada.\u00a0<strong>Na peti\u00e7\u00e3o, a parlamentar alegou que Bolsonaro cometeu incita\u00e7\u00e3o ao crime ao convocar manifesta\u00e7\u00f5es de seus apoiadores para defender a anistia para os condenados pelos atos golpistas de 8 de janeiro,\u00a0<\/strong>quando apoiadores do ex-presidente invadiram as sedes dos Tr\u00eas Poderes em Bras\u00edlia<strong>.<\/strong><\/p>\n<p><strong>Segundo Moraes, a vereadora n\u00e3o tem legitimidade para solicitar o pedido de pris\u00e3o.<\/strong><\/p>\n<blockquote class=\"wp-block-quote is-layout-flow wp-block-quote-is-layout-flow\">\n<p>\u201cDiante do exposto, acolho a manifesta\u00e7\u00e3o da Procuradoria-Geral da Rep\u00fablica e n\u00e3o conhe\u00e7o dos pedidos formulados por ilegitimidade de parte\u201d, decidiu.<\/p>\n<\/blockquote>\n<p>No parecer enviado ao STF, a PGR acrescentou que j\u00e1 avaliou a necessidade de pris\u00e3o de Bolsonaro na den\u00fancia sobre a trama golpista. A pris\u00e3o do ex-presidente n\u00e3o foi solicitada.<\/p>\n<p><em>Siga o Acorda Cidade no<\/em><a href=\"https:\/\/news.google.com\/search?q=acorda%20cidade&amp;hl=pt-BR&amp;gl=BR&amp;ceid=BR%3Apt-419\"><strong><em> Google Not\u00edcias<\/em><\/strong><\/a><em> e receba os principais destaques do dia. Participe tamb\u00e9m dos nossos canais no <\/em><a href=\"https:\/\/whatsapp.com\/channel\/0029Va6Rb4v3WHTNnsh8WI3N\"><strong><em>WhatsApp<\/em><\/strong><\/a><em> e <\/em><a href=\"https:\/\/www.youtube.com\/@acordacidadenoticias\/videos\"><strong>Youtube<\/strong><\/a><em> e grupo de <\/em><a href=\"https:\/\/t.me\/+sSz0khrgARA0ZmRh\"><strong><em>Telegram<\/em><\/strong><\/a><em>.<\/em><\/p>\n<\/div>\n","protected":false},"excerpt":{"rendered":"<div>\n<div>\n<figure><img decoding=\"async\" src=\"https:\/\/www.acordacidade.com.br\/wp-content\/uploads\/2024\/06\/Alexandre-de-Morais.png\" alt=\"Alexandre de Morais\"><figcaption> Foto: Rosinei Coutinho\/SCO\/STF<\/figcaption><\/figure>\n<\/div>\n<p>Pedido foi feito por vereadora do PT que alega incita\u00e7\u00e3o ao crime.<\/p><\/div>\n","protected":false},"author":1,"featured_media":80909,"comment_status":"closed","ping_status":"closed","sticky":false,"template":"","format":"gallery","meta":{"footnotes":""},"categories":[8,9,6,57,56,10],"tags":[],"class_list":["post-80908","post","type-post","status-publish","format-gallery","has-post-thumbnail","hentry","category-bahia","category-brasil","category-feira-de-santana","category-mundo","category-policia","category-politica","post_format-post-format-gallery"],"featured_image_urls":{"full":["https:\/\/noticiasbahia360.com.br\/wp-content\/uploads\/2025\/04\/Alexandre-de-Morais.png",640,377,false],"thumbnail":["https:\/\/noticiasbahia360.com.br\/wp-content\/uploads\/2025\/04\/Alexandre-de-Morais-150x150.png",150,150,true],"medium":["https:\/\/noticiasbahia360.com.br\/wp-content\/uploads\/2025\/04\/Alexandre-de-Morais-300x177.png",300,177,true],"medium_large":["https:\/\/noticiasbahia360.com.br\/wp-content\/uploads\/2025\/04\/Alexandre-de-Morais.png",640,377,false],"large":["https:\/\/noticiasbahia360.com.br\/wp-content\/uploads\/2025\/04\/Alexandre-de-Morais.png",640,377,false],"1536x1536":["https:\/\/noticiasbahia360.com.br\/wp-content\/uploads\/2025\/04\/Alexandre-de-Morais.png",640,377,false],"2048x2048":["https:\/\/noticiasbahia360.com.br\/wp-content\/uploads\/2025\/04\/Alexandre-de-Morais.png",640,377,false],"chromenews-featured":["https:\/\/noticiasbahia360.com.br\/wp-content\/uploads\/2025\/04\/Alexandre-de-Morais.png",640,377,false],"chromenews-large":["https:\/\/noticiasbahia360.com.br\/wp-content\/uploads\/2025\/04\/Alexandre-de-Morais.png",640,377,false],"chromenews-medium":["https:\/\/noticiasbahia360.com.br\/wp-content\/uploads\/2025\/04\/Alexandre-de-Morais-590x377.png",590,377,true]},"author_info":{"display_name":"noticiasbahia360.com.br","author_link":"https:\/\/noticiasbahia360.com.br\/?author=1"},"category_info":"<a href=\"https:\/\/noticiasbahia360.com.br\/?cat=8\" rel=\"category\">Bahia<\/a> <a href=\"https:\/\/noticiasbahia360.com.br\/?cat=9\" rel=\"category\">Brasil<\/a> <a href=\"https:\/\/noticiasbahia360.com.br\/?cat=6\" rel=\"category\">Feira de Santana<\/a> <a href=\"https:\/\/noticiasbahia360.com.br\/?cat=57\" rel=\"category\">Mundo<\/a> <a href=\"https:\/\/noticiasbahia360.com.br\/?cat=56\" rel=\"category\">Pol\u00edcia<\/a> <a href=\"https:\/\/noticiasbahia360.com.br\/?cat=10\" rel=\"category\">Pol\u00edtica<\/a>","tag_info":"Pol\u00edtica","comment_count":"0","_links":{"self":[{"href":"https:\/\/noticiasbahia360.com.br\/index.php?rest_route=\/wp\/v2\/posts\/80908","targetHints":{"allow":["GET"]}}],"collection":[{"href":"https:\/\/noticiasbahia360.com.br\/index.php?rest_route=\/wp\/v2\/posts"}],"about":[{"href":"https:\/\/noticiasbahia360.com.br\/index.php?rest_route=\/wp\/v2\/types\/post"}],"author":[{"embeddable":true,"href":"https:\/\/noticiasbahia360.com.br\/index.php?rest_route=\/wp\/v2\/users\/1"}],"replies":[{"embeddable":true,"href":"https:\/\/noticiasbahia360.com.br\/index.php?rest_route=%2Fwp%2Fv2%2Fcomments&post=80908"}],"version-history":[{"count":0,"href":"https:\/\/noticiasbahia360.com.br\/index.php?rest_route=\/wp\/v2\/posts\/80908\/revisions"}],"wp:featuredmedia":[{"embeddable":true,"href":"https:\/\/noticiasbahia360.com.br\/index.php?rest_route=\/wp\/v2\/media\/80909"}],"wp:attachment":[{"href":"https:\/\/noticiasbahia360.com.br\/index.php?rest_route=%2Fwp%2Fv2%2Fmedia&parent=80908"}],"wp:term":[{"taxonomy":"category","embeddable":true,"href":"https:\/\/noticiasbahia360.com.br\/index.php?rest_route=%2Fwp%2Fv2%2Fcategories&post=80908"},{"taxonomy":"post_tag","embeddable":true,"href":"https:\/\/noticiasbahia360.com.br\/index.php?rest_route=%2Fwp%2Fv2%2Ftags&post=80908"}],"curies":[{"name":"wp","href":"https:\/\/api.w.org\/{rel}","templated":true}]}}