{"id":80916,"date":"2025-04-03T06:57:17","date_gmt":"2025-04-03T09:57:17","guid":{"rendered":"https:\/\/noticiasbahia360.com.br\/?p=80916"},"modified":"2025-04-03T06:57:17","modified_gmt":"2025-04-03T09:57:17","slug":"homem-e-preso-em-flagrante-apos-manter-advogada-de-79-anos-feita-como-refem-em-feira-de-santana","status":"publish","type":"post","link":"https:\/\/noticiasbahia360.com.br\/?p=80916","title":{"rendered":"Homem \u00e9 preso em flagrante ap\u00f3s manter advogada de 79 anos feita como ref\u00e9m em Feira de Santana"},"content":{"rendered":"<div>\n<div>\n<figure><img decoding=\"async\" src=\"http:\/\/noticiasbahia360.com.br\/wp-content\/uploads\/2025\/04\/materialapreendido_policiamilitar_extorsaodeadvogada.jpg\" alt=\"Material Apreendido\"><figcaption>Foto: Pol\u00edcia Militar<\/figcaption><\/figure>\n<\/div>\n<p>A Pol\u00edcia Militar prendeu, na noite de quarta-feira (2), um homem acusado de roubo e c\u00e1rcere privado no bairro Jardim Ac\u00e1cia, em <a href=\"https:\/\/www.acordacidade.com.br\/tag\/feira-de-santana\/\">Feira de Santana<\/a>. O suspeito invadiu a resid\u00eancia de uma advogada, de 79 anos, e manteve a v\u00edtima ref\u00e9m enquanto exigia transfer\u00eancias via PIX.<\/p>\n<p>A a\u00e7\u00e3o policial foi iniciada ap\u00f3s uma den\u00fancia recebida pelo Comando de Policiamento Regional Leste, que mobilizou guarni\u00e7\u00f5es da Companhia Independente de Policiamento T\u00e1tico (CIPT-L) para averiguar a ocorr\u00eancia. Ao chegarem ao local, os policiais encontraram o suspeito armado com uma faca e segurando a v\u00edtima. O homem ainda tentou fugir pulando o muro da resid\u00eancia, mas foi capturado.<\/p>\n<p>Com o criminoso, foram apreendidos uma faca tipo peixeira, um estilete, uma corda, um rel\u00f3gio prateado e uma corrente dourada. A investiga\u00e7\u00e3o tamb\u00e9m confirmou que duas transfer\u00eancias via PIX, nos valores de R$ 1.000,00 e R$ 500,00, foram feitas pela fam\u00edlia da advogada para uma conta vinculada ao suspeito.<\/p>\n<p>Em entrevista ao Acorda Cidade, o comandante do Comando de Policiamento Regional Leste (CPR-L), Michel Muller, informou que a PM teve conhecimento do fato por volta de 20h40, atrav\u00e9s de familiares que residem na capital baiana, Salvador.<\/p>\n<figure class=\"wp-block-image size-full is-resized\"><img fetchpriority=\"high\" fetchpriority=\"high\" decoding=\"async\" width=\"640\" height=\"480\" src=\"http:\/\/noticiasbahia360.com.br\/wp-content\/uploads\/2025\/04\/eE0kUVfV-tenente-coronel-Muller.webp\" alt=\"tenente coronel Muller\" class=\"wp-image-494055\" style=\"width:840px;height:auto\" srcset=\"https:\/\/uploads.acordacidade.com.br\/2025\/01\/eE0kUVfV-tenente-coronel-Muller-300x225.webp 300w, https:\/\/uploads.acordacidade.com.br\/2025\/01\/eE0kUVfV-tenente-coronel-Muller-150x113.webp 150w, http:\/\/noticiasbahia360.com.br\/wp-content\/uploads\/2025\/04\/eE0kUVfV-tenente-coronel-Muller.webp 640w\" sizes=\"(max-width: 640px) 100vw, 640px\"><figcaption class=\"wp-element-caption\">Tenente Coronel Muller | Foto: Ed Santos\/Acorda Cidade<\/figcaption><\/figure>\n<p>\u201cTomamos conhecimento de que poderia estar em andamento um sequestro aqui na cidade de Feira de Santana, no bairro Jardim Ac\u00e1cia. De imediato, foram acionadas guarni\u00e7\u00f5es de viatura para fazer o cerco, isolamento e conten\u00e7\u00e3o da resid\u00eancia que nos foi indicada por familiares que residem em Salvador e que a a\u00e7\u00e3o estaria sendo promovida em desfavor de uma senhora de 79 anos, advogada. As guarni\u00e7\u00f5es chegaram no local, fizeram o isolamento e conten\u00e7\u00e3o e, em dado momento, a v\u00edtima conseguiu saltar o muro e foi acolhida de imediato pelos policiais que se encontravam j\u00e1 no local. Tomamos conhecimento atrav\u00e9s dela de que haveria um homem no interior da resid\u00eancia, incursionamos e conclu\u00edmos com a pris\u00e3o do indiv\u00edduo\u201d, afirmou.<\/p>\n<p>Ainda de acordo com o comandante, a Pol\u00edcia Militar j\u00e1 estava monitorando algumas ocorr\u00eancias no bairro Jardim Ac\u00e1cia e, ap\u00f3s a pris\u00e3o do homem, foi constatado que havia o envolvimento dele com outros assaltos.<\/p>\n<p>\u201cJ\u00e1 hav\u00edamos monitorando algumas ocorr\u00eancias naquele bairro, ocorr\u00eancias de roubo, inclusive, utiliza\u00e7\u00e3o de arma de fogo, e j\u00e1 t\u00ednhamos os registros e v\u00edamos acompanhando para fazer a pris\u00e3o desses indiv\u00edduos que praticavam roubo e subtra\u00e7\u00e3o de aparelhos celulares, a maioria das vezes. Constatamos, atrav\u00e9s dos registros de imagem, de que se trata a mesma pessoa dessa ocorr\u00eancia, agora em desfavor dessa senhora, uma senhora idosa de 79 anos, que teve essa casa invadida por esse marginal e a fam\u00edlia se viu a\u00ed pressionada a fazer transfer\u00eancia em dinheiro. Felizmente a senhora passa bem, teve um susto, obviamente, estava muito assustada quando foi acolhida pela Pol\u00edcia Militar, mas j\u00e1 est\u00e1 passando bem e se encontra na resid\u00eancia de parentes nesse momento. Enfim, o indiv\u00edduo preso, a nossa Pol\u00edcia Civil agora dever\u00e1 proceder com o inqu\u00e9rito policial e qualific\u00e1-lo por todas as condutas que ele praticou e que sejam do nosso conhecimento\u201d, concluiu.<\/p>\n<p><em>Com informa\u00e7\u00f5es do rep\u00f3rter Ed Santos do Acorda Cidade<\/em><\/p>\n<p><em>Siga o Acorda Cidade no<\/em><a href=\"https:\/\/news.google.com\/search?q=acorda%20cidade&amp;hl=pt-BR&amp;gl=BR&amp;ceid=BR%3Apt-419\"><strong><em> Google Not\u00edcias<\/em><\/strong><\/a><em> e receba os principais destaques do dia. Participe tamb\u00e9m dos nossos canais no <\/em><a href=\"https:\/\/whatsapp.com\/channel\/0029Va6Rb4v3WHTNnsh8WI3N\"><strong><em>WhatsApp<\/em><\/strong><\/a><em> e <\/em><a href=\"https:\/\/www.youtube.com\/@acordacidadenoticias\/videos\"><strong>Youtube<\/strong><\/a><em> e grupo de <\/em><a href=\"https:\/\/t.me\/+sSz0khrgARA0ZmRh\"><strong><em>Telegram<\/em><\/strong><\/a><em>.<\/em><\/p>\n<\/div>\n","protected":false},"excerpt":{"rendered":"<div>\n<div>\n<figure><img decoding=\"async\" src=\"https:\/\/uploads.acordacidade.com.br\/2025\/04\/materialapreendido_policiamilitar_extorsaodeadvogada.jpg\" alt=\"Material Apreendido\"><figcaption>Foto: Pol\u00edcia Militar<\/figcaption><\/figure>\n<\/div>\n<p>O caso aconteceu na pr\u00f3pria resid\u00eancia da advogada, localizada no bairro Jardim Ac\u00e1cia.<\/p><\/div>\n","protected":false},"author":1,"featured_media":80917,"comment_status":"closed","ping_status":"closed","sticky":false,"template":"","format":"gallery","meta":{"footnotes":""},"categories":[8,9,6,57,56,10],"tags":[],"class_list":["post-80916","post","type-post","status-publish","format-gallery","has-post-thumbnail","hentry","category-bahia","category-brasil","category-feira-de-santana","category-mundo","category-policia","category-politica","post_format-post-format-gallery"],"featured_image_urls":{"full":["https:\/\/noticiasbahia360.com.br\/wp-content\/uploads\/2025\/04\/materialapreendido_policiamilitar_extorsaodeadvogada-rotated.jpg",1200,900,false],"thumbnail":["https:\/\/noticiasbahia360.com.br\/wp-content\/uploads\/2025\/04\/materialapreendido_policiamilitar_extorsaodeadvogada-150x150.jpg",150,150,true],"medium":["https:\/\/noticiasbahia360.com.br\/wp-content\/uploads\/2025\/04\/materialapreendido_policiamilitar_extorsaodeadvogada-300x225.jpg",300,225,true],"medium_large":["https:\/\/noticiasbahia360.com.br\/wp-content\/uploads\/2025\/04\/materialapreendido_policiamilitar_extorsaodeadvogada-768x576.jpg",640,480,true],"large":["https:\/\/noticiasbahia360.com.br\/wp-content\/uploads\/2025\/04\/materialapreendido_policiamilitar_extorsaodeadvogada-1024x768.jpg",640,480,true],"1536x1536":["https:\/\/noticiasbahia360.com.br\/wp-content\/uploads\/2025\/04\/materialapreendido_policiamilitar_extorsaodeadvogada-rotated.jpg",1200,900,false],"2048x2048":["https:\/\/noticiasbahia360.com.br\/wp-content\/uploads\/2025\/04\/materialapreendido_policiamilitar_extorsaodeadvogada-rotated.jpg",1200,900,false],"chromenews-featured":["https:\/\/noticiasbahia360.com.br\/wp-content\/uploads\/2025\/04\/materialapreendido_policiamilitar_extorsaodeadvogada-1024x768.jpg",1024,768,true],"chromenews-large":["https:\/\/noticiasbahia360.com.br\/wp-content\/uploads\/2025\/04\/materialapreendido_policiamilitar_extorsaodeadvogada-825x575.jpg",825,575,true],"chromenews-medium":["https:\/\/noticiasbahia360.com.br\/wp-content\/uploads\/2025\/04\/materialapreendido_policiamilitar_extorsaodeadvogada-590x410.jpg",590,410,true]},"author_info":{"display_name":"noticiasbahia360.com.br","author_link":"https:\/\/noticiasbahia360.com.br\/?author=1"},"category_info":"<a href=\"https:\/\/noticiasbahia360.com.br\/?cat=8\" rel=\"category\">Bahia<\/a> <a href=\"https:\/\/noticiasbahia360.com.br\/?cat=9\" rel=\"category\">Brasil<\/a> <a href=\"https:\/\/noticiasbahia360.com.br\/?cat=6\" rel=\"category\">Feira de Santana<\/a> <a href=\"https:\/\/noticiasbahia360.com.br\/?cat=57\" rel=\"category\">Mundo<\/a> <a href=\"https:\/\/noticiasbahia360.com.br\/?cat=56\" rel=\"category\">Pol\u00edcia<\/a> <a href=\"https:\/\/noticiasbahia360.com.br\/?cat=10\" rel=\"category\">Pol\u00edtica<\/a>","tag_info":"Pol\u00edtica","comment_count":"0","_links":{"self":[{"href":"https:\/\/noticiasbahia360.com.br\/index.php?rest_route=\/wp\/v2\/posts\/80916","targetHints":{"allow":["GET"]}}],"collection":[{"href":"https:\/\/noticiasbahia360.com.br\/index.php?rest_route=\/wp\/v2\/posts"}],"about":[{"href":"https:\/\/noticiasbahia360.com.br\/index.php?rest_route=\/wp\/v2\/types\/post"}],"author":[{"embeddable":true,"href":"https:\/\/noticiasbahia360.com.br\/index.php?rest_route=\/wp\/v2\/users\/1"}],"replies":[{"embeddable":true,"href":"https:\/\/noticiasbahia360.com.br\/index.php?rest_route=%2Fwp%2Fv2%2Fcomments&post=80916"}],"version-history":[{"count":0,"href":"https:\/\/noticiasbahia360.com.br\/index.php?rest_route=\/wp\/v2\/posts\/80916\/revisions"}],"wp:featuredmedia":[{"embeddable":true,"href":"https:\/\/noticiasbahia360.com.br\/index.php?rest_route=\/wp\/v2\/media\/80917"}],"wp:attachment":[{"href":"https:\/\/noticiasbahia360.com.br\/index.php?rest_route=%2Fwp%2Fv2%2Fmedia&parent=80916"}],"wp:term":[{"taxonomy":"category","embeddable":true,"href":"https:\/\/noticiasbahia360.com.br\/index.php?rest_route=%2Fwp%2Fv2%2Fcategories&post=80916"},{"taxonomy":"post_tag","embeddable":true,"href":"https:\/\/noticiasbahia360.com.br\/index.php?rest_route=%2Fwp%2Fv2%2Ftags&post=80916"}],"curies":[{"name":"wp","href":"https:\/\/api.w.org\/{rel}","templated":true}]}} 