{"id":80919,"date":"2025-04-03T08:40:27","date_gmt":"2025-04-03T11:40:27","guid":{"rendered":"https:\/\/noticiasbahia360.com.br\/?p=80919"},"modified":"2025-04-03T08:40:27","modified_gmt":"2025-04-03T11:40:27","slug":"profissao-z-acorda-cidade-lanca-podcast-para-ajudar-jovens-no-mercado-de-trabalho","status":"publish","type":"post","link":"https:\/\/noticiasbahia360.com.br\/?p=80919","title":{"rendered":"Profiss\u00e3o Z: Acorda Cidade lan\u00e7a podcast para ajudar jovens no mercado de trabalho"},"content":{"rendered":"<div>\n<div>\n<figure><img decoding=\"async\" src=\"http:\/\/noticiasbahia360.com.br\/wp-content\/uploads\/2025\/04\/Podcast-profissao-Z-Jeferson-Costa-Foto-Kaio-Vinicius-Acorda-Cidade-1-2.jpg\" alt=\"Acorda Cidade lan\u00e7a podcast \" profiss z para ajudar jovens no mercado de trabalho><figcaption>Foto: Kaio Vin\u00edcius\/Acorda Cidadee<\/figcaption><\/figure>\n<\/div>\n<p>Voc\u00ea faz parte da Gera\u00e7\u00e3o Z? O que os recrutadores realmente esperam dos jovens profissionais? Essas e outras quest\u00f5es s\u00e3o abordadas no mais novo produto do Acorda Cidade: o podcast \u201cProfiss\u00e3o Z\u201d.<\/p>\n<p>A Gera\u00e7\u00e3o Z compreende os nascidos entre 1995 e 2010, atualmente com idades entre 14 e 29 anos. Com apoio e capacita\u00e7\u00e3o do Google, o Acorda Cidade amplia seu portf\u00f3lio de informa\u00e7\u00e3o com um podcast quinzenal voltado para jovens da Gera\u00e7\u00e3o Z que est\u00e3o buscando trabalho alinhado aos seus objetivos e princ\u00edpios. O \u201cProfiss\u00e3o Z\u201d traz perspectivas de especialistas e recrutadores, al\u00e9m do olhar dos pr\u00f3prios jovens, com ou sem experi\u00eancia no mercado de trabalho.<\/p>\n<p>Diferente de v\u00eddeos soltos no YouTube ou conte\u00fados generalistas sobre o assunto, o podcast ser\u00e1 uma verdadeira b\u00fassola para os jovens nessa jornada profissional. Al\u00e9m de oferecer informa\u00e7\u00e3o relevante e acess\u00edvel, o podcast abre espa\u00e7o para que os jovens sejam ouvidos e compartilhem suas viv\u00eancias.<\/p>\n<h2 class=\"wp-block-heading\" id=\"h-processo-de-selecao-do-podcast\">Processo de sele\u00e7\u00e3o do Podcast <\/h2>\n<figure class=\"wp-block-image size-full\"><img fetchpriority=\"high\" decoding=\"async\" width=\"800\" height=\"533\" src=\"http:\/\/noticiasbahia360.com.br\/wp-content\/uploads\/2025\/04\/ilw5LIns-Podcast-profissao-Z-Jeferson-Costa-Foto-Kaio-Vinicius-Acorda-Cidade-.webp\" alt='Acorda Cidade lan\u00e7a podcast \"Profiss\u00e3o Z\" para ajudar jovens no mercado de trabalho' class=\"wp-image-517218\" srcset=\"https:\/\/uploads.acordacidade.com.br\/2025\/03\/ilw5LIns-Podcast-profissao-Z-Jeferson-Costa-Foto-Kaio-Vinicius-Acorda-Cidade--300x200.webp 300w, https:\/\/uploads.acordacidade.com.br\/2025\/03\/ilw5LIns-Podcast-profissao-Z-Jeferson-Costa-Foto-Kaio-Vinicius-Acorda-Cidade--768x512.webp 768w, https:\/\/uploads.acordacidade.com.br\/2025\/03\/ilw5LIns-Podcast-profissao-Z-Jeferson-Costa-Foto-Kaio-Vinicius-Acorda-Cidade--150x100.webp 150w, http:\/\/noticiasbahia360.com.br\/wp-content\/uploads\/2025\/04\/ilw5LIns-Podcast-profissao-Z-Jeferson-Costa-Foto-Kaio-Vinicius-Acorda-Cidade-.webp 800w\" sizes=\"(max-width: 800px) 100vw, 800px\"><figcaption class=\"wp-element-caption\">Foto: Kaio Vin\u00edcius\/Acorda Cidadee<\/figcaption><\/figure>\n<p>O projeto foi um dos 50 selecionados em todo o Brasil, ap\u00f3s passar por um rigoroso processo seletivo com centenas de portais de not\u00edcias. No grupo do qual o Acorda Cidade faz parte, est\u00e3o grandes nomes do jornalismo nacional, como o Grupo RBS, Canal Tech e Portal Metr\u00f3poles, que tamb\u00e9m lan\u00e7ar\u00e3o novos podcasts.<\/p>\n<h2 class=\"wp-block-heading\" id=\"h-episodio-de-estreia-com-jeferson-carlos\">Epis\u00f3dio de estreia com Jeferson Carlos<\/h2>\n<p>No epis\u00f3dio inaugural, a jornalista Iasmim Santos recebeu no \u201cProfiss\u00e3o Z\u201d Jeferson Carlos, empreendedor, graduado em Administra\u00e7\u00e3o e p\u00f3s-graduado em MBA em Gest\u00e3o de Pessoas e Consultoria Organizacional. <\/p>\n<p>Com oito anos de experi\u00eancia nas \u00e1reas de gest\u00e3o de pessoas, recrutamento e sele\u00e7\u00e3o, Jeferson atua como mentor de l\u00edderes organizacionais, treinador, palestrante, consultor e especialista em comportamento e alta performance.<\/p>\n<figure class=\"wp-block-image size-full\"><img decoding=\"async\" width=\"800\" height=\"532\" src=\"http:\/\/noticiasbahia360.com.br\/wp-content\/uploads\/2025\/04\/jHvEbu92-Podcast-profissao-Z-Jeferson-Costa-Foto-Kaio-Vinicius-Acorda-Cidade.webp\" alt='Acorda Cidade lan\u00e7a podcast \"Profiss\u00e3o Z\" para ajudar jovens no mercado de trabalho' class=\"wp-image-517217\" srcset=\"https:\/\/uploads.acordacidade.com.br\/2025\/03\/jHvEbu92-Podcast-profissao-Z-Jeferson-Costa-Foto-Kaio-Vinicius-Acorda-Cidade-300x200.webp 300w, https:\/\/uploads.acordacidade.com.br\/2025\/03\/jHvEbu92-Podcast-profissao-Z-Jeferson-Costa-Foto-Kaio-Vinicius-Acorda-Cidade-768x511.webp 768w, https:\/\/uploads.acordacidade.com.br\/2025\/03\/jHvEbu92-Podcast-profissao-Z-Jeferson-Costa-Foto-Kaio-Vinicius-Acorda-Cidade-150x100.webp 150w, http:\/\/noticiasbahia360.com.br\/wp-content\/uploads\/2025\/04\/jHvEbu92-Podcast-profissao-Z-Jeferson-Costa-Foto-Kaio-Vinicius-Acorda-Cidade.webp 800w\" sizes=\"(max-width: 800px) 100vw, 800px\"><figcaption class=\"wp-element-caption\">Foto: Kaio Vin\u00edcius\/Acorda Cidadee<\/figcaption><\/figure>\n<p>Jeferson tamb\u00e9m \u00e9 um dos respons\u00e1veis pela Shine, uma ag\u00eancia de RH que atua na intermedia\u00e7\u00e3o de vagas para jovens e estagi\u00e1rios, al\u00e9m de oferecer treinamento e capacita\u00e7\u00e3o profissional. No epis\u00f3dio, ele abordou desafios enfrentados pelos jovens ao ingressar no mercado de trabalho e as dificuldades dos recrutadores para encontrar profissionais qualificados.<\/p>\n<h2 class=\"wp-block-heading\" id=\"h-entre-os-pontos-discutidos-sobre-o-mercado-de-trabalho-no-podcast-inaugural-jeferson-destacou\">Entre os pontos discutidos sobre o mercado de trabalho no podcast inaugural, Jeferson destacou:<\/h2>\n<ul class=\"wp-block-list\">\n<li>As principais d\u00favidas e dificuldades da Gera\u00e7\u00e3o Z ao buscar um emprego;<\/li>\n<li>A falta de jovens comprometidos com perman\u00eancia nas empresas;<\/li>\n<li>As \u00e1reas mais demandadas no mercado de trabalho;<\/li>\n<li>A import\u00e2ncia de escolher uma \u00e1rea de atua\u00e7\u00e3o e se especializar;<\/li>\n<li>A mudan\u00e7a de mentalidade necess\u00e1ria para se destacar;<\/li>\n<li>A relev\u00e2ncia de ter boas refer\u00eancias, mentores e uma rede de apoio;<\/li>\n<li>O papel da intelig\u00eancia emocional para enfrentar os desafios do mercado.<\/li>\n<\/ul>\n<figure class=\"wp-block-image size-full\"><img decoding=\"async\" width=\"800\" height=\"533\" src=\"http:\/\/noticiasbahia360.com.br\/wp-content\/uploads\/2025\/04\/ERsPVXwt-Podcast-profissao-Z-Jeferson-Costa-Foto-Kaio-Vinicius-Acorda-Cidade-1-1.webp\" alt='Acorda Cidade lan\u00e7a podcast \"Profiss\u00e3o Z\" para ajudar jovens no mercado de trabalho' class=\"wp-image-517219\" srcset=\"https:\/\/uploads.acordacidade.com.br\/2025\/03\/ERsPVXwt-Podcast-profissao-Z-Jeferson-Costa-Foto-Kaio-Vinicius-Acorda-Cidade-1-1-300x200.webp 300w, https:\/\/uploads.acordacidade.com.br\/2025\/03\/ERsPVXwt-Podcast-profissao-Z-Jeferson-Costa-Foto-Kaio-Vinicius-Acorda-Cidade-1-1-768x512.webp 768w, https:\/\/uploads.acordacidade.com.br\/2025\/03\/ERsPVXwt-Podcast-profissao-Z-Jeferson-Costa-Foto-Kaio-Vinicius-Acorda-Cidade-1-1-150x100.webp 150w, http:\/\/noticiasbahia360.com.br\/wp-content\/uploads\/2025\/04\/ERsPVXwt-Podcast-profissao-Z-Jeferson-Costa-Foto-Kaio-Vinicius-Acorda-Cidade-1-1.webp 800w\" sizes=\"(max-width: 800px) 100vw, 800px\"><figcaption class=\"wp-element-caption\">Foto: Kaio Vin\u00edcius\/Acorda Cidade<\/figcaption><\/figure>\n<p>O \u201cProfiss\u00e3o Z\u201d chega para ser uma fonte essencial de conhecimento para a Gera\u00e7\u00e3o Z, oferecendo dicas, insights e experi\u00eancias que v\u00e3o ajudar os jovens a se prepararem para um futuro profissional de sucesso. O podcast estar\u00e1 dispon\u00edvel nas principais plataformas de \u00e1udio. Fique ligado e acompanhe essa jornada!<\/p>\n<p><em>Siga o Acorda Cidade no<a href=\"https:\/\/news.google.com\/search?q=acorda%20cidade&amp;hl=pt-BR&amp;gl=BR&amp;ceid=BR%3Apt-419\" target=\"_blank\" rel=\"noreferrer noopener\">\u00a0Google Not\u00edcias<\/a>\u00a0e receba os principais destaques do dia.\u00a0Participe tamb\u00e9m dos nossos grupos no\u00a0<a href=\"https:\/\/chat.whatsapp.com\/Fj2agnR6CdwLEb9Uqew8QI\" target=\"_blank\" rel=\"noreferrer noopener\">WhatsApp<\/a>\u00a0e\u00a0<a href=\"https:\/\/t.me\/+sSz0khrgARA0ZmRh\" target=\"_blank\" rel=\"noreferrer noopener\">Telegram<\/a><\/em><\/p>\n<\/div>\n","protected":false},"excerpt":{"rendered":"<div>\n<div>\n<figure><img decoding=\"async\" src=\"https:\/\/uploads.acordacidade.com.br\/2025\/03\/Podcast-profissao-Z-Jeferson-Costa-Foto-Kaio-Vinicius-Acorda-Cidade-1-2.jpg\" alt=\"Acorda Cidade lan\u00e7a podcast \"><figcaption>Foto: Kaio Vin\u00edcius\/Acorda Cidadee<\/figcaption><\/figure>\n<\/div>\n<p>O que os recrutadores realmente esperam dos jovens profissionais? Essas e outras quest\u00f5es s\u00e3o abordadas no mais novo produto do Acorda Cidade.<\/p><\/div>\n","protected":false},"author":1,"featured_media":80920,"comment_status":"closed","ping_status":"closed","sticky":false,"template":"","format":"gallery","meta":{"footnotes":""},"categories":[8,9,6,57,56,10],"tags":[],"class_list":["post-80919","post","type-post","status-publish","format-gallery","has-post-thumbnail","hentry","category-bahia","category-brasil","category-feira-de-santana","category-mundo","category-policia","category-politica","post_format-post-format-gallery"],"featured_image_urls":{"full":["https:\/\/noticiasbahia360.com.br\/wp-content\/uploads\/2025\/04\/Podcast-profissao-Z-Jeferson-Costa-Foto-Kaio-Vinicius-Acorda-Cidade-1-2.jpg",1200,799,false],"thumbnail":["https:\/\/noticiasbahia360.com.br\/wp-content\/uploads\/2025\/04\/Podcast-profissao-Z-Jeferson-Costa-Foto-Kaio-Vinicius-Acorda-Cidade-1-2-150x150.jpg",150,150,true],"medium":["https:\/\/noticiasbahia360.com.br\/wp-content\/uploads\/2025\/04\/Podcast-profissao-Z-Jeferson-Costa-Foto-Kaio-Vinicius-Acorda-Cidade-1-2-300x200.jpg",300,200,true],"medium_large":["https:\/\/noticiasbahia360.com.br\/wp-content\/uploads\/2025\/04\/Podcast-profissao-Z-Jeferson-Costa-Foto-Kaio-Vinicius-Acorda-Cidade-1-2-768x511.jpg",640,426,true],"large":["https:\/\/noticiasbahia360.com.br\/wp-content\/uploads\/2025\/04\/Podcast-profissao-Z-Jeferson-Costa-Foto-Kaio-Vinicius-Acorda-Cidade-1-2-1024x682.jpg",640,426,true],"1536x1536":["https:\/\/noticiasbahia360.com.br\/wp-content\/uploads\/2025\/04\/Podcast-profissao-Z-Jeferson-Costa-Foto-Kaio-Vinicius-Acorda-Cidade-1-2.jpg",1200,799,false],"2048x2048":["https:\/\/noticiasbahia360.com.br\/wp-content\/uploads\/2025\/04\/Podcast-profissao-Z-Jeferson-Costa-Foto-Kaio-Vinicius-Acorda-Cidade-1-2.jpg",1200,799,false],"chromenews-featured":["https:\/\/noticiasbahia360.com.br\/wp-content\/uploads\/2025\/04\/Podcast-profissao-Z-Jeferson-Costa-Foto-Kaio-Vinicius-Acorda-Cidade-1-2-1024x682.jpg",1024,682,true],"chromenews-large":["https:\/\/noticiasbahia360.com.br\/wp-content\/uploads\/2025\/04\/Podcast-profissao-Z-Jeferson-Costa-Foto-Kaio-Vinicius-Acorda-Cidade-1-2-825x575.jpg",825,575,true],"chromenews-medium":["https:\/\/noticiasbahia360.com.br\/wp-content\/uploads\/2025\/04\/Podcast-profissao-Z-Jeferson-Costa-Foto-Kaio-Vinicius-Acorda-Cidade-1-2-590x410.jpg",590,410,true]},"author_info":{"display_name":"noticiasbahia360.com.br","author_link":"https:\/\/noticiasbahia360.com.br\/?author=1"},"category_info":"<a href=\"https:\/\/noticiasbahia360.com.br\/?cat=8\" rel=\"category\">Bahia<\/a> <a href=\"https:\/\/noticiasbahia360.com.br\/?cat=9\" rel=\"category\">Brasil<\/a> <a href=\"https:\/\/noticiasbahia360.com.br\/?cat=6\" rel=\"category\">Feira de Santana<\/a> <a href=\"https:\/\/noticiasbahia360.com.br\/?cat=57\" rel=\"category\">Mundo<\/a> <a href=\"https:\/\/noticiasbahia360.com.br\/?cat=56\" rel=\"category\">Pol\u00edcia<\/a> <a href=\"https:\/\/noticiasbahia360.com.br\/?cat=10\" rel=\"category\">Pol\u00edtica<\/a>","tag_info":"Pol\u00edtica","comment_count":"0","_links":{"self":[{"href":"https:\/\/noticiasbahia360.com.br\/index.php?rest_route=\/wp\/v2\/posts\/80919","targetHints":{"allow":["GET"]}}],"collection":[{"href":"https:\/\/noticiasbahia360.com.br\/index.php?rest_route=\/wp\/v2\/posts"}],"about":[{"href":"https:\/\/noticiasbahia360.com.br\/index.php?rest_route=\/wp\/v2\/types\/post"}],"author":[{"embeddable":true,"href":"https:\/\/noticiasbahia360.com.br\/index.php?rest_route=\/wp\/v2\/users\/1"}],"replies":[{"embeddable":true,"href":"https:\/\/noticiasbahia360.com.br\/index.php?rest_route=%2Fwp%2Fv2%2Fcomments&post=80919"}],"version-history":[{"count":0,"href":"https:\/\/noticiasbahia360.com.br\/index.php?rest_route=\/wp\/v2\/posts\/80919\/revisions"}],"wp:featuredmedia":[{"embeddable":true,"href":"https:\/\/noticiasbahia360.com.br\/index.php?rest_route=\/wp\/v2\/media\/80920"}],"wp:attachment":[{"href":"https:\/\/noticiasbahia360.com.br\/index.php?rest_route=%2Fwp%2Fv2%2Fmedia&parent=80919"}],"wp:term":[{"taxonomy":"category","embeddable":true,"href":"https:\/\/noticiasbahia360.com.br\/index.php?rest_route=%2Fwp%2Fv2%2Fcategories&post=80919"},{"taxonomy":"post_tag","embeddable":true,"href":"https:\/\/noticiasbahia360.com.br\/index.php?rest_route=%2Fwp%2Fv2%2Ftags&post=80919"}],"curies":[{"name":"wp","href":"https:\/\/api.w.org\/{rel}","templated":true}]}}