{"id":80924,"date":"2025-04-03T08:40:33","date_gmt":"2025-04-03T11:40:33","guid":{"rendered":"https:\/\/noticiasbahia360.com.br\/?p=80924"},"modified":"2025-04-03T08:40:33","modified_gmt":"2025-04-03T11:40:33","slug":"arraia-do-comercio-acontece-de-7-a-15-de-junho-em-feira-de-santana","status":"publish","type":"post","link":"https:\/\/noticiasbahia360.com.br\/?p=80924","title":{"rendered":"Arrai\u00e1 do Com\u00e9rcio acontece de 7 a 15 de junho em Feira de Santana"},"content":{"rendered":"<div>\n<div>\n<figure><img decoding=\"async\" src=\"http:\/\/noticiasbahia360.com.br\/wp-content\/uploads\/2025\/04\/Penultimo-dia-de-Arraia-do-Comercio-Foto-Ney-Silva-Acorda-Cidade.jpg\" alt=\"Pen\u00faltimo dia \/ Quixabeira da Matinha\"><figcaption>Foto: Ney Silva\/ Acorda Cidade<\/figcaption><\/figure>\n<\/div>\n<p>O Arrai\u00e1 do Com\u00e9rcio j\u00e1 tem data marcada para este ano! O evento, que contar\u00e1 com o apoio da Prefeitura de <a href=\"https:\/\/www.acordacidade.com.br\/tag\/feira-de-santana\/\">Feira de Santana<\/a>, atrav\u00e9s da Secretaria Municipal de Cultura, Esporte e Lazer, e de outras sete pastas municipais, como a Secretaria Municipal de Tr\u00e2nsito e a Secretaria de Trabalho, Turismo e Desenvolvimento Econ\u00f4mico, ocorrer\u00e1 entre os dias 7 e 15 de junho, na Pra\u00e7a Bernardino Bahia. Uma reuni\u00e3o inicial entre os segmentos envolvidos ocorreu na semana passada.<\/p>\n<p>A programa\u00e7\u00e3o do Arrai\u00e1 abrange artistas locais, inclui apresenta\u00e7\u00e3o de quadrilhas, al\u00e9m do com\u00e9rcio de bebidas e comidas t\u00edpicas. Ser\u00e3o cerca de 40 tabuleiros, uma nova configura\u00e7\u00e3o do espa\u00e7o do Artesanato e a participa\u00e7\u00e3o da Rede Recostura, Grupo de Mulheres e Sedeso. As atividades no Mercado de Arte Popular tamb\u00e9m est\u00e3o mantidas.<\/p>\n<p>\u201cEsta \u00e9 uma oportunidade de celebrar a nossa cultura, nossas tradi\u00e7\u00f5es e o nosso povo, promovendo a nossa m\u00fasica, a nossa dan\u00e7a, o nosso artesanato e o nosso com\u00e9rcio local. \u00c9 necess\u00e1rio o apoio de v\u00e1rias secretarias para que o evento aconte\u00e7a de forma grandiosa\u201d, afirma o secret\u00e1rio de Cultura, Esporte e Lazer, Cristiano L\u00f4bo.<\/p>\n<p>A expectativa \u00e9 que mais de 80 mil pessoas marquem presen\u00e7a durante os nove dias de evento.<\/p>\n<p><em>As informa\u00e7\u00f5es s\u00e3o da Secretaria de Comunica\u00e7\u00e3o Social<\/em><\/p>\n<p><em>Siga o Acorda Cidade no<\/em><a href=\"https:\/\/news.google.com\/search?q=acorda%20cidade&amp;hl=pt-BR&amp;gl=BR&amp;ceid=BR%3Apt-419\"><strong><em> Google Not\u00edcias<\/em><\/strong><\/a><em> e receba os principais destaques do dia. Participe tamb\u00e9m dos nossos canais no <\/em><a href=\"https:\/\/whatsapp.com\/channel\/0029Va6Rb4v3WHTNnsh8WI3N\"><strong><em>WhatsApp<\/em><\/strong><\/a><em> e <\/em><a href=\"https:\/\/www.youtube.com\/@acordacidadenoticias\/videos\"><strong>Youtube<\/strong><\/a><em> e grupo de <\/em><a href=\"https:\/\/t.me\/+sSz0khrgARA0ZmRh\"><strong><em>Telegram<\/em><\/strong><\/a><em>.<\/em><\/p>\n<\/div>\n","protected":false},"excerpt":{"rendered":"<div>\n<div>\n<figure><img decoding=\"async\" src=\"https:\/\/www.acordacidade.com.br\/wp-content\/uploads\/2024\/06\/Penultimo-dia-de-Arraia-do-Comercio-Foto-Ney-Silva-Acorda-Cidade.jpg\" alt=\"Pen\u00faltimo dia \/ Quixabeira da Matinha\"><figcaption>Foto: Ney Silva\/ Acorda Cidade<\/figcaption><\/figure>\n<\/div>\n<p>A expectativa \u00e9 que mais de 80 mil pessoas marquem presen\u00e7a durante os nove dias do Arrai\u00e1.<\/p><\/div>\n","protected":false},"author":1,"featured_media":80925,"comment_status":"closed","ping_status":"closed","sticky":false,"template":"","format":"gallery","meta":{"footnotes":""},"categories":[8,9,6,57,56,10],"tags":[],"class_list":["post-80924","post","type-post","status-publish","format-gallery","has-post-thumbnail","hentry","category-bahia","category-brasil","category-feira-de-santana","category-mundo","category-policia","category-politica","post_format-post-format-gallery"],"featured_image_urls":{"full":["https:\/\/noticiasbahia360.com.br\/wp-content\/uploads\/2025\/04\/Penultimo-dia-de-Arraia-do-Comercio-Foto-Ney-Silva-Acorda-Cidade.jpg",640,480,false],"thumbnail":["https:\/\/noticiasbahia360.com.br\/wp-content\/uploads\/2025\/04\/Penultimo-dia-de-Arraia-do-Comercio-Foto-Ney-Silva-Acorda-Cidade-150x150.jpg",150,150,true],"medium":["https:\/\/noticiasbahia360.com.br\/wp-content\/uploads\/2025\/04\/Penultimo-dia-de-Arraia-do-Comercio-Foto-Ney-Silva-Acorda-Cidade-300x225.jpg",300,225,true],"medium_large":["https:\/\/noticiasbahia360.com.br\/wp-content\/uploads\/2025\/04\/Penultimo-dia-de-Arraia-do-Comercio-Foto-Ney-Silva-Acorda-Cidade.jpg",640,480,false],"large":["https:\/\/noticiasbahia360.com.br\/wp-content\/uploads\/2025\/04\/Penultimo-dia-de-Arraia-do-Comercio-Foto-Ney-Silva-Acorda-Cidade.jpg",640,480,false],"1536x1536":["https:\/\/noticiasbahia360.com.br\/wp-content\/uploads\/2025\/04\/Penultimo-dia-de-Arraia-do-Comercio-Foto-Ney-Silva-Acorda-Cidade.jpg",640,480,false],"2048x2048":["https:\/\/noticiasbahia360.com.br\/wp-content\/uploads\/2025\/04\/Penultimo-dia-de-Arraia-do-Comercio-Foto-Ney-Silva-Acorda-Cidade.jpg",640,480,false],"chromenews-featured":["https:\/\/noticiasbahia360.com.br\/wp-content\/uploads\/2025\/04\/Penultimo-dia-de-Arraia-do-Comercio-Foto-Ney-Silva-Acorda-Cidade.jpg",640,480,false],"chromenews-large":["https:\/\/noticiasbahia360.com.br\/wp-content\/uploads\/2025\/04\/Penultimo-dia-de-Arraia-do-Comercio-Foto-Ney-Silva-Acorda-Cidade.jpg",640,480,false],"chromenews-medium":["https:\/\/noticiasbahia360.com.br\/wp-content\/uploads\/2025\/04\/Penultimo-dia-de-Arraia-do-Comercio-Foto-Ney-Silva-Acorda-Cidade-590x410.jpg",590,410,true]},"author_info":{"display_name":"noticiasbahia360.com.br","author_link":"https:\/\/noticiasbahia360.com.br\/?author=1"},"category_info":"<a href=\"https:\/\/noticiasbahia360.com.br\/?cat=8\" rel=\"category\">Bahia<\/a> <a href=\"https:\/\/noticiasbahia360.com.br\/?cat=9\" rel=\"category\">Brasil<\/a> <a href=\"https:\/\/noticiasbahia360.com.br\/?cat=6\" rel=\"category\">Feira de Santana<\/a> <a href=\"https:\/\/noticiasbahia360.com.br\/?cat=57\" rel=\"category\">Mundo<\/a> <a href=\"https:\/\/noticiasbahia360.com.br\/?cat=56\" rel=\"category\">Pol\u00edcia<\/a> <a href=\"https:\/\/noticiasbahia360.com.br\/?cat=10\" rel=\"category\">Pol\u00edtica<\/a>","tag_info":"Pol\u00edtica","comment_count":"0","_links":{"self":[{"href":"https:\/\/noticiasbahia360.com.br\/index.php?rest_route=\/wp\/v2\/posts\/80924","targetHints":{"allow":["GET"]}}],"collection":[{"href":"https:\/\/noticiasbahia360.com.br\/index.php?rest_route=\/wp\/v2\/posts"}],"about":[{"href":"https:\/\/noticiasbahia360.com.br\/index.php?rest_route=\/wp\/v2\/types\/post"}],"author":[{"embeddable":true,"href":"https:\/\/noticiasbahia360.com.br\/index.php?rest_route=\/wp\/v2\/users\/1"}],"replies":[{"embeddable":true,"href":"https:\/\/noticiasbahia360.com.br\/index.php?rest_route=%2Fwp%2Fv2%2Fcomments&post=80924"}],"version-history":[{"count":0,"href":"https:\/\/noticiasbahia360.com.br\/index.php?rest_route=\/wp\/v2\/posts\/80924\/revisions"}],"wp:featuredmedia":[{"embeddable":true,"href":"https:\/\/noticiasbahia360.com.br\/index.php?rest_route=\/wp\/v2\/media\/80925"}],"wp:attachment":[{"href":"https:\/\/noticiasbahia360.com.br\/index.php?rest_route=%2Fwp%2Fv2%2Fmedia&parent=80924"}],"wp:term":[{"taxonomy":"category","embeddable":true,"href":"https:\/\/noticiasbahia360.com.br\/index.php?rest_route=%2Fwp%2Fv2%2Fcategories&post=80924"},{"taxonomy":"post_tag","embeddable":true,"href":"https:\/\/noticiasbahia360.com.br\/index.php?rest_route=%2Fwp%2Fv2%2Ftags&post=80924"}],"curies":[{"name":"wp","href":"https:\/\/api.w.org\/{rel}","templated":true}]}} 