{"id":80926,"date":"2025-04-03T08:40:35","date_gmt":"2025-04-03T11:40:35","guid":{"rendered":"https:\/\/noticiasbahia360.com.br\/?p=80926"},"modified":"2025-04-03T08:40:35","modified_gmt":"2025-04-03T11:40:35","slug":"feira-de-santana-tera-ecopontos-para-descarte-de-entulhos-por-carroceiros","status":"publish","type":"post","link":"https:\/\/noticiasbahia360.com.br\/?p=80926","title":{"rendered":"Feira de Santana ter\u00e1 ecopontos para descarte de entulhos por carroceiros"},"content":{"rendered":"<div>\n<div>\n<figure><img decoding=\"async\" src=\"http:\/\/noticiasbahia360.com.br\/wp-content\/uploads\/2025\/04\/lixao-no-bairro-Jardim-Acacia-3.jpeg\" alt=\"Descarte no bairro Jardim Ac\u00e1cia\"><figcaption>Foto: Ed Santos\/Acorda Cidade<\/figcaption><\/figure>\n<\/div>\n<p>A Prefeitura de <a href=\"https:\/\/www.acordacidade.com.br\/tag\/feira-de-santana\/\">Feira de Santana<\/a>, atrav\u00e9s da Secretaria de Servi\u00e7os P\u00fablicos, anunciou a cria\u00e7\u00e3o de ecopontos para facilitar o descarte correto de entulhos por carroceiros. A medida visa combater o descarte irregular de res\u00edduos da constru\u00e7\u00e3o civil, problema recorrente em diversas \u00e1reas da cidade.<\/p>\n<p>De acordo com o secret\u00e1rio Justiniano Fran\u00e7a, a fiscaliza\u00e7\u00e3o ser\u00e1 intensificada, e c\u00e2meras de monitoramento ser\u00e3o instaladas em pontos cr\u00edticos para coibir infra\u00e7\u00f5es, <a href=\"https:\/\/www.acordacidade.com.br\/feira-de-santana\/moradores-reclamam-de-lixao-no-bairro-jardim-acacia-espero-que-facam-algo-por-nos\/\">como \u00e9 o caso apontado pelo Acorda Cidade, no bairro Jardim Ac\u00e1cia<\/a>.<\/p>\n<figure class=\"wp-block-image size-full is-resized\"><img fetchpriority=\"high\" fetchpriority=\"high\" decoding=\"async\" width=\"640\" height=\"295\" src=\"http:\/\/noticiasbahia360.com.br\/wp-content\/uploads\/2025\/04\/YU9r7xA7-secretario-justiniano-franca-foto-paulo-jose-acorda-cidade.webp\" alt=\"Justiniano Fran\u00e7a, secret\u00e1rio de servi\u00e7os p\u00fablicos de Feira de Santana\" class=\"wp-image-490284\" style=\"width:840px;height:auto\" srcset=\"https:\/\/uploads.acordacidade.com.br\/2025\/01\/YU9r7xA7-secretario-justiniano-franca-foto-paulo-jose-acorda-cidade-300x138.webp 300w, https:\/\/uploads.acordacidade.com.br\/2025\/01\/YU9r7xA7-secretario-justiniano-franca-foto-paulo-jose-acorda-cidade-150x69.webp 150w, http:\/\/noticiasbahia360.com.br\/wp-content\/uploads\/2025\/04\/YU9r7xA7-secretario-justiniano-franca-foto-paulo-jose-acorda-cidade.webp 640w\" sizes=\"(max-width: 640px) 100vw, 640px\"><figcaption class=\"wp-element-caption\">Justiniano Fran\u00e7a, secret\u00e1rio de servi\u00e7os p\u00fablicos de Feira de Santana | Foto\/Arquivo: Paulo Jos\u00e9 \/ Acorda Cidade<\/figcaption><\/figure>\n<p>\u201cDesde ontem, estamos realizando a limpeza de uma dessas \u00e1reas e, a partir de agora, quem ainda n\u00e3o fez o cadastramento para transporte de entulhos precisa regularizar a situa\u00e7\u00e3o. Ser\u00e3o iniciadas blitzes para identificar aqueles que ainda n\u00e3o se registraram\u201d, afirmou o secret\u00e1rio.<\/p>\n<p>O cadastramento de transportadores de res\u00edduos, tanto pessoas f\u00edsicas quanto jur\u00eddicas, foi conclu\u00eddo recentemente. Com isso, a prefeitura pretende orientar os profissionais sobre a destina\u00e7\u00e3o correta dos entulhos, evitando preju\u00edzos para a popula\u00e7\u00e3o e para os cofres p\u00fablicos.<\/p>\n<p>\u201cO custo desse servi\u00e7o inclui m\u00e1quinas, ca\u00e7ambas e aterro sanit\u00e1rio. N\u00e3o \u00e9 justo que os mun\u00edcipes que pagam seus impostos sejam prejudicados pelo descarte irregular\u201d, destacou o secret\u00e1rio.<\/p>\n<p>Os ecopontos ser\u00e3o instalados em locais estrat\u00e9gicos para que os carroceiros possam fazer o descarte adequado dos materiais.<\/p>\n<p>\u201cN\u00e3o vamos exigir que os carroceiros levem os entulhos para o aterro sanit\u00e1rio ou para locais privados cadastrados. Por isso, a cria\u00e7\u00e3o dos ecopontos ser\u00e1 essencial para garantir um destino correto para esses res\u00edduos\u201d, explicou Justiniano.<\/p>\n<p>Al\u00e9m da implanta\u00e7\u00e3o dos ecopontos, o secret\u00e1rio anunciou que as penalidades para o descarte irregular ser\u00e3o rigorosas. As multas variam de R$ 1.000 para a primeira infra\u00e7\u00e3o, R$ 2.000 para reincid\u00eancia e R$ 4.000 em caso de novas ocorr\u00eancias. A fiscaliza\u00e7\u00e3o ser\u00e1 constante, com foco inicial na regi\u00e3o do Casar\u00e3o Olho D\u2019\u00c1gua.<\/p>\n<p><strong>Leia tamb\u00e9m:<\/strong> <a href=\"https:\/\/www.acordacidade.com.br\/feira-de-santana\/moradores-reclamam-de-lixao-no-bairro-jardim-acacia-espero-que-facam-algo-por-nos\/\">Moradores reclamam de lix\u00e3o no bairro Jardim Ac\u00e1cia: \u201cEspero que fa\u00e7am algo por n\u00f3s\u201d<\/a><\/p>\n<\/div>\n","protected":false},"excerpt":{"rendered":"<div>\n<div>\n<figure><img decoding=\"async\" src=\"https:\/\/uploads.acordacidade.com.br\/2025\/03\/lixao-no-bairro-Jardim-Acacia-3.jpeg\" alt=\"Descarte no bairro Jardim Ac\u00e1cia\"><figcaption>Foto: Ed Santos\/Acorda Cidade<\/figcaption><\/figure>\n<\/div>\n<p>Al\u00e9m da implanta\u00e7\u00e3o dos ecopontos, o secret\u00e1rio anunciou que as penalidades para o descarte irregular ser\u00e3o rigorosas.<\/p><\/div>\n","protected":false},"author":1,"featured_media":80927,"comment_status":"closed","ping_status":"closed","sticky":false,"template":"","format":"gallery","meta":{"footnotes":""},"categories":[8,9,6,57,56,10],"tags":[],"class_list":["post-80926","post","type-post","status-publish","format-gallery","has-post-thumbnail","hentry","category-bahia","category-brasil","category-feira-de-santana","category-mundo","category-policia","category-politica","post_format-post-format-gallery"],"featured_image_urls":{"full":["https:\/\/noticiasbahia360.com.br\/wp-content\/uploads\/2025\/04\/lixao-no-bairro-Jardim-Acacia-3.jpeg",1200,900,false],"thumbnail":["https:\/\/noticiasbahia360.com.br\/wp-content\/uploads\/2025\/04\/lixao-no-bairro-Jardim-Acacia-3-150x150.jpeg",150,150,true],"medium":["https:\/\/noticiasbahia360.com.br\/wp-content\/uploads\/2025\/04\/lixao-no-bairro-Jardim-Acacia-3-300x225.jpeg",300,225,true],"medium_large":["https:\/\/noticiasbahia360.com.br\/wp-content\/uploads\/2025\/04\/lixao-no-bairro-Jardim-Acacia-3-768x576.jpeg",640,480,true],"large":["https:\/\/noticiasbahia360.com.br\/wp-content\/uploads\/2025\/04\/lixao-no-bairro-Jardim-Acacia-3-1024x768.jpeg",640,480,true],"1536x1536":["https:\/\/noticiasbahia360.com.br\/wp-content\/uploads\/2025\/04\/lixao-no-bairro-Jardim-Acacia-3.jpeg",1200,900,false],"2048x2048":["https:\/\/noticiasbahia360.com.br\/wp-content\/uploads\/2025\/04\/lixao-no-bairro-Jardim-Acacia-3.jpeg",1200,900,false],"chromenews-featured":["https:\/\/noticiasbahia360.com.br\/wp-content\/uploads\/2025\/04\/lixao-no-bairro-Jardim-Acacia-3-1024x768.jpeg",1024,768,true],"chromenews-large":["https:\/\/noticiasbahia360.com.br\/wp-content\/uploads\/2025\/04\/lixao-no-bairro-Jardim-Acacia-3-825x575.jpeg",825,575,true],"chromenews-medium":["https:\/\/noticiasbahia360.com.br\/wp-content\/uploads\/2025\/04\/lixao-no-bairro-Jardim-Acacia-3-590x410.jpeg",590,410,true]},"author_info":{"display_name":"noticiasbahia360.com.br","author_link":"https:\/\/noticiasbahia360.com.br\/?author=1"},"category_info":"<a href=\"https:\/\/noticiasbahia360.com.br\/?cat=8\" rel=\"category\">Bahia<\/a> <a href=\"https:\/\/noticiasbahia360.com.br\/?cat=9\" rel=\"category\">Brasil<\/a> <a href=\"https:\/\/noticiasbahia360.com.br\/?cat=6\" rel=\"category\">Feira de Santana<\/a> <a href=\"https:\/\/noticiasbahia360.com.br\/?cat=57\" rel=\"category\">Mundo<\/a> <a href=\"https:\/\/noticiasbahia360.com.br\/?cat=56\" rel=\"category\">Pol\u00edcia<\/a> <a href=\"https:\/\/noticiasbahia360.com.br\/?cat=10\" rel=\"category\">Pol\u00edtica<\/a>","tag_info":"Pol\u00edtica","comment_count":"0","_links":{"self":[{"href":"https:\/\/noticiasbahia360.com.br\/index.php?rest_route=\/wp\/v2\/posts\/80926","targetHints":{"allow":["GET"]}}],"collection":[{"href":"https:\/\/noticiasbahia360.com.br\/index.php?rest_route=\/wp\/v2\/posts"}],"about":[{"href":"https:\/\/noticiasbahia360.com.br\/index.php?rest_route=\/wp\/v2\/types\/post"}],"author":[{"embeddable":true,"href":"https:\/\/noticiasbahia360.com.br\/index.php?rest_route=\/wp\/v2\/users\/1"}],"replies":[{"embeddable":true,"href":"https:\/\/noticiasbahia360.com.br\/index.php?rest_route=%2Fwp%2Fv2%2Fcomments&post=80926"}],"version-history":[{"count":0,"href":"https:\/\/noticiasbahia360.com.br\/index.php?rest_route=\/wp\/v2\/posts\/80926\/revisions"}],"wp:featuredmedia":[{"embeddable":true,"href":"https:\/\/noticiasbahia360.com.br\/index.php?rest_route=\/wp\/v2\/media\/80927"}],"wp:attachment":[{"href":"https:\/\/noticiasbahia360.com.br\/index.php?rest_route=%2Fwp%2Fv2%2Fmedia&parent=80926"}],"wp:term":[{"taxonomy":"category","embeddable":true,"href":"https:\/\/noticiasbahia360.com.br\/index.php?rest_route=%2Fwp%2Fv2%2Fcategories&post=80926"},{"taxonomy":"post_tag","embeddable":true,"href":"https:\/\/noticiasbahia360.com.br\/index.php?rest_route=%2Fwp%2Fv2%2Ftags&post=80926"}],"curies":[{"name":"wp","href":"https:\/\/api.w.org\/{rel}","templated":true}]}}