{"id":80933,"date":"2025-04-03T09:53:22","date_gmt":"2025-04-03T12:53:22","guid":{"rendered":"https:\/\/noticiasbahia360.com.br\/?p=80933"},"modified":"2025-04-03T09:53:22","modified_gmt":"2025-04-03T12:53:22","slug":"vii-mostra-sesc-de-cinema-tera-exibicao-de-filmes-no-centro-cultural-sesc-feira-de-santana","status":"publish","type":"post","link":"https:\/\/noticiasbahia360.com.br\/?p=80933","title":{"rendered":"VII Mostra Sesc de Cinema ter\u00e1 exibi\u00e7\u00e3o de filmes no Centro Cultural Sesc Feira de Santana"},"content":{"rendered":"<div>\n<div>\n<figure><img decoding=\"async\" src=\"http:\/\/noticiasbahia360.com.br\/wp-content\/uploads\/2025\/04\/Sesc-Centro-ft-ney-silva-acorda-cidade.jpg\" alt=\"Sesc Centro\"><figcaption>Foto: Ney Silva\/Acorda Cidade<\/figcaption><\/figure>\n<\/div>\n<p>Uma das principais iniciativas de incentivo ao cinema independente no Brasil, a Mostra Sesc de Cinema vem para a Bahia com produ\u00e7\u00f5es\u00a0que representam a pluralidade cultural do pa\u00eds. A programa\u00e7\u00e3o da s\u00e9tima edi\u00e7\u00e3o do projeto acontece entre os dias 8 e 11 de abril no\u00a0<a href=\"https:\/\/www.acordacidade.com.br\/tag\/sesc\/\">Centro Cultural Sesc Feira de Santana<\/a>, com exibi\u00e7\u00f5es gratuitas de curtas, m\u00e9dias e longas metragens, al\u00e9m de debates com os diretores das obras.<\/p>\n<p>Os filmes que comp\u00f5em a programa\u00e7\u00e3o foram avaliados e selecionados por uma comiss\u00e3o estadual formada por profissionais do Sesc e especialistas convidados. As obras selecionadas exploram a grandeza da Bahia, dos baianos e do cinema produzido em nosso estado. Entre\u00a0as produ\u00e7\u00f5es est\u00e3o \u201cAs Ind\u00edgenas da Terra\u201d, \u201cNo Rastro do P\u00e9 do Bode\u201d, \u201cDi\u00e1rio da Primavera\u201d, \u201cSolange n\u00e3o veio hoje\u201d e \u201cMovimentos migrat\u00f3rios\u201d.<\/p>\n<p>Nesta edi\u00e7\u00e3o foram inscritas 1.300 obras audiovisuais de todas as regi\u00f5es do Brasil, com 259 escolhidas para exibi\u00e7\u00e3o em todo o pa\u00eds. O circuito intitulado Panorama Nacional traz a produ\u00e7\u00e3o de cada um dos 23 estados participantes e do Distrito Federal, al\u00e9m de dez filmes em uma mostra especial voltada \u00e0 inf\u00e2ncia e \u00e0 juventude. Os 33 filmes selecionados (27 curtas, 2 m\u00e9dias e 4 longas) para compor a Mostra Nacional trazem temas que mostram as riquezas brasileiras. Este ano, as mulheres foram a maioria entre os cineastas vencedores, com 25 realizadoras.<\/p>\n<p>Dentro do Panorama Bahia, 11 obras (5 curtas, 5 m\u00e9dias e 1 longa) foram selecionadas para exibi\u00e7\u00e3o. Explorando a beleza dos movimentos, os filmes s\u00e3o dos tr\u00eas polos de cinema do estado: Salvador, Cachoeira e Vit\u00f3ria da Conquista. O curta \u201cMovimentos migrat\u00f3rios\u201d foi o vencedor do Panorama Estadual, enquanto o filme \u201cAs Ind\u00edgenas da Terra\u201d foi o selecionado para representar a Bahia no circuito nacional.<\/p>\n<p>Lan\u00e7ado em 2017, a Mostra Sesc de Cinema \u00e9 um concurso que busca incentivar e dar visibilidade \u00e0 produ\u00e7\u00e3o cinematogr\u00e1fica brasileira que n\u00e3o chega ao circuito comercial de exibi\u00e7\u00e3o, contribuindo para a promo\u00e7\u00e3o e o lan\u00e7amento de novos artistas de todo o pa\u00eds. O projeto \u00e9 uma iniciativa ao cinema independente nacional, que conta com representantes de todas as regi\u00f5es do pa\u00eds e amplia o acesso da popula\u00e7\u00e3o a uma filmografia que expressa a diversidade contempor\u00e2nea.<\/p>\n<figure class=\"wp-block-image size-large\"><img fetchpriority=\"high\" fetchpriority=\"high\" decoding=\"async\" width=\"1024\" height=\"817\" src=\"http:\/\/noticiasbahia360.com.br\/wp-content\/uploads\/2025\/04\/y1CQ5oFz-Mostra-sesc-de-Cinema-1024x817-1.webp\" alt=\"Mostra sesc de Cinema\" class=\"wp-image-518305\" srcset=\"https:\/\/uploads.acordacidade.com.br\/2025\/04\/y1CQ5oFz-Mostra-sesc-de-Cinema--300x239.webp 300w, http:\/\/noticiasbahia360.com.br\/wp-content\/uploads\/2025\/04\/y1CQ5oFz-Mostra-sesc-de-Cinema-1024x817-1.webp 1024w, https:\/\/uploads.acordacidade.com.br\/2025\/04\/y1CQ5oFz-Mostra-sesc-de-Cinema--768x612.webp 768w, https:\/\/uploads.acordacidade.com.br\/2025\/04\/y1CQ5oFz-Mostra-sesc-de-Cinema--150x120.webp 150w, https:\/\/uploads.acordacidade.com.br\/2025\/04\/y1CQ5oFz-Mostra-sesc-de-Cinema-.webp 1200w\" sizes=\"(max-width: 1024px) 100vw, 1024px\"><figcaption class=\"wp-element-caption\">Foto: Divulga\u00e7\u00e3o <\/figcaption><\/figure>\n<p><em>Siga o Acorda Cidade no<\/em><a href=\"https:\/\/news.google.com\/search?q=acorda%20cidade&amp;hl=pt-BR&amp;gl=BR&amp;ceid=BR%3Apt-419\"><strong><em>\u00a0Google Not\u00edcias<\/em><\/strong><\/a><em>\u00a0e receba os principais destaques do dia. Participe tamb\u00e9m dos nossos canais no\u00a0<\/em><a href=\"https:\/\/whatsapp.com\/channel\/0029Va6Rb4v3WHTNnsh8WI3N\"><strong><em>WhatsApp<\/em><\/strong><\/a><em>\u00a0e\u00a0<\/em><a href=\"https:\/\/www.youtube.com\/@acordacidadenoticias\/videos\"><strong>Youtube<\/strong><\/a><em>\u00a0e grupo de\u00a0<\/em><a href=\"https:\/\/t.me\/+sSz0khrgARA0ZmRh\"><strong><em>Telegram<\/em><\/strong><\/a><em>.<\/em><\/p>\n<\/div>\n","protected":false},"excerpt":{"rendered":"<div>\n<div>\n<figure><img decoding=\"async\" src=\"https:\/\/uploads.acordacidade.com.br\/2025\/02\/Sesc-Centro-ft-ney-silva-acorda-cidade.jpg\" alt=\"Sesc Centro\"><figcaption>Foto: Ney Silva\/Acorda Cidade<\/figcaption><\/figure>\n<\/div>\n<p>A programa\u00e7\u00e3o acontece entre os dias 8 e 11 de abril com debates e exibi\u00e7\u00f5es gratuitas de document\u00e1rios, curtas, m\u00e9dias e longas metragens.<\/p><\/div>\n","protected":false},"author":1,"featured_media":80934,"comment_status":"closed","ping_status":"closed","sticky":false,"template":"","format":"gallery","meta":{"footnotes":""},"categories":[8,9,6,57,56,10],"tags":[],"class_list":["post-80933","post","type-post","status-publish","format-gallery","has-post-thumbnail","hentry","category-bahia","category-brasil","category-feira-de-santana","category-mundo","category-policia","category-politica","post_format-post-format-gallery"],"featured_image_urls":{"full":["https:\/\/noticiasbahia360.com.br\/wp-content\/uploads\/2025\/04\/Sesc-Centro-ft-ney-silva-acorda-cidade.jpg",640,417,false],"thumbnail":["https:\/\/noticiasbahia360.com.br\/wp-content\/uploads\/2025\/04\/Sesc-Centro-ft-ney-silva-acorda-cidade-150x150.jpg",150,150,true],"medium":["https:\/\/noticiasbahia360.com.br\/wp-content\/uploads\/2025\/04\/Sesc-Centro-ft-ney-silva-acorda-cidade-300x195.jpg",300,195,true],"medium_large":["https:\/\/noticiasbahia360.com.br\/wp-content\/uploads\/2025\/04\/Sesc-Centro-ft-ney-silva-acorda-cidade.jpg",640,417,false],"large":["https:\/\/noticiasbahia360.com.br\/wp-content\/uploads\/2025\/04\/Sesc-Centro-ft-ney-silva-acorda-cidade.jpg",640,417,false],"1536x1536":["https:\/\/noticiasbahia360.com.br\/wp-content\/uploads\/2025\/04\/Sesc-Centro-ft-ney-silva-acorda-cidade.jpg",640,417,false],"2048x2048":["https:\/\/noticiasbahia360.com.br\/wp-content\/uploads\/2025\/04\/Sesc-Centro-ft-ney-silva-acorda-cidade.jpg",640,417,false],"chromenews-featured":["https:\/\/noticiasbahia360.com.br\/wp-content\/uploads\/2025\/04\/Sesc-Centro-ft-ney-silva-acorda-cidade.jpg",640,417,false],"chromenews-large":["https:\/\/noticiasbahia360.com.br\/wp-content\/uploads\/2025\/04\/Sesc-Centro-ft-ney-silva-acorda-cidade.jpg",640,417,false],"chromenews-medium":["https:\/\/noticiasbahia360.com.br\/wp-content\/uploads\/2025\/04\/Sesc-Centro-ft-ney-silva-acorda-cidade-590x410.jpg",590,410,true]},"author_info":{"display_name":"noticiasbahia360.com.br","author_link":"https:\/\/noticiasbahia360.com.br\/?author=1"},"category_info":"<a href=\"https:\/\/noticiasbahia360.com.br\/?cat=8\" rel=\"category\">Bahia<\/a> <a href=\"https:\/\/noticiasbahia360.com.br\/?cat=9\" rel=\"category\">Brasil<\/a> <a href=\"https:\/\/noticiasbahia360.com.br\/?cat=6\" rel=\"category\">Feira de Santana<\/a> <a href=\"https:\/\/noticiasbahia360.com.br\/?cat=57\" rel=\"category\">Mundo<\/a> <a href=\"https:\/\/noticiasbahia360.com.br\/?cat=56\" rel=\"category\">Pol\u00edcia<\/a> <a href=\"https:\/\/noticiasbahia360.com.br\/?cat=10\" rel=\"category\">Pol\u00edtica<\/a>","tag_info":"Pol\u00edtica","comment_count":"0","_links":{"self":[{"href":"https:\/\/noticiasbahia360.com.br\/index.php?rest_route=\/wp\/v2\/posts\/80933","targetHints":{"allow":["GET"]}}],"collection":[{"href":"https:\/\/noticiasbahia360.com.br\/index.php?rest_route=\/wp\/v2\/posts"}],"about":[{"href":"https:\/\/noticiasbahia360.com.br\/index.php?rest_route=\/wp\/v2\/types\/post"}],"author":[{"embeddable":true,"href":"https:\/\/noticiasbahia360.com.br\/index.php?rest_route=\/wp\/v2\/users\/1"}],"replies":[{"embeddable":true,"href":"https:\/\/noticiasbahia360.com.br\/index.php?rest_route=%2Fwp%2Fv2%2Fcomments&post=80933"}],"version-history":[{"count":0,"href":"https:\/\/noticiasbahia360.com.br\/index.php?rest_route=\/wp\/v2\/posts\/80933\/revisions"}],"wp:featuredmedia":[{"embeddable":true,"href":"https:\/\/noticiasbahia360.com.br\/index.php?rest_route=\/wp\/v2\/media\/80934"}],"wp:attachment":[{"href":"https:\/\/noticiasbahia360.com.br\/index.php?rest_route=%2Fwp%2Fv2%2Fmedia&parent=80933"}],"wp:term":[{"taxonomy":"category","embeddable":true,"href":"https:\/\/noticiasbahia360.com.br\/index.php?rest_route=%2Fwp%2Fv2%2Fcategories&post=80933"},{"taxonomy":"post_tag","embeddable":true,"href":"https:\/\/noticiasbahia360.com.br\/index.php?rest_route=%2Fwp%2Fv2%2Ftags&post=80933"}],"curies":[{"name":"wp","href":"https:\/\/api.w.org\/{rel}","templated":true}]}} 