{"id":80936,"date":"2025-04-03T10:04:33","date_gmt":"2025-04-03T13:04:33","guid":{"rendered":"https:\/\/noticiasbahia360.com.br\/?p=80936"},"modified":"2025-04-03T10:04:33","modified_gmt":"2025-04-03T13:04:33","slug":"espetaculo-infantil-premiado-abre-a-temporada-de-apresentacoes-para-o-mes-de-abril-no-domingo-tem-teatro","status":"publish","type":"post","link":"https:\/\/noticiasbahia360.com.br\/?p=80936","title":{"rendered":"Espet\u00e1culo infantil premiado abre a temporada de apresenta\u00e7\u00f5es para o m\u00eas de abril no Domingo Tem Teatro"},"content":{"rendered":"<div>\n<div>\n<figure><img decoding=\"async\" src=\"http:\/\/noticiasbahia360.com.br\/wp-content\/uploads\/2025\/04\/QFWzYGbh-Espetaculo-O-Sumico-do-Galinho-Qui-ri-qui-qui-Foto-Cia.-Cuca-de-Teatro.jpg\" alt=\"Espet\u00e1culo ''O Sumi\u00e7o do Galinho Qui ri qui qui'' - Foto Cia. Cuca de Teatro\"><figcaption>Foto: Divulga\u00e7\u00e3o<\/figcaption><\/figure>\n<\/div>\n<p>A estreia em mar\u00e7o da nova temporada do Domingo Tem Teatro (30) foi um sucesso e agora em Abril a atra\u00e7\u00e3o convidada que vai animar a garotada \u00e9 o espet\u00e1culo \u201cO Sumi\u00e7o do Galinho Qui ri qui qui\u201d com a Cia. Cuca de Teatro que se apresenta no dia 06 de abril de 2025,\u00a0\u00e0s 10h30, no\u00a0Teatro Am\u00e9lio Amorim.\u00a0\u00a0<\/p>\n<p>Com texto premiado no Concurso Nacional de Dramaturgia Fl\u00e1vio Migliaccio edi\u00e7\u00e3o 2022, o espet\u00e1culo de m\u00faltiplas linguagens, escrito e dirigido por Geovane Mascarenhas conta a hist\u00f3ria da doce e destemida Sofia que\u00a0 sai pelo mundo em busca de seu Galinho Qui ri qui qui. Em sua jornada de aventuras e descobertas, \u00e9 surpreendida por personagens fant\u00e1sticos, como a Borboletinha que faz chocolate na cozinha, o Pai Francisco que perdeu a liberdade, a dona sapa, mulher do sapo Cururu que perdeu o seu anel no mar e tantas outras personagens que, assim como Sofia, perderam pessoas ou coisas pelo caminho. Um espet\u00e1culo de classifica\u00e7\u00e3o livre, para o p\u00fablico de todas as idades, que apresenta personagens do cancioneiro popular brasileiro e uma trilha musical original fundamentada nas cantigas de rodas com dire\u00e7\u00e3o musical de Heraldo Souza e produ\u00e7\u00e3o de Ca\u00edque Acau\u00e3.\u00a0\u00a0<\/p>\n<p><strong>Atividades Brincantes <\/strong><\/p>\n<p>No Domingo Tem Teatro, a brincadeira acontece antes e ap\u00f3s a apresenta\u00e7\u00e3o do espet\u00e1culo teatral. \u00c0s 09h, o espa\u00e7o de entretenimento j\u00e1 est\u00e1 aberto com v\u00e1rias brincadeiras e brinquedos para as crian\u00e7as com desenhos para colorir, jogos tradicionais, cama el\u00e1stica, piscina de bolinhas, pinturinha facial e aquele delicioso lanche da hora.\u00a0\u00a0Agora voc\u00ea j\u00e1 sabe, o espet\u00e1culo teatral come\u00e7a \u00e0s 10h30 e, \u00e0s 09h, \u00e9 o hor\u00e1rio que estamos te esperando para curtirmos e vivenciarmos juntos todas as sensa\u00e7\u00f5es e experi\u00eancias que s\u00f3 o Domingo Tem Teatro pode proporcionar.\u00a0<\/p>\n<p><strong>Seja f\u00e3 de carteirinha! <\/strong><\/p>\n<p>Em 2025, o programa do S\u00f3cio do Domingo Tem Teatro comemora 15 anos de atividade! E como parte das a\u00e7\u00f5es promocionais estaremos realizando sorteios de brindes e pr\u00eamios a cada apresenta\u00e7\u00e3o com o oferecimento dos nossos parceiros. Idealizado por Henrique Zardo Mott\u00e9, filho dos produtores Henrique (1963-2019) e Elizete, o programa do s\u00f3cio foi criado com o objetivo de aproximar o p\u00fablico do projeto, criando la\u00e7os de afeto com as artes c\u00eanicas, envolvendo crian\u00e7as e adultos para o mundo m\u00e1gico do faz de conta.<\/p>\n<p>Chegamos a marca de 2.707 f\u00e3s de carteirinha e almejamos com as novas iniciativas alcan\u00e7armos em 2025 a meta de 3.000 associados (crian\u00e7as e adultos) que passar\u00e3o a obter mais vantagens e benef\u00edcios como, descontos nos ingressos, participa\u00e7\u00e3o nos sorteios aos domingos e no Especial de Final de ano quando ser\u00e1 sorteado o PASSAPORTE para 2026.\u00a0\u00a0\u00c9 sempre bom lembrar que, no programa do S\u00f3cio, n\u00e3o h\u00e1 cobran\u00e7a de mensalidade ou taxas de manuten\u00e7\u00e3o. Solicite o formul\u00e1rio online para inscri\u00e7\u00e3o e\/ou recadastramento da carteirinha, atrav\u00e9s do WhatsApp da Cia. Cuca de Teatro (75) 9.9930-7634. A inscri\u00e7\u00e3o tamb\u00e9m pode ser feita no teatro aos domingos de programa\u00e7\u00e3o no hor\u00e1rio entre 09h e 12h30. Ressaltamos que no Programa do S\u00f3cio do Domingo Tem Teatro n\u00e3o h\u00e1 cobran\u00e7a de mensalidade ou taxa de manuten\u00e7\u00e3o.\u00a0\u00a0<\/p>\n<h2 class=\"wp-block-heading\" id=\"h-domingo-tem-teatro-20-anos\">Domingo Tem Teatro \u2013 20 anos<\/h2>\n<p>Domingo Tem Teatro, este projeto genuinamente feirense, de a\u00e7\u00f5es continuadas que promove apresenta\u00e7\u00f5es teatrais para crian\u00e7as e o p\u00fablico de todas as idades, que valoriza os artistas e a cultura local conta com o patroc\u00ednio do Atacad\u00e3o S\u00e3o Roque, Perer\u00ea Pe\u00e7as e do Governo do Estado, atrav\u00e9s do Fazcultura, Secretaria de Cultura e Secretaria da Fazenda. O projeto come\u00e7ou em 2005 com seus idealizadores, os produtores da Cia. Cuca de Teatro, Henrique Mott\u00e9 (1963-2019) e Elizete Dest\u00e9ffani-Mott\u00e9. O Domingo Tem Teatro construiu uma forte rela\u00e7\u00e3o com o seu p\u00fablico, tanto as pessoas que hoje acompanham o Projeto, como as gera\u00e7\u00f5es de crian\u00e7as que cresceram dentro do Domingo Tem Teatro, tem com este projeto uma fonte de relacionamento com a cultura, de divers\u00e3o e de constru\u00e7\u00e3o da sua vis\u00e3o cr\u00edtica e do respeito \u00e0s diferen\u00e7as. S\u00e3o 20 anos promovendo a forma\u00e7\u00e3o e o encontro com as artes c\u00eanicas, atrav\u00e9s das apresenta\u00e7\u00f5es teatrais voltadas \u00e0s inf\u00e2ncias e Juventudes.<\/p>\n<figure class=\"wp-block-image size-large\"><img fetchpriority=\"high\" fetchpriority=\"high\" decoding=\"async\" width=\"1024\" height=\"873\" src=\"http:\/\/noticiasbahia360.com.br\/wp-content\/uploads\/2025\/04\/CBOOPoT7-Card-espetaculo-O-Sumico-do-Galinho-Qui-ri-qui-qui-1024x873-1.webp\" alt=\"Card espet\u00e1culo ''O Sumi\u00e7o do Galinho Qui ri qui qui''\" class=\"wp-image-518315\" srcset=\"https:\/\/uploads.acordacidade.com.br\/2025\/04\/CBOOPoT7-Card-espetaculo-O-Sumico-do-Galinho-Qui-ri-qui-qui-300x256.webp 300w, http:\/\/noticiasbahia360.com.br\/wp-content\/uploads\/2025\/04\/CBOOPoT7-Card-espetaculo-O-Sumico-do-Galinho-Qui-ri-qui-qui-1024x873-1.webp 1024w, https:\/\/uploads.acordacidade.com.br\/2025\/04\/CBOOPoT7-Card-espetaculo-O-Sumico-do-Galinho-Qui-ri-qui-qui-768x655.webp 768w, https:\/\/uploads.acordacidade.com.br\/2025\/04\/CBOOPoT7-Card-espetaculo-O-Sumico-do-Galinho-Qui-ri-qui-qui-150x128.webp 150w, https:\/\/uploads.acordacidade.com.br\/2025\/04\/CBOOPoT7-Card-espetaculo-O-Sumico-do-Galinho-Qui-ri-qui-qui.webp 1200w\" sizes=\"(max-width: 1024px) 100vw, 1024px\"><figcaption class=\"wp-element-caption\">Foto: Divulga\u00e7\u00e3o<\/figcaption><\/figure>\n<p><strong>Servi\u00e7o: Domingo Tem Teatro \u2013 20 anos <\/strong><\/p>\n<p><strong>Quando:\u00a0<\/strong>Dia 6 de abril de 2025<\/p>\n<p><strong>Espet\u00e1culo:\u00a0<\/strong>\u201cO Sumi\u00e7o do Galinho Qui ri qui qui\u201d \u2013\u00a0Cia. Cuca de Teatro \u2013 Feira de Santana (BA)<\/p>\n<p><strong>Texto e Dire\u00e7\u00e3o:\u00a0\u00a0<\/strong>Geovane Mascarenhas<\/p>\n<p><strong>Assistente de Dire\u00e7\u00e3o:\u00a0<\/strong>Fernando Souza<\/p>\n<p><strong>Elenco:\u00a0<\/strong>Neide Kocca, Jacy Queiroz, Jailton Nascimento e Elizete Dest\u00e9ffani-Mott\u00e9<\/p>\n<p><strong>Classifica\u00e7\u00e3o:\u00a0<\/strong>Livre |\u00a0<strong>Dura\u00e7\u00e3o:<\/strong>\u00a050 min.<\/p>\n<p><strong>Atividades brincantes:\u00a0<\/strong>\u00c0S 09H<\/p>\n<p><strong>Hor\u00e1rio da apresenta\u00e7\u00e3o teatral:\u00a0<\/strong>\u00c0s 10h30<\/p>\n<p><strong>Ingresso:\u00a0<\/strong>40 (inteira) e 20 (meia) \u2013 Desconto para s\u00f3cios do Domingo Tem Teatro mediante apresenta\u00e7\u00e3o da carteirinha ou protocolo 2025.<\/p>\n<p><strong>Local:\u00a0<\/strong>Teatro Am\u00e9lio Amorim (Av. Presidente Dutra, 2.222- Capuchinhos \u2013 FSA -BA)<\/p>\n<p><strong>Link para compra de ingresso pelo sympla:<\/strong><a href=\"https:\/\/www.sympla.com.br\/evento\/espetaculo-troca-se-historias-por-brincadeiras\/2684430\" target=\"_blank\" rel=\"noreferrer noopener\"><\/a>\u00a0<a href=\"https:\/\/www.sympla.com.br\/evento\/o-sumico-do-galinho-qui-ri-qui-qui\/2898084\" target=\"_blank\" rel=\"noreferrer noopener\">https:\/\/www.sympla.com.br\/evento\/o-sumico-do-galinho-qui-ri-qui-qui\/2898084<\/a><\/p>\n<p><strong>Produ\u00e7\u00e3o:<\/strong>\u00a0Elizete Dest\u00e9ffani-Mott\u00e9<\/p>\n<p><strong>Patroc\u00ednio:<\/strong>\u00a0Atacad\u00e3o S\u00e3o Roque, Perer\u00ea Pe\u00e7as e Governo do Estado, atrav\u00e9s do Fazcultura, Secretaria de Cultura e Secretaria da Fazenda<\/p>\n<p><strong>Informa\u00e7\u00f5es\/Produ\u00e7\u00e3o:<\/strong>\u00a0(75) 9.9930-7634 (WhatsApp) Instagram: @domingotemteatro \u00a0 | \u00a0 E-mail:\u00a0<a href=\"mailto:domingotemteatro@gmail.com\" target=\"_blank\" rel=\"noreferrer noopener\">domingotemteatro@gmail.com<\/a>\u00a0\u00a0 |\u00a0<a href=\"http:\/\/www.ciacucadeteatro.com.br\/\" target=\"_blank\" rel=\"noreferrer noopener\">www.ciacucadeteatro.com.br<\/a><\/p>\n<p><em>Siga o Acorda Cidade no<\/em><a href=\"https:\/\/news.google.com\/search?q=acorda%20cidade&amp;hl=pt-BR&amp;gl=BR&amp;ceid=BR%3Apt-419\"><strong><em>\u00a0Google Not\u00edcias<\/em><\/strong><\/a><em>\u00a0e receba os principais destaques do dia. Participe tamb\u00e9m dos nossos canais no\u00a0<\/em><a href=\"https:\/\/whatsapp.com\/channel\/0029Va6Rb4v3WHTNnsh8WI3N\"><strong><em>WhatsApp<\/em><\/strong><\/a><em>\u00a0e\u00a0<\/em><a href=\"https:\/\/www.youtube.com\/@acordacidadenoticias\/videos\"><strong>Youtube<\/strong><\/a><em>\u00a0e grupo de\u00a0<\/em><a href=\"https:\/\/t.me\/+sSz0khrgARA0ZmRh\"><strong><em>Telegram<\/em><\/strong><\/a><em>.<\/em><\/p>\n<\/div>\n","protected":false},"excerpt":{"rendered":"<div>\n<div>\n<figure><img decoding=\"async\" src=\"https:\/\/uploads.acordacidade.com.br\/2024\/08\/QFWzYGbh-Espetaculo-O-Sumico-do-Galinho-Qui-ri-qui-qui-Foto-Cia.-Cuca-de-Teatro.jpg\" alt=\"Espet\u00e1culo ''O Sumi\u00e7o do Galinho Qui ri qui qui'' - Foto Cia. Cuca de Teatro\"><figcaption>Foto: Divulga\u00e7\u00e3o<\/figcaption><\/figure>\n<\/div>\n<p>O Domingo Tem Teatro chega aos 20 anos promovendo a forma\u00e7\u00e3o e o encontro com as artes c\u00eanicas, atrav\u00e9s das apresenta\u00e7\u00f5es teatrais.<\/p><\/div>\n","protected":false},"author":1,"featured_media":80937,"comment_status":"closed","ping_status":"closed","sticky":false,"template":"","format":"gallery","meta":{"footnotes":""},"categories":[8,9,6,57,56,10],"tags":[],"class_list":["post-80936","post","type-post","status-publish","format-gallery","has-post-thumbnail","hentry","category-bahia","category-brasil","category-feira-de-santana","category-mundo","category-policia","category-politica","post_format-post-format-gallery"],"featured_image_urls":{"full":["https:\/\/noticiasbahia360.com.br\/wp-content\/uploads\/2025\/04\/QFWzYGbh-Espetaculo-O-Sumico-do-Galinho-Qui-ri-qui-qui-Foto-Cia.-Cuca-de-Teatro.jpg",640,360,false],"thumbnail":["https:\/\/noticiasbahia360.com.br\/wp-content\/uploads\/2025\/04\/QFWzYGbh-Espetaculo-O-Sumico-do-Galinho-Qui-ri-qui-qui-Foto-Cia.-Cuca-de-Teatro-150x150.jpg",150,150,true],"medium":["https:\/\/noticiasbahia360.com.br\/wp-content\/uploads\/2025\/04\/QFWzYGbh-Espetaculo-O-Sumico-do-Galinho-Qui-ri-qui-qui-Foto-Cia.-Cuca-de-Teatro-300x169.jpg",300,169,true],"medium_large":["https:\/\/noticiasbahia360.com.br\/wp-content\/uploads\/2025\/04\/QFWzYGbh-Espetaculo-O-Sumico-do-Galinho-Qui-ri-qui-qui-Foto-Cia.-Cuca-de-Teatro.jpg",640,360,false],"large":["https:\/\/noticiasbahia360.com.br\/wp-content\/uploads\/2025\/04\/QFWzYGbh-Espetaculo-O-Sumico-do-Galinho-Qui-ri-qui-qui-Foto-Cia.-Cuca-de-Teatro.jpg",640,360,false],"1536x1536":["https:\/\/noticiasbahia360.com.br\/wp-content\/uploads\/2025\/04\/QFWzYGbh-Espetaculo-O-Sumico-do-Galinho-Qui-ri-qui-qui-Foto-Cia.-Cuca-de-Teatro.jpg",640,360,false],"2048x2048":["https:\/\/noticiasbahia360.com.br\/wp-content\/uploads\/2025\/04\/QFWzYGbh-Espetaculo-O-Sumico-do-Galinho-Qui-ri-qui-qui-Foto-Cia.-Cuca-de-Teatro.jpg",640,360,false],"chromenews-featured":["https:\/\/noticiasbahia360.com.br\/wp-content\/uploads\/2025\/04\/QFWzYGbh-Espetaculo-O-Sumico-do-Galinho-Qui-ri-qui-qui-Foto-Cia.-Cuca-de-Teatro.jpg",640,360,false],"chromenews-large":["https:\/\/noticiasbahia360.com.br\/wp-content\/uploads\/2025\/04\/QFWzYGbh-Espetaculo-O-Sumico-do-Galinho-Qui-ri-qui-qui-Foto-Cia.-Cuca-de-Teatro.jpg",640,360,false],"chromenews-medium":["https:\/\/noticiasbahia360.com.br\/wp-content\/uploads\/2025\/04\/QFWzYGbh-Espetaculo-O-Sumico-do-Galinho-Qui-ri-qui-qui-Foto-Cia.-Cuca-de-Teatro-590x360.jpg",590,360,true]},"author_info":{"display_name":"noticiasbahia360.com.br","author_link":"https:\/\/noticiasbahia360.com.br\/?author=1"},"category_info":"<a href=\"https:\/\/noticiasbahia360.com.br\/?cat=8\" rel=\"category\">Bahia<\/a> <a href=\"https:\/\/noticiasbahia360.com.br\/?cat=9\" rel=\"category\">Brasil<\/a> <a href=\"https:\/\/noticiasbahia360.com.br\/?cat=6\" rel=\"category\">Feira de Santana<\/a> <a href=\"https:\/\/noticiasbahia360.com.br\/?cat=57\" rel=\"category\">Mundo<\/a> <a href=\"https:\/\/noticiasbahia360.com.br\/?cat=56\" rel=\"category\">Pol\u00edcia<\/a> <a href=\"https:\/\/noticiasbahia360.com.br\/?cat=10\" rel=\"category\">Pol\u00edtica<\/a>","tag_info":"Pol\u00edtica","comment_count":"0","_links":{"self":[{"href":"https:\/\/noticiasbahia360.com.br\/index.php?rest_route=\/wp\/v2\/posts\/80936","targetHints":{"allow":["GET"]}}],"collection":[{"href":"https:\/\/noticiasbahia360.com.br\/index.php?rest_route=\/wp\/v2\/posts"}],"about":[{"href":"https:\/\/noticiasbahia360.com.br\/index.php?rest_route=\/wp\/v2\/types\/post"}],"author":[{"embeddable":true,"href":"https:\/\/noticiasbahia360.com.br\/index.php?rest_route=\/wp\/v2\/users\/1"}],"replies":[{"embeddable":true,"href":"https:\/\/noticiasbahia360.com.br\/index.php?rest_route=%2Fwp%2Fv2%2Fcomments&post=80936"}],"version-history":[{"count":0,"href":"https:\/\/noticiasbahia360.com.br\/index.php?rest_route=\/wp\/v2\/posts\/80936\/revisions"}],"wp:featuredmedia":[{"embeddable":true,"href":"https:\/\/noticiasbahia360.com.br\/index.php?rest_route=\/wp\/v2\/media\/80937"}],"wp:attachment":[{"href":"https:\/\/noticiasbahia360.com.br\/index.php?rest_route=%2Fwp%2Fv2%2Fmedia&parent=80936"}],"wp:term":[{"taxonomy":"category","embeddable":true,"href":"https:\/\/noticiasbahia360.com.br\/index.php?rest_route=%2Fwp%2Fv2%2Fcategories&post=80936"},{"taxonomy":"post_tag","embeddable":true,"href":"https:\/\/noticiasbahia360.com.br\/index.php?rest_route=%2Fwp%2Fv2%2Ftags&post=80936"}],"curies":[{"name":"wp","href":"https:\/\/api.w.org\/{rel}","templated":true}]}} 