{"id":80939,"date":"2025-04-03T10:16:49","date_gmt":"2025-04-03T13:16:49","guid":{"rendered":"https:\/\/noticiasbahia360.com.br\/?p=80939"},"modified":"2025-04-03T10:16:49","modified_gmt":"2025-04-03T13:16:49","slug":"cuidados-com-os-ouvidos-o-que-fazer-se-o-timpano-estourar","status":"publish","type":"post","link":"https:\/\/noticiasbahia360.com.br\/?p=80939","title":{"rendered":"Cuidados com os ouvidos: o que fazer se o t\u00edmpano estourar?"},"content":{"rendered":"<div>\n<div>\n<figure><img decoding=\"async\" src=\"http:\/\/noticiasbahia360.com.br\/wp-content\/uploads\/2025\/04\/audicao-dor-de-ouvido-criancas-otorrino-user7003113-freepik.jpg\" alt=\"audi\u00e7\u00e3o - dor de ouvido - crian\u00e7as - otorrino - user7003113 freepik\"><figcaption>Foto: User7003113\/Freepik<\/figcaption><\/figure>\n<\/div>\n<p>O t\u00edmpano \u00e9 uma membrana fina e delicada localizada no fundo do canal auditivo, sendo um dos principais componentes da audi\u00e7\u00e3o e na prote\u00e7\u00e3o do ouvido m\u00e9dio. \u201cO t\u00edmpano vibra com os sons e os transmite para o sistema auditivo interno, al\u00e9m de proteger o ouvido m\u00e9dio contra \u00e1gua, sujeira e infec\u00e7\u00f5es\u201d, explica o m\u00e9dico Marcel Menon Miyake, otorrinolaringologista credenciado pela Omint.<\/p>\n<p>A ruptura dessa estrutura, tamb\u00e9m conhecida como perfura\u00e7\u00e3o timp\u00e2nica, pode ocorrer por diversos motivos, como o uso incorreto de hastes flex\u00edveis, traumas na cabe\u00e7a ou no ouvido, infec\u00e7\u00f5es no ouvido m\u00e9dio e mudan\u00e7as bruscas de press\u00e3o. \u201cEm caso de suspeita de perfura\u00e7\u00e3o, \u00e9 fundamental procurar um otorrinolaringologista para diagn\u00f3stico e tratamento adequados\u201d, orienta o especialista.<\/p>\n<p>Os sintomas mais comuns incluem dor intensa, sangramento, sensa\u00e7\u00e3o de ouvido entupido, perda tempor\u00e1ria da audi\u00e7\u00e3o e tontura.<\/p>\n<p>A complica\u00e7\u00e3o mais frequente \u00e9 a predisposi\u00e7\u00e3o a infec\u00e7\u00f5es, j\u00e1 que a membrana timp\u00e2nica n\u00e3o est\u00e1 mais protegendo o ouvido m\u00e9dio. \u201cA perfura\u00e7\u00e3o do t\u00edmpano pode aumentar o risco das chamadas otites m\u00e9dias, comuns em crian\u00e7as, al\u00e9m de levar \u00e0 diminui\u00e7\u00e3o da audi\u00e7\u00e3o\u201d, alerta o Dr. Miyake. \u201cPor isso, \u00e9 fundamental evitar a entrada de \u00e1gua no ouvido, seja durante o banho, na nata\u00e7\u00e3o ou na lavagem do ouvido.\u201d<\/p>\n<p>O tratamento varia de acordo com a causa e gravidade da perfura\u00e7\u00e3o. Em casos de infec\u00e7\u00e3o, antibi\u00f3ticos podem ser prescritos. Para proteger o ouvido, recomenda-se o uso de protetores auriculares de silicone ou algod\u00e3o embebido em subst\u00e2ncia oleosa. \u201cNa maioria dos casos, o t\u00edmpano se regenera espontaneamente em algumas semanas. No entanto, se a perfura\u00e7\u00e3o persistir, pode ser necess\u00e1ria uma cirurgia chamada timpanoplastia\u201d, explica o Dr. Miyake.<\/p>\n<p>Embora a perfura\u00e7\u00e3o do t\u00edmpano possa causar diminui\u00e7\u00e3o da audi\u00e7\u00e3o, geralmente n\u00e3o leva \u00e0 perda auditiva permanente. \u201cA audi\u00e7\u00e3o volta ao normal ap\u00f3s a cicatriza\u00e7\u00e3o na maioria dos casos, mas les\u00f5es nos oss\u00edculos do ouvido m\u00e9dio podem afetar a recupera\u00e7\u00e3o\u201d, ressalta o m\u00e9dico.<\/p>\n<p>A perfura\u00e7\u00e3o do t\u00edmpano em si n\u00e3o causa tontura, mas pode deixar o ouvido interno mais vulner\u00e1vel a fatores que desencadeiam esse sintoma, como ressalta o especialista: \u201cVaria\u00e7\u00f5es bruscas de temperatura ou jatos de ar frio podem causar tontura em pessoas com t\u00edmpano perfurado.\u201d<\/p>\n<p>Crian\u00e7as com infec\u00e7\u00f5es de ouvido recorrentes, mergulhadores, pilotos de avi\u00e3o e pessoas expostas a ru\u00eddos intensos s\u00e3o mais propensas a sofrer a ruptura do t\u00edmpano. \u201c\u00c9 importante diferenciar a perfura\u00e7\u00e3o do t\u00edmpano de outras condi\u00e7\u00f5es, como o ac\u00famulo de cera ou otites m\u00e9dias, que apresentam sintomas semelhantes\u201d, destaca o especialista.<\/p>\n<p>\u201cA preven\u00e7\u00e3o \u00e9 fundamental para evitar a perfura\u00e7\u00e3o do t\u00edmpano\u201d, finaliza o Dr. Miyake. \u201cCuidado ao utilizar hastes flex\u00edveis, proteja seus ouvidos de traumas e procure um otorrinolaringologista em caso de infec\u00e7\u00f5es de ouvido recorrentes ou antes de realizar atividades como mergulho ou viagens de avi\u00e3o, especialmente se estiver gripado\u201d.<\/p>\n<figure class=\"wp-block-image size-large\"><img fetchpriority=\"high\" fetchpriority=\"high\" decoding=\"async\" width=\"1024\" height=\"423\" src=\"http:\/\/noticiasbahia360.com.br\/wp-content\/uploads\/2025\/04\/uxcydgwp-mitos-e-verdades-sobre-os-ouvidos-1024x423-1.webp\" alt=\"T\u00edmpano - mitos e verdades sobre os ouvidos\" class=\"wp-image-518321\" srcset=\"https:\/\/uploads.acordacidade.com.br\/2025\/04\/uxcydgwp-mitos-e-verdades-sobre-os-ouvidos-300x124.webp 300w, http:\/\/noticiasbahia360.com.br\/wp-content\/uploads\/2025\/04\/uxcydgwp-mitos-e-verdades-sobre-os-ouvidos-1024x423-1.webp 1024w, https:\/\/uploads.acordacidade.com.br\/2025\/04\/uxcydgwp-mitos-e-verdades-sobre-os-ouvidos-768x317.webp 768w, https:\/\/uploads.acordacidade.com.br\/2025\/04\/uxcydgwp-mitos-e-verdades-sobre-os-ouvidos-150x62.webp 150w, https:\/\/uploads.acordacidade.com.br\/2025\/04\/uxcydgwp-mitos-e-verdades-sobre-os-ouvidos.webp 1200w\" sizes=\"(max-width: 1024px) 100vw, 1024px\"><figcaption class=\"wp-element-caption\">Foto: Divulga\u00e7\u00e3o <\/figcaption><\/figure>\n<p><strong>Sobre a Omint<\/strong><\/p>\n<p>H\u00e1 mais de 40 anos, a Omint iniciou suas opera\u00e7\u00f5es no Brasil com o lan\u00e7amento do primeiro plano de sa\u00fade de alto padr\u00e3o do pa\u00eds. Desde ent\u00e3o, \u00e9 refer\u00eancia absoluta nesse segmento de mercado, mantendo viva a sua voca\u00e7\u00e3o de cuidar de pessoas, com o compromisso de proporcionar um servi\u00e7o m\u00e9dico de m\u00e1xima qualidade e grande foco na preven\u00e7\u00e3o e promo\u00e7\u00e3o da sa\u00fade.<\/p>\n<p>Os valores humanos e o rigor com o padr\u00e3o de excel\u00eancia elevaram ao mais alto n\u00edvel o \u00edndice de recomenda\u00e7\u00e3o entre os clientes, gestores de Recursos Humanos e credenciados e tornaram os planos m\u00e9dicos e odontol\u00f3gicos Omint objeto de desejo no pacote de benef\u00edcios de executivos e colaboradores das empresas e elevando o tempo m\u00e9dio de perman\u00eancia de nossos clientes, muito al\u00e9m da m\u00e9dia de mercado.<\/p>\n<p>Em 1999, a Omint inaugurou uma cl\u00ednica odontol\u00f3gica pr\u00f3pria para atendimento exclusivo dos clientes de seus planos e particulares, trazendo para esse segmento uma qualidade at\u00e9 ent\u00e3o in\u00e9dita. Atualmente com duas unidades em S\u00e3o Paulo, a Cl\u00ednica Omint Odonto e Est\u00e9tica oferece o estado da arte da odontologia, tendo sido a primeira cl\u00ednica odontol\u00f3gica brasileira a conquistar a certifica\u00e7\u00e3o JCI (Joint Commission International), o mais importante selo de qualidade mundial para institui\u00e7\u00f5es de sa\u00fade.<\/p>\n<p>Seguindo sua voca\u00e7\u00e3o de cuidar de pessoas, em 2015 o Grupo Omint lan\u00e7a a Omint Seguros, replicando no mercado de seguro de pessoas o modelo de excel\u00eancia constru\u00eddo pelo Grupo no segmento de sa\u00fade suplementar. A Omint Seguros comercializa atualmente seguros de vida individual, de vida em grupo e de viagem.<\/p>\n<p><em>Siga o Acorda Cidade no<\/em><a href=\"https:\/\/news.google.com\/search?q=acorda%20cidade&amp;hl=pt-BR&amp;gl=BR&amp;ceid=BR%3Apt-419\"><strong><em>\u00a0Google Not\u00edcias<\/em><\/strong><\/a><em>\u00a0e receba os principais destaques do dia. Participe tamb\u00e9m dos nossos canais no\u00a0<\/em><a href=\"https:\/\/whatsapp.com\/channel\/0029Va6Rb4v3WHTNnsh8WI3N\"><strong><em>WhatsApp<\/em><\/strong><\/a><em>\u00a0e\u00a0<\/em><a href=\"https:\/\/www.youtube.com\/@acordacidadenoticias\/videos\"><strong>Youtube<\/strong><\/a><em>\u00a0e grupo de\u00a0<\/em><a href=\"https:\/\/t.me\/+sSz0khrgARA0ZmRh\"><strong><em>Telegram<\/em><\/strong><\/a><em>.<\/em><\/p>\n<\/div>\n","protected":false},"excerpt":{"rendered":"<div>\n<div>\n<figure><img decoding=\"async\" src=\"https:\/\/uploads.acordacidade.com.br\/wp-content\/uploads\/2024\/01\/18085406\/audicao-dor-de-ouvido-criancas-otorrino-user7003113-freepik.jpg\" alt=\"audi\u00e7\u00e3o - dor de ouvido - crian\u00e7as - otorrino - user7003113 freepik\"><figcaption>Foto: User7003113\/Freepik<\/figcaption><\/figure>\n<\/div>\n<p>Especialista explica as causas, sintomas, tratamentos, mitos e verdades sobre a ruptura timp\u00e2nica.<\/p><\/div>\n","protected":false},"author":1,"featured_media":80940,"comment_status":"closed","ping_status":"closed","sticky":false,"template":"","format":"gallery","meta":{"footnotes":""},"categories":[8,9,6,57,56,10],"tags":[],"class_list":["post-80939","post","type-post","status-publish","format-gallery","has-post-thumbnail","hentry","category-bahia","category-brasil","category-feira-de-santana","category-mundo","category-policia","category-politica","post_format-post-format-gallery"],"featured_image_urls":{"full":["https:\/\/noticiasbahia360.com.br\/wp-content\/uploads\/2025\/04\/audicao-dor-de-ouvido-criancas-otorrino-user7003113-freepik.jpg",640,426,false],"thumbnail":["https:\/\/noticiasbahia360.com.br\/wp-content\/uploads\/2025\/04\/audicao-dor-de-ouvido-criancas-otorrino-user7003113-freepik-150x150.jpg",150,150,true],"medium":["https:\/\/noticiasbahia360.com.br\/wp-content\/uploads\/2025\/04\/audicao-dor-de-ouvido-criancas-otorrino-user7003113-freepik-300x200.jpg",300,200,true],"medium_large":["https:\/\/noticiasbahia360.com.br\/wp-content\/uploads\/2025\/04\/audicao-dor-de-ouvido-criancas-otorrino-user7003113-freepik.jpg",640,426,false],"large":["https:\/\/noticiasbahia360.com.br\/wp-content\/uploads\/2025\/04\/audicao-dor-de-ouvido-criancas-otorrino-user7003113-freepik.jpg",640,426,false],"1536x1536":["https:\/\/noticiasbahia360.com.br\/wp-content\/uploads\/2025\/04\/audicao-dor-de-ouvido-criancas-otorrino-user7003113-freepik.jpg",640,426,false],"2048x2048":["https:\/\/noticiasbahia360.com.br\/wp-content\/uploads\/2025\/04\/audicao-dor-de-ouvido-criancas-otorrino-user7003113-freepik.jpg",640,426,false],"chromenews-featured":["https:\/\/noticiasbahia360.com.br\/wp-content\/uploads\/2025\/04\/audicao-dor-de-ouvido-criancas-otorrino-user7003113-freepik.jpg",640,426,false],"chromenews-large":["https:\/\/noticiasbahia360.com.br\/wp-content\/uploads\/2025\/04\/audicao-dor-de-ouvido-criancas-otorrino-user7003113-freepik.jpg",640,426,false],"chromenews-medium":["https:\/\/noticiasbahia360.com.br\/wp-content\/uploads\/2025\/04\/audicao-dor-de-ouvido-criancas-otorrino-user7003113-freepik-590x410.jpg",590,410,true]},"author_info":{"display_name":"noticiasbahia360.com.br","author_link":"https:\/\/noticiasbahia360.com.br\/?author=1"},"category_info":"<a href=\"https:\/\/noticiasbahia360.com.br\/?cat=8\" rel=\"category\">Bahia<\/a> <a href=\"https:\/\/noticiasbahia360.com.br\/?cat=9\" rel=\"category\">Brasil<\/a> <a href=\"https:\/\/noticiasbahia360.com.br\/?cat=6\" rel=\"category\">Feira de Santana<\/a> <a href=\"https:\/\/noticiasbahia360.com.br\/?cat=57\" rel=\"category\">Mundo<\/a> <a href=\"https:\/\/noticiasbahia360.com.br\/?cat=56\" rel=\"category\">Pol\u00edcia<\/a> <a href=\"https:\/\/noticiasbahia360.com.br\/?cat=10\" rel=\"category\">Pol\u00edtica<\/a>","tag_info":"Pol\u00edtica","comment_count":"0","_links":{"self":[{"href":"https:\/\/noticiasbahia360.com.br\/index.php?rest_route=\/wp\/v2\/posts\/80939","targetHints":{"allow":["GET"]}}],"collection":[{"href":"https:\/\/noticiasbahia360.com.br\/index.php?rest_route=\/wp\/v2\/posts"}],"about":[{"href":"https:\/\/noticiasbahia360.com.br\/index.php?rest_route=\/wp\/v2\/types\/post"}],"author":[{"embeddable":true,"href":"https:\/\/noticiasbahia360.com.br\/index.php?rest_route=\/wp\/v2\/users\/1"}],"replies":[{"embeddable":true,"href":"https:\/\/noticiasbahia360.com.br\/index.php?rest_route=%2Fwp%2Fv2%2Fcomments&post=80939"}],"version-history":[{"count":0,"href":"https:\/\/noticiasbahia360.com.br\/index.php?rest_route=\/wp\/v2\/posts\/80939\/revisions"}],"wp:featuredmedia":[{"embeddable":true,"href":"https:\/\/noticiasbahia360.com.br\/index.php?rest_route=\/wp\/v2\/media\/80940"}],"wp:attachment":[{"href":"https:\/\/noticiasbahia360.com.br\/index.php?rest_route=%2Fwp%2Fv2%2Fmedia&parent=80939"}],"wp:term":[{"taxonomy":"category","embeddable":true,"href":"https:\/\/noticiasbahia360.com.br\/index.php?rest_route=%2Fwp%2Fv2%2Fcategories&post=80939"},{"taxonomy":"post_tag","embeddable":true,"href":"https:\/\/noticiasbahia360.com.br\/index.php?rest_route=%2Fwp%2Fv2%2Ftags&post=80939"}],"curies":[{"name":"wp","href":"https:\/\/api.w.org\/{rel}","templated":true}]}}