{"id":80942,"date":"2025-04-03T10:35:13","date_gmt":"2025-04-03T13:35:13","guid":{"rendered":"https:\/\/noticiasbahia360.com.br\/?p=80942"},"modified":"2025-04-03T10:35:13","modified_gmt":"2025-04-03T13:35:13","slug":"prefeitura-realiza-cerimonia-de-posse-de-187-professores","status":"publish","type":"post","link":"https:\/\/noticiasbahia360.com.br\/?p=80942","title":{"rendered":"Prefeitura realiza cerim\u00f4nia de posse de 187 professores"},"content":{"rendered":"<div>\n<div>\n<figure><img decoding=\"async\" src=\"http:\/\/noticiasbahia360.com.br\/wp-content\/uploads\/2025\/04\/Prefeitura-realiza-cerimonia-de-posse-de-187-professores-.jpg\" alt=\"Prefeitura realiza cerim\u00f4nia de posse de 187 professores\"><figcaption>Foto: Paulo Jos\u00e9\/Acorda Cidade<\/figcaption><\/figure>\n<\/div>\n<p>A prefeitura de Feira de Santana realizou na manh\u00e3 desta quinta-feira (3) a cerim\u00f4nia de posse dos professores aprovados no \u00faltimo concurso p\u00fablico. Neste primeiro momento 187 professores foram empossados. A cerim\u00f4nia foi realizada no audit\u00f3rio da Secretaria Municipal de Educa\u00e7\u00e3o.<\/p>\n<figure class=\"wp-block-image size-large\"><img fetchpriority=\"high\" fetchpriority=\"high\" decoding=\"async\" width=\"1024\" height=\"473\" src=\"http:\/\/noticiasbahia360.com.br\/wp-content\/uploads\/2025\/04\/qhetJ0Zz-Prefeitura-realiza-cerimonia-de-posse-de-187-professores-2-1024x473-1.webp\" alt=\"Prefeitura realiza cerim\u00f4nia de posse de 187 professores\" class=\"wp-image-518336\" srcset=\"https:\/\/uploads.acordacidade.com.br\/2025\/04\/qhetJ0Zz-Prefeitura-realiza-cerimonia-de-posse-de-187-professores-2-300x139.webp 300w, http:\/\/noticiasbahia360.com.br\/wp-content\/uploads\/2025\/04\/qhetJ0Zz-Prefeitura-realiza-cerimonia-de-posse-de-187-professores-2-1024x473-1.webp 1024w, https:\/\/uploads.acordacidade.com.br\/2025\/04\/qhetJ0Zz-Prefeitura-realiza-cerimonia-de-posse-de-187-professores-2-768x355.webp 768w, https:\/\/uploads.acordacidade.com.br\/2025\/04\/qhetJ0Zz-Prefeitura-realiza-cerimonia-de-posse-de-187-professores-2-150x69.webp 150w, https:\/\/uploads.acordacidade.com.br\/2025\/04\/qhetJ0Zz-Prefeitura-realiza-cerimonia-de-posse-de-187-professores-2.webp 1200w\" sizes=\"(max-width: 1024px) 100vw, 1024px\"><figcaption class=\"wp-element-caption\">Foto: Paulo Jos\u00e9\/Acorda Cidade<\/figcaption><\/figure>\n<p>O secret\u00e1rio municipal de Educa\u00e7\u00e3o, Pablo Roberto destacou que atualmente a rede municipal tem uma necessidade de aproximadamente 250 professores e a prefeitura realizou a convoca\u00e7\u00e3o de 300 aprovados no \u00faltimo concurso.<\/p>\n<p>\u201c\u00c9 um momento de muita alegria, \u00e9 a primeira vez que em um \u00fanico ato o prefeito convoca 300 professores. Hoje estamos fazendo a posse de 187 profissionais. Decidimos fazer em dois momentos por conta da necessidade urgente de serem encaminhados as salas\u201d, disse.<\/p>\n<figure class=\"wp-block-image size-large\"><img decoding=\"async\" width=\"1024\" height=\"473\" src=\"http:\/\/noticiasbahia360.com.br\/wp-content\/uploads\/2025\/04\/Qy2EInu6-Prefeitura-realiza-cerimonia-de-posse-de-187-professores-3-1024x473-1.webp\" alt=\"Prefeitura realiza cerim\u00f4nia de posse de 187 professores\" class=\"wp-image-518335\" srcset=\"https:\/\/uploads.acordacidade.com.br\/2025\/04\/Qy2EInu6-Prefeitura-realiza-cerimonia-de-posse-de-187-professores-3-300x139.webp 300w, http:\/\/noticiasbahia360.com.br\/wp-content\/uploads\/2025\/04\/Qy2EInu6-Prefeitura-realiza-cerimonia-de-posse-de-187-professores-3-1024x473-1.webp 1024w, https:\/\/uploads.acordacidade.com.br\/2025\/04\/Qy2EInu6-Prefeitura-realiza-cerimonia-de-posse-de-187-professores-3-768x355.webp 768w, https:\/\/uploads.acordacidade.com.br\/2025\/04\/Qy2EInu6-Prefeitura-realiza-cerimonia-de-posse-de-187-professores-3-150x69.webp 150w, https:\/\/uploads.acordacidade.com.br\/2025\/04\/Qy2EInu6-Prefeitura-realiza-cerimonia-de-posse-de-187-professores-3.webp 1200w\" sizes=\"(max-width: 1024px) 100vw, 1024px\"><figcaption class=\"wp-element-caption\">Foto: Paulo Jos\u00e9\/Acorda Cidade<\/figcaption><\/figure>\n<p>De acordo com o secret\u00e1rio, os professores que est\u00e3o tomando posse nesta manh\u00e3, j\u00e1 ser\u00e3o encaminhados para a salas de aula na tarde desta quinta.<\/p>\n<p>O prefeito Jos\u00e9 Ronaldo de Carvalho informou que os demais professores est\u00e3o concluindo o processo burocr\u00e1tico com entrega de documenta\u00e7\u00e3o, para tamb\u00e9m tomarem posse.<\/p>\n<h2 class=\"wp-block-heading\" id=\"h-alunos-atipicos\">Alunos at\u00edpicos<\/h2>\n<p>O prefeito falou ainda sobre a situa\u00e7\u00e3o dos alunos at\u00edpicos, que necessitam de um auxiliar em sala de aula. Segundo ele, o munic\u00edpio est\u00e1 trabalhando nessa quest\u00e3o.<\/p>\n<p>\u201cEstamos com um n\u00famero expressivo de alunos at\u00edpicos na rede municipal. Estamos fazendo uma a\u00e7\u00e3o forte, mas precisa de mais. Acabei uma reuni\u00e3o com o secret\u00e1rio de educa\u00e7\u00e3o para que a gente possa tomar as devidas provid\u00eancias para atender a essa demanda na nossa rede\u201d.<\/p>\n<figure class=\"wp-block-image size-large\"><img decoding=\"async\" width=\"1024\" height=\"473\" src=\"http:\/\/noticiasbahia360.com.br\/wp-content\/uploads\/2025\/04\/hoeNSK5e-Prefeitura-realiza-cerimonia-de-posse-de-187-professores-1-1024x473-1.webp\" alt=\"Prefeitura realiza cerim\u00f4nia de posse de 187 professores\" class=\"wp-image-518337\" srcset=\"https:\/\/uploads.acordacidade.com.br\/2025\/04\/hoeNSK5e-Prefeitura-realiza-cerimonia-de-posse-de-187-professores-1-300x139.webp 300w, http:\/\/noticiasbahia360.com.br\/wp-content\/uploads\/2025\/04\/hoeNSK5e-Prefeitura-realiza-cerimonia-de-posse-de-187-professores-1-1024x473-1.webp 1024w, https:\/\/uploads.acordacidade.com.br\/2025\/04\/hoeNSK5e-Prefeitura-realiza-cerimonia-de-posse-de-187-professores-1-768x355.webp 768w, https:\/\/uploads.acordacidade.com.br\/2025\/04\/hoeNSK5e-Prefeitura-realiza-cerimonia-de-posse-de-187-professores-1-150x69.webp 150w, https:\/\/uploads.acordacidade.com.br\/2025\/04\/hoeNSK5e-Prefeitura-realiza-cerimonia-de-posse-de-187-professores-1.webp 1200w\" sizes=\"(max-width: 1024px) 100vw, 1024px\"><figcaption class=\"wp-element-caption\">Foto: Paulo Jos\u00e9\/Acorda Cidade<\/figcaption><\/figure>\n<h2 class=\"wp-block-heading\" id=\"h-de-aluna-a-professora\">De aluna a professora<\/h2>\n<p>A professora Larissa Gomes fez uso da palavra durante a cerim\u00f4nia de posse, representando a todos os professores. Ela contou um pouco da sua trajet\u00f3ria, saindo de aluna de escola p\u00fablica at\u00e9 chegar \u00e0 professora efetivada.<\/p>\n<figure class=\"wp-block-image size-large\"><img decoding=\"async\" width=\"1024\" height=\"687\" src=\"http:\/\/noticiasbahia360.com.br\/wp-content\/uploads\/2025\/04\/zyIJrQIN-professora-1024x687-1.webp\" alt=\"professora\" class=\"wp-image-518334\" srcset=\"https:\/\/uploads.acordacidade.com.br\/2025\/04\/zyIJrQIN-professora--300x201.webp 300w, http:\/\/noticiasbahia360.com.br\/wp-content\/uploads\/2025\/04\/zyIJrQIN-professora-1024x687-1.webp 1024w, https:\/\/uploads.acordacidade.com.br\/2025\/04\/zyIJrQIN-professora--768x515.webp 768w, https:\/\/uploads.acordacidade.com.br\/2025\/04\/zyIJrQIN-professora--150x101.webp 150w, https:\/\/uploads.acordacidade.com.br\/2025\/04\/zyIJrQIN-professora-.webp 1200w\" sizes=\"(max-width: 1024px) 100vw, 1024px\"><figcaption class=\"wp-element-caption\">Foto: Paulo Jos\u00e9\/Acorda Cidade<\/figcaption><\/figure>\n<p>\u201cFui aluna, estagi\u00e1ria, professora Reda e agora efetiva. Para mim \u00e9 motivo de orgulho. Da mesma forma que fui inspirada por v\u00e1rios professores, hoje sou inspira\u00e7\u00e3o para meninos e meninas do bairro Rua Nova. Fa\u00e7o quest\u00e3o de contar sobre minhas conquistas. Venho de um lugar parecido ou igual ao deles e hoje estou ensinado em sala de aula\u201d, afirmou.<\/p>\n<p><em>Com informa\u00e7\u00f5es do rep\u00f3rter Paulo Jos\u00e9 do Acorda Cidade<\/em><\/p>\n<p><em>Siga o Acorda Cidade no<a href=\"https:\/\/news.google.com\/search?q=acorda%20cidade&amp;hl=pt-BR&amp;gl=BR&amp;ceid=BR%3Apt-419\" target=\"_blank\" rel=\"noreferrer noopener\">\u00a0Google Not\u00edcias<\/a>\u00a0e receba os principais destaques do dia.\u00a0Participe tamb\u00e9m dos nossos grupos no\u00a0<a href=\"https:\/\/chat.whatsapp.com\/Fj2agnR6CdwLEb9Uqew8QI\" target=\"_blank\" rel=\"noreferrer noopener\">WhatsApp<\/a>\u00a0e\u00a0<a href=\"https:\/\/t.me\/+sSz0khrgARA0ZmRh\" target=\"_blank\" rel=\"noreferrer noopener\">Telegram<\/a><\/em><\/p>\n<\/div>\n","protected":false},"excerpt":{"rendered":"<div>\n<div>\n<figure><img decoding=\"async\" src=\"https:\/\/uploads.acordacidade.com.br\/2025\/04\/Prefeitura-realiza-cerimonia-de-posse-de-187-professores-.jpg\" alt=\"Prefeitura realiza cerim\u00f4nia de posse de 187 professores\"><figcaption>Foto: Paulo Jos\u00e9\/Acorda Cidade<\/figcaption><\/figure>\n<\/div>\n<p>Os professores j\u00e1 ser\u00e3o encaminhados para a salas de aula na tarde desta quinta.<\/p><\/div>\n","protected":false},"author":1,"featured_media":80943,"comment_status":"closed","ping_status":"closed","sticky":false,"template":"","format":"gallery","meta":{"footnotes":""},"categories":[8,9,6,57,56,10],"tags":[],"class_list":["post-80942","post","type-post","status-publish","format-gallery","has-post-thumbnail","hentry","category-bahia","category-brasil","category-feira-de-santana","category-mundo","category-policia","category-politica","post_format-post-format-gallery"],"featured_image_urls":{"full":["https:\/\/noticiasbahia360.com.br\/wp-content\/uploads\/2025\/04\/Prefeitura-realiza-cerimonia-de-posse-de-187-professores-.jpg",1200,554,false],"thumbnail":["https:\/\/noticiasbahia360.com.br\/wp-content\/uploads\/2025\/04\/Prefeitura-realiza-cerimonia-de-posse-de-187-professores--150x150.jpg",150,150,true],"medium":["https:\/\/noticiasbahia360.com.br\/wp-content\/uploads\/2025\/04\/Prefeitura-realiza-cerimonia-de-posse-de-187-professores--300x139.jpg",300,139,true],"medium_large":["https:\/\/noticiasbahia360.com.br\/wp-content\/uploads\/2025\/04\/Prefeitura-realiza-cerimonia-de-posse-de-187-professores--768x355.jpg",640,296,true],"large":["https:\/\/noticiasbahia360.com.br\/wp-content\/uploads\/2025\/04\/Prefeitura-realiza-cerimonia-de-posse-de-187-professores--1024x473.jpg",640,296,true],"1536x1536":["https:\/\/noticiasbahia360.com.br\/wp-content\/uploads\/2025\/04\/Prefeitura-realiza-cerimonia-de-posse-de-187-professores-.jpg",1200,554,false],"2048x2048":["https:\/\/noticiasbahia360.com.br\/wp-content\/uploads\/2025\/04\/Prefeitura-realiza-cerimonia-de-posse-de-187-professores-.jpg",1200,554,false],"chromenews-featured":["https:\/\/noticiasbahia360.com.br\/wp-content\/uploads\/2025\/04\/Prefeitura-realiza-cerimonia-de-posse-de-187-professores--1024x473.jpg",1024,473,true],"chromenews-large":["https:\/\/noticiasbahia360.com.br\/wp-content\/uploads\/2025\/04\/Prefeitura-realiza-cerimonia-de-posse-de-187-professores--825x554.jpg",825,554,true],"chromenews-medium":["https:\/\/noticiasbahia360.com.br\/wp-content\/uploads\/2025\/04\/Prefeitura-realiza-cerimonia-de-posse-de-187-professores--590x410.jpg",590,410,true]},"author_info":{"display_name":"noticiasbahia360.com.br","author_link":"https:\/\/noticiasbahia360.com.br\/?author=1"},"category_info":"<a href=\"https:\/\/noticiasbahia360.com.br\/?cat=8\" rel=\"category\">Bahia<\/a> <a href=\"https:\/\/noticiasbahia360.com.br\/?cat=9\" rel=\"category\">Brasil<\/a> <a href=\"https:\/\/noticiasbahia360.com.br\/?cat=6\" rel=\"category\">Feira de Santana<\/a> <a href=\"https:\/\/noticiasbahia360.com.br\/?cat=57\" rel=\"category\">Mundo<\/a> <a href=\"https:\/\/noticiasbahia360.com.br\/?cat=56\" rel=\"category\">Pol\u00edcia<\/a> <a href=\"https:\/\/noticiasbahia360.com.br\/?cat=10\" rel=\"category\">Pol\u00edtica<\/a>","tag_info":"Pol\u00edtica","comment_count":"0","_links":{"self":[{"href":"https:\/\/noticiasbahia360.com.br\/index.php?rest_route=\/wp\/v2\/posts\/80942","targetHints":{"allow":["GET"]}}],"collection":[{"href":"https:\/\/noticiasbahia360.com.br\/index.php?rest_route=\/wp\/v2\/posts"}],"about":[{"href":"https:\/\/noticiasbahia360.com.br\/index.php?rest_route=\/wp\/v2\/types\/post"}],"author":[{"embeddable":true,"href":"https:\/\/noticiasbahia360.com.br\/index.php?rest_route=\/wp\/v2\/users\/1"}],"replies":[{"embeddable":true,"href":"https:\/\/noticiasbahia360.com.br\/index.php?rest_route=%2Fwp%2Fv2%2Fcomments&post=80942"}],"version-history":[{"count":0,"href":"https:\/\/noticiasbahia360.com.br\/index.php?rest_route=\/wp\/v2\/posts\/80942\/revisions"}],"wp:featuredmedia":[{"embeddable":true,"href":"https:\/\/noticiasbahia360.com.br\/index.php?rest_route=\/wp\/v2\/media\/80943"}],"wp:attachment":[{"href":"https:\/\/noticiasbahia360.com.br\/index.php?rest_route=%2Fwp%2Fv2%2Fmedia&parent=80942"}],"wp:term":[{"taxonomy":"category","embeddable":true,"href":"https:\/\/noticiasbahia360.com.br\/index.php?rest_route=%2Fwp%2Fv2%2Fcategories&post=80942"},{"taxonomy":"post_tag","embeddable":true,"href":"https:\/\/noticiasbahia360.com.br\/index.php?rest_route=%2Fwp%2Fv2%2Ftags&post=80942"}],"curies":[{"name":"wp","href":"https:\/\/api.w.org\/{rel}","templated":true}]}} 