{"id":80981,"date":"2025-04-03T12:54:04","date_gmt":"2025-04-03T15:54:04","guid":{"rendered":"https:\/\/noticiasbahia360.com.br\/?p=80981"},"modified":"2025-04-03T12:54:04","modified_gmt":"2025-04-03T15:54:04","slug":"ex-secretario-de-educacao-de-salvador-bruno-barral-e-alvo-da-operacao-overclean","status":"publish","type":"post","link":"https:\/\/noticiasbahia360.com.br\/?p=80981","title":{"rendered":"Ex-secret\u00e1rio de Educa\u00e7\u00e3o de Salvador, Bruno Barral, \u00e9 alvo da Opera\u00e7\u00e3o Overclean"},"content":{"rendered":"<div>\n<div>\n<figure><img decoding=\"async\" src=\"http:\/\/noticiasbahia360.com.br\/wp-content\/uploads\/2025\/04\/brunobarral_reproducao-1.jpg\" alt=\"Bruno Barral\"><figcaption>Foto: Reprodu\u00e7\u00e3o<\/figcaption><\/figure>\n<\/div>\n<p>Ex-secret\u00e1rio de Educa\u00e7\u00e3o de Salvador, Bruno Barral \u00e9 um dos alvos da terceira fase da <a href=\"https:\/\/www.acordacidade.com.br\/policia\/pf-e-cgu-deflagram-3a-fase-da-operacao-overclean-contra-desvios-milionarios\/\">Opera\u00e7\u00e3o Overclean<\/a>, deflagrada na manh\u00e3 desta quinta-feira (3) pela Pol\u00edcia Federal.<\/p>\n<p>Segundo informa\u00e7\u00f5es apuradas pelo Bahia Not\u00edcias, o mandado cumprido em Belo Horizonte (MG) foi referente a ele, j\u00e1 que atualmente Barral atua como secret\u00e1rio de Educa\u00e7\u00e3o da capital mineira. Ele \u00e9 o servidor afastado por determina\u00e7\u00e3o do Supremo Tribunal Federal (STF) no \u00e2mbito da opera\u00e7\u00e3o.<\/p>\n<p>Na resid\u00eancia do secret\u00e1rio, a Pol\u00edcia Federal encontrou ma\u00e7os de d\u00f3lares e euros, joias e rel\u00f3gios em um cofre. O total apreendido ainda n\u00e3o foi informado.<\/p>\n<figure class=\"wp-block-image size-large\"><img fetchpriority=\"high\" fetchpriority=\"high\" decoding=\"async\" width=\"1024\" height=\"512\" src=\"http:\/\/noticiasbahia360.com.br\/wp-content\/uploads\/2025\/04\/3aVeBDQo-operacaooverclean_policiafederal-1024x512-2.webp\" alt=\"Opera\u00e7\u00e3o Overclean\" class=\"wp-image-518410\" srcset=\"https:\/\/uploads.acordacidade.com.br\/2025\/04\/3aVeBDQo-operacaooverclean_policiafederal-300x150.webp 300w, http:\/\/noticiasbahia360.com.br\/wp-content\/uploads\/2025\/04\/3aVeBDQo-operacaooverclean_policiafederal-1024x512-2.webp 1024w, https:\/\/uploads.acordacidade.com.br\/2025\/04\/3aVeBDQo-operacaooverclean_policiafederal-768x384.webp 768w, https:\/\/uploads.acordacidade.com.br\/2025\/04\/3aVeBDQo-operacaooverclean_policiafederal-150x75.webp 150w, https:\/\/uploads.acordacidade.com.br\/2025\/04\/3aVeBDQo-operacaooverclean_policiafederal.webp 1200w\" sizes=\"(max-width: 1024px) 100vw, 1024px\"><figcaption class=\"wp-element-caption\">Foto: Divulga\u00e7\u00e3o<\/figcaption><\/figure>\n<p>Com o objetivo de desarticular uma organiza\u00e7\u00e3o criminosa suspeita de atuar em fraudes licitat\u00f3rias, desvio de recursos p\u00fablicos, corrup\u00e7\u00e3o e lavagem de dinheiro, 16 mandados de busca e apreens\u00e3o e uma ordem de afastamento cautelar de um servidor p\u00fablico de suas fun\u00e7\u00f5es est\u00e3o sendo cumpridos em Salvador, S\u00e3o Paulo, Belo Horizonte e Aracaju.<\/p>\n<p>Bruno Barral foi nomeado para o posto em Belo Horizonte em abril do ano passado, em uma articula\u00e7\u00e3o que envolveu diretamente o ex-prefeito de Salvador, ACM Neto.<\/p>\n<p>As investiga\u00e7\u00f5es apontam que o esquema criminoso atingiu principalmente o Departamento Nacional de Obras Contra as Secas (DNOCS), especialmente a Coordenadoria Estadual da Bahia (CEST-BA), al\u00e9m de outros \u00f3rg\u00e3os p\u00fablicos que contavam com o apoio operacional da organiza\u00e7\u00e3o criminosa nas localidades afetadas.<\/p>\n<p>A apura\u00e7\u00e3o indica ainda que a organiza\u00e7\u00e3o direcionava recursos p\u00fablicos provenientes de emendas parlamentares e conv\u00eanios para empresas e indiv\u00edduos ligados a administra\u00e7\u00f5es municipais, utilizando superfaturamento de obras e desvios financeiros.<\/p>\n<p>Estima-se que a organiza\u00e7\u00e3o tenha movimentado cerca de R$ 1,4 bilh\u00e3o por meio desses contratos fraudulentos e obras superfaturadas. Os crimes apurados incluem corrup\u00e7\u00e3o ativa e passiva, peculato, fraude em licita\u00e7\u00f5es e contratos, lavagem de dinheiro e obstru\u00e7\u00e3o da justi\u00e7a.<\/p>\n<p><em>Fonte: <a href=\"https:\/\/www.bahianoticias.com.br\/noticia\/303422-ex-secretario-de-educacao-de-salvador-bruno-barral-e-um-dos-alvos-da-terceira-fase-da-operacao-overclean\" target=\"_blank\" rel=\"noreferrer noopener\">Bahia Not\u00edcias<\/a>, parceiro do Acorda Cidade<\/em><\/p>\n<p><strong>Leia tamb\u00e9m:<\/strong> <a href=\"https:\/\/www.acordacidade.com.br\/policia\/pf-e-cgu-deflagram-3a-fase-da-operacao-overclean-contra-desvios-milionarios\/\">PF e CGU deflagram 3\u00aa fase da Opera\u00e7\u00e3o Overclean contra desvios milion\u00e1rios<\/a><\/p>\n<p><em>Siga o Acorda Cidade no<\/em><a href=\"https:\/\/news.google.com\/search?q=acorda%20cidade&amp;hl=pt-BR&amp;gl=BR&amp;ceid=BR%3Apt-419\"><strong><em> Google Not\u00edcias<\/em><\/strong><\/a><em> e receba os principais destaques do dia. Participe tamb\u00e9m dos nossos canais no <\/em><a href=\"https:\/\/whatsapp.com\/channel\/0029Va6Rb4v3WHTNnsh8WI3N\"><strong><em>WhatsApp<\/em><\/strong><\/a><em> e <\/em><a href=\"https:\/\/www.youtube.com\/@acordacidadenoticias\/videos\"><strong>Youtube<\/strong><\/a><em> e grupo de <\/em><a href=\"https:\/\/t.me\/+sSz0khrgARA0ZmRh\"><strong><em>Telegram<\/em><\/strong><\/a><em>.<\/em><\/p>\n<\/div>\n","protected":false},"excerpt":{"rendered":"<div>\n<div>\n<figure><img decoding=\"async\" src=\"https:\/\/uploads.acordacidade.com.br\/2025\/04\/brunobarral_reproducao.jpg\" alt=\"Bruno Barral\"><figcaption>Foto: Reprodu\u00e7\u00e3o<\/figcaption><\/figure>\n<\/div>\n<p>Na resid\u00eancia do secret\u00e1rio, a Pol\u00edcia Federal encontrou ma\u00e7os de d\u00f3lares e euros, joias e rel\u00f3gios em um cofre.<\/p><\/div>\n","protected":false},"author":1,"featured_media":80982,"comment_status":"closed","ping_status":"closed","sticky":false,"template":"","format":"gallery","meta":{"footnotes":""},"categories":[8,9,6,57,56,10],"tags":[],"class_list":["post-80981","post","type-post","status-publish","format-gallery","has-post-thumbnail","hentry","category-bahia","category-brasil","category-feira-de-santana","category-mundo","category-policia","category-politica","post_format-post-format-gallery"],"featured_image_urls":{"full":["https:\/\/noticiasbahia360.com.br\/wp-content\/uploads\/2025\/04\/brunobarral_reproducao-1.jpg",1200,630,false],"thumbnail":["https:\/\/noticiasbahia360.com.br\/wp-content\/uploads\/2025\/04\/brunobarral_reproducao-1-150x150.jpg",150,150,true],"medium":["https:\/\/noticiasbahia360.com.br\/wp-content\/uploads\/2025\/04\/brunobarral_reproducao-1-300x158.jpg",300,158,true],"medium_large":["https:\/\/noticiasbahia360.com.br\/wp-content\/uploads\/2025\/04\/brunobarral_reproducao-1-768x403.jpg",640,336,true],"large":["https:\/\/noticiasbahia360.com.br\/wp-content\/uploads\/2025\/04\/brunobarral_reproducao-1-1024x538.jpg",640,336,true],"1536x1536":["https:\/\/noticiasbahia360.com.br\/wp-content\/uploads\/2025\/04\/brunobarral_reproducao-1.jpg",1200,630,false],"2048x2048":["https:\/\/noticiasbahia360.com.br\/wp-content\/uploads\/2025\/04\/brunobarral_reproducao-1.jpg",1200,630,false],"chromenews-featured":["https:\/\/noticiasbahia360.com.br\/wp-content\/uploads\/2025\/04\/brunobarral_reproducao-1-1024x538.jpg",1024,538,true],"chromenews-large":["https:\/\/noticiasbahia360.com.br\/wp-content\/uploads\/2025\/04\/brunobarral_reproducao-1-825x575.jpg",825,575,true],"chromenews-medium":["https:\/\/noticiasbahia360.com.br\/wp-content\/uploads\/2025\/04\/brunobarral_reproducao-1-590x410.jpg",590,410,true]},"author_info":{"display_name":"noticiasbahia360.com.br","author_link":"https:\/\/noticiasbahia360.com.br\/?author=1"},"category_info":"<a href=\"https:\/\/noticiasbahia360.com.br\/?cat=8\" rel=\"category\">Bahia<\/a> <a href=\"https:\/\/noticiasbahia360.com.br\/?cat=9\" rel=\"category\">Brasil<\/a> <a href=\"https:\/\/noticiasbahia360.com.br\/?cat=6\" rel=\"category\">Feira de Santana<\/a> <a href=\"https:\/\/noticiasbahia360.com.br\/?cat=57\" rel=\"category\">Mundo<\/a> <a href=\"https:\/\/noticiasbahia360.com.br\/?cat=56\" rel=\"category\">Pol\u00edcia<\/a> <a href=\"https:\/\/noticiasbahia360.com.br\/?cat=10\" rel=\"category\">Pol\u00edtica<\/a>","tag_info":"Pol\u00edtica","comment_count":"0","_links":{"self":[{"href":"https:\/\/noticiasbahia360.com.br\/index.php?rest_route=\/wp\/v2\/posts\/80981","targetHints":{"allow":["GET"]}}],"collection":[{"href":"https:\/\/noticiasbahia360.com.br\/index.php?rest_route=\/wp\/v2\/posts"}],"about":[{"href":"https:\/\/noticiasbahia360.com.br\/index.php?rest_route=\/wp\/v2\/types\/post"}],"author":[{"embeddable":true,"href":"https:\/\/noticiasbahia360.com.br\/index.php?rest_route=\/wp\/v2\/users\/1"}],"replies":[{"embeddable":true,"href":"https:\/\/noticiasbahia360.com.br\/index.php?rest_route=%2Fwp%2Fv2%2Fcomments&post=80981"}],"version-history":[{"count":0,"href":"https:\/\/noticiasbahia360.com.br\/index.php?rest_route=\/wp\/v2\/posts\/80981\/revisions"}],"wp:featuredmedia":[{"embeddable":true,"href":"https:\/\/noticiasbahia360.com.br\/index.php?rest_route=\/wp\/v2\/media\/80982"}],"wp:attachment":[{"href":"https:\/\/noticiasbahia360.com.br\/index.php?rest_route=%2Fwp%2Fv2%2Fmedia&parent=80981"}],"wp:term":[{"taxonomy":"category","embeddable":true,"href":"https:\/\/noticiasbahia360.com.br\/index.php?rest_route=%2Fwp%2Fv2%2Fcategories&post=80981"},{"taxonomy":"post_tag","embeddable":true,"href":"https:\/\/noticiasbahia360.com.br\/index.php?rest_route=%2Fwp%2Fv2%2Ftags&post=80981"}],"curies":[{"name":"wp","href":"https:\/\/api.w.org\/{rel}","templated":true}]}}