{"id":80986,"date":"2025-04-03T13:19:28","date_gmt":"2025-04-03T16:19:28","guid":{"rendered":"https:\/\/noticiasbahia360.com.br\/?p=80986"},"modified":"2025-04-03T13:19:28","modified_gmt":"2025-04-03T16:19:28","slug":"mae-de-crianca-atipica-e-impedida-de-acompanhar-filho-ate-a-sala-de-aula-foi-taxada-como-questionadora","status":"publish","type":"post","link":"https:\/\/noticiasbahia360.com.br\/?p=80986","title":{"rendered":"M\u00e3e de crian\u00e7a at\u00edpica \u00e9 impedida de acompanhar filho at\u00e9 a sala de aula: \u201cFoi taxada como questionadora\u201d"},"content":{"rendered":"<div>\n<div>\n<figure><img decoding=\"async\" src=\"http:\/\/noticiasbahia360.com.br\/wp-content\/uploads\/2025\/04\/escola-Diva-Portela-.jpg\" alt=\"escola Diva Portela\"><figcaption>Foto: Ed Santos\/Acorda Cidade<\/figcaption><\/figure>\n<\/div>\n<p>A m\u00e3e de uma crian\u00e7a at\u00edpica (com Transtorno do Espectro Autista \u2013 TEA) foi impedida de entrar na escola municipal Diva Portela para acompanhar o filho at\u00e9 a sala de aula. Diante da situa\u00e7\u00e3o, ela constituiu um advogado para intervir na situa\u00e7\u00e3o. Ele esteve na escola na manh\u00e3 desta quinta-feira (3) para conversar com a vice-diretora. Ao Acorda Cidade, o advogado Gil Fernandes relatou a situa\u00e7\u00e3o e disse que a m\u00e3e foi considerada pela escola \u201cmuito questionadora\u201d e por isso foi impedida de acompanhar o filho.<\/p>\n<p><strong>O advogado, que \u00e9 especialista em direito e acesso a sa\u00fade e \u00e9 pai at\u00edpico, lamentou a situa\u00e7\u00e3o, especialmente em um m\u00eas em que se comemora o Dia Mundial da Conscientiza\u00e7\u00e3o do <a href=\"https:\/\/www.acordacidade.com.br\/tag\/autismo\/\">Autismo<\/a>. Ele relatou a situa\u00e7\u00e3o.<\/strong><\/p>\n<figure class=\"wp-block-image size-large\"><img fetchpriority=\"high\" fetchpriority=\"high\" decoding=\"async\" width=\"1024\" height=\"768\" src=\"http:\/\/noticiasbahia360.com.br\/wp-content\/uploads\/2025\/04\/Ql8jdr2T-advogado-Gil-Fernandes-1024x768-1.webp\" alt=\"advogado Gil Fernandes\" class=\"wp-image-518444\" srcset=\"https:\/\/uploads.acordacidade.com.br\/2025\/04\/Ql8jdr2T-advogado-Gil-Fernandes--300x225.webp 300w, http:\/\/noticiasbahia360.com.br\/wp-content\/uploads\/2025\/04\/Ql8jdr2T-advogado-Gil-Fernandes-1024x768-1.webp 1024w, https:\/\/uploads.acordacidade.com.br\/2025\/04\/Ql8jdr2T-advogado-Gil-Fernandes--768x576.webp 768w, https:\/\/uploads.acordacidade.com.br\/2025\/04\/Ql8jdr2T-advogado-Gil-Fernandes--150x113.webp 150w, https:\/\/uploads.acordacidade.com.br\/2025\/04\/Ql8jdr2T-advogado-Gil-Fernandes-.webp 1200w\" sizes=\"(max-width: 1024px) 100vw, 1024px\"><figcaption class=\"wp-element-caption\">Foto: Ed Santos\/Acorda Cidade<\/figcaption><\/figure>\n<p>\u201cGostaria que isso n\u00e3o estivesse acontecendo, ainda mais um dia ap\u00f3s a data que se comemora o dia da consci\u00eancia da causa autista. Fomos procurados pelos pais dessa crian\u00e7a com autismo reportando que estavam sendo proibidos de acessar a escola para conduzir o filho at\u00e9 a sala de aula. Buscamos apoio com a C\u00e2mara de Vereadores, atrav\u00e9s do vereador Marcos Carvalhal, que nos levou at\u00e9 a Secretaria de Educa\u00e7\u00e3o. Fomos recebidos pela subsecret\u00e1ria e l\u00e1 foi explicado que a m\u00e3e tinha sido proibida, porque era altamente questionadora\u201d.<\/p>\n<p><strong>Segundo o advogado, os questionamentos da m\u00e3e eram para saber por que n\u00e3o tinha sido elaborado um Plano Educacional e porque n\u00e3o existia a presen\u00e7a do professor na sala de recursos no contraturno, sendo que existe essa sala na escola, mas n\u00e3o funciona.<\/strong> \u201cPor cobrar isso desde o ano passado e n\u00e3o obter resposta, ela foi taxada de questionadora, como uma pessoa que briga demais\u201d.<\/p>\n<figure class=\"wp-block-image size-large\"><img decoding=\"async\" width=\"1024\" height=\"768\" src=\"http:\/\/noticiasbahia360.com.br\/wp-content\/uploads\/2025\/04\/CcnUv5Bb-Mae-de-crianca-atipica-e-impedida-de-acompanhar-filho-ate-a-sala-de-aula1-1024x768-1.webp\" alt=\"M\u00e3e de crian\u00e7a at\u00edpica \u00e9 impedida de acompanhar filho at\u00e9 a sala de aula\" class=\"wp-image-518446\" srcset=\"https:\/\/uploads.acordacidade.com.br\/2025\/04\/CcnUv5Bb-Mae-de-crianca-atipica-e-impedida-de-acompanhar-filho-ate-a-sala-de-aula1-300x225.webp 300w, http:\/\/noticiasbahia360.com.br\/wp-content\/uploads\/2025\/04\/CcnUv5Bb-Mae-de-crianca-atipica-e-impedida-de-acompanhar-filho-ate-a-sala-de-aula1-1024x768-1.webp 1024w, https:\/\/uploads.acordacidade.com.br\/2025\/04\/CcnUv5Bb-Mae-de-crianca-atipica-e-impedida-de-acompanhar-filho-ate-a-sala-de-aula1-768x576.webp 768w, https:\/\/uploads.acordacidade.com.br\/2025\/04\/CcnUv5Bb-Mae-de-crianca-atipica-e-impedida-de-acompanhar-filho-ate-a-sala-de-aula1-150x113.webp 150w, https:\/\/uploads.acordacidade.com.br\/2025\/04\/CcnUv5Bb-Mae-de-crianca-atipica-e-impedida-de-acompanhar-filho-ate-a-sala-de-aula1.webp 1200w\" sizes=\"(max-width: 1024px) 100vw, 1024px\"><figcaption class=\"wp-element-caption\">Foto: Ed Santos\/Acorda Cidade<\/figcaption><\/figure>\n<p>De acordo com o advogado Gil Fernandes, a subsecret\u00e1ria de educa\u00e7\u00e3o ouviu as demandas levadas por ele sobre essa situa\u00e7\u00e3o e disse que ia marcar uma reuni\u00e3o com a diretora da escola para apurar os fatos e resolver. Ele defende que o di\u00e1logo \u00e9 o melhor caminho e diz que est\u00e1 buscando essa op\u00e7\u00e3o.<\/p>\n<blockquote class=\"wp-block-quote is-layout-flow wp-block-quote-is-layout-flow\">\n<p><strong>\u201cDefendemos a tese que nenhum pai e nenhuma m\u00e3e, sob nenhuma justificativa, devem ser proibidos de conduzir o filho at\u00e9 a sala de aula ou de ter o direito de buscar junto a escola as atividades que est\u00e3o sendo feitas, quem s\u00e3o os professores. Ainda que exista qualquer raz\u00e3o, me parece beirar a discrimina\u00e7\u00e3o e o capacitismo, a penaliza\u00e7\u00e3o do pai e da m\u00e3e com o n\u00e3o acesso a escola. Entendo que o di\u00e1logo \u00e9 o melhor caminho\u201d.<\/strong><\/p>\n<\/blockquote>\n<p>Gil informou que teve acesso a uma pasta desse aluno, um documento interno da escola, onde verificou algumas reivindica\u00e7\u00f5es feitas pela m\u00e3e. Nesses registros, ela pedia que a professora apresentasse o Plano de Educa\u00e7\u00e3o e pedia para que a professora relatasse no di\u00e1rio as atividades desenvolvidas pelo aluno em sala de aula. \u201cA crian\u00e7a \u00e9 n\u00e3o verbal e isso deixa os pais preocupados, por que se n\u00e3o tem o retrato no di\u00e1rio, ela n\u00e3o tem como saber o que aconteceu\u201d, avaliou.<\/p>\n<figure class=\"wp-block-image size-large\"><img decoding=\"async\" width=\"1024\" height=\"768\" src=\"http:\/\/noticiasbahia360.com.br\/wp-content\/uploads\/2025\/04\/CcnUv5Bb-Mae-de-crianca-atipica-e-impedida-de-acompanhar-filho-ate-a-sala-de-aula1-1024x768-1.webp\" alt=\"M\u00e3e de crian\u00e7a at\u00edpica \u00e9 impedida de acompanhar filho at\u00e9 a sala de aula\" class=\"wp-image-518446\" srcset=\"https:\/\/uploads.acordacidade.com.br\/2025\/04\/CcnUv5Bb-Mae-de-crianca-atipica-e-impedida-de-acompanhar-filho-ate-a-sala-de-aula1-300x225.webp 300w, http:\/\/noticiasbahia360.com.br\/wp-content\/uploads\/2025\/04\/CcnUv5Bb-Mae-de-crianca-atipica-e-impedida-de-acompanhar-filho-ate-a-sala-de-aula1-1024x768-1.webp 1024w, https:\/\/uploads.acordacidade.com.br\/2025\/04\/CcnUv5Bb-Mae-de-crianca-atipica-e-impedida-de-acompanhar-filho-ate-a-sala-de-aula1-768x576.webp 768w, https:\/\/uploads.acordacidade.com.br\/2025\/04\/CcnUv5Bb-Mae-de-crianca-atipica-e-impedida-de-acompanhar-filho-ate-a-sala-de-aula1-150x113.webp 150w, https:\/\/uploads.acordacidade.com.br\/2025\/04\/CcnUv5Bb-Mae-de-crianca-atipica-e-impedida-de-acompanhar-filho-ate-a-sala-de-aula1.webp 1200w\" sizes=\"(max-width: 1024px) 100vw, 1024px\"><figcaption class=\"wp-element-caption\">Foto: Ed Santos\/Acorda Cidade<\/figcaption><\/figure>\n<p>O advogado analisou a conversa com a vice-diretora da escola, realizada nesta manh\u00e3, como muito boa e disse que foi feita uma proposta amig\u00e1vel. Ele agradeceu por a vice-diretora ter sido cordial na recep\u00e7\u00e3o com ele.<\/p>\n<p>\u201cPropusemos um acordo para que os pais n\u00e3o sejam proibidos de entrar na escola e que seja feita uma reuni\u00e3o para a elabora\u00e7\u00e3o do Plano de Educa\u00e7\u00e3o. Sei das lutas dos professores da rede p\u00fablica municipal. Hoje me parece que tem um d\u00e9ficit de 13 professores auxiliares nessa escola, ent\u00e3o realmente n\u00e3o \u00e9 f\u00e1cil para os professores gerirem isso. Mas a conta n\u00e3o pode cair para o aluno, nem para o pai e nem para a m\u00e3e da crian\u00e7a at\u00edpica, que vive essa luta desde que a crian\u00e7a nasceu, porque \u00e9 luta para tudo\u201d, disse.<\/p>\n<p>O advogado considera que esse caso \u00e9 uma viola\u00e7\u00e3o aos direitos da crian\u00e7a. J\u00e1 que, conforme relatou ao Acorda Cidade, a Lei de Diretrizes B\u00e1sicas da Educa\u00e7\u00e3o, o Estatuto da Crian\u00e7a e do Adolescente, entre outras leis, determinam as obriga\u00e7\u00f5es e deixam caro o papel da escola. \u201cQuando eu falo em papel da escola, falo no sentido amplo, a secretaria de Educa\u00e7\u00e3o precisa cumprir essas normas\u201d, afirmou.<\/p>\n<p>O advogado disse ainda que outra reuni\u00e3o foi agendada com a secretaria de Educa\u00e7\u00e3o para conversar sobre a quest\u00e3o. Gil Fernandes destacou alguns pontos que defende que devem ser respeitados.<\/p>\n<p>\u201cA prioridade n\u00famero um \u00e9 o aluno ter acesso ao que vai garantir para ele diminuir as inabilidades e aumentar as habilidades. A segunda coisa \u00e9 garantir que n\u00e3o exista capacitismo com os pais da crian\u00e7a. Terceiro, se a gente n\u00e3o conseguir pela via administrativo, vamos buscar a judicializa\u00e7\u00e3o para garantir o direito. N\u00e3o estou pedindo nada que n\u00e3o seja direito. Estou pedindo um ajuste, n\u00e3o sou pol\u00edtico, sou ativista da causa da pessoa com autismo, sou pai at\u00edpico, e o que eu fa\u00e7o n\u00e3o \u00e9 para mim, \u00e9 para todos. No final das contas \u00e9 a sociedade quem ganha quando essas crian\u00e7as t\u00eam seus direitos garantidos. Se n\u00e3o tiver acesso \u00e0 sa\u00fade e educa\u00e7\u00e3o, qual o futuro dessas crian\u00e7as? Inclus\u00e3o e conscientiza\u00e7\u00e3o hoje ainda \u00e9 uma grande mentira\u201d, lamentou.<\/p>\n<h2 class=\"wp-block-heading\" id=\"h-o-que-diz-a-escola\">O que diz a escola<\/h2>\n<p>O Acorda Cidade esteve presente na reuni\u00e3o entre o advogado e a vice-diretora e ouviu a vers\u00e3o da escola. Al\u00e9m de vice-diretora, kheily Tiara tamb\u00e9m \u00e9 professora da escola Diva Matos Portela. <strong>Ela contou que houve uma discuss\u00e3o da m\u00e3e desse aluno com uma professora na frente das crian\u00e7as e frisou que a determina\u00e7\u00e3o para os pais n\u00e3o acompanharem os filhos at\u00e9 a sala de aula \u00e9 uma diretriz da escola e que vale para todos os pais.<\/strong><\/p>\n<figure class=\"wp-block-image size-large\"><img decoding=\"async\" width=\"1024\" height=\"768\" src=\"http:\/\/noticiasbahia360.com.br\/wp-content\/uploads\/2025\/04\/ov96QOto-Mae-de-crianca-atipica-e-impedida-de-acompanhar-filho-ate-a-sala-de-aula3-1024x768-1.webp\" alt=\"M\u00e3e de crian\u00e7a at\u00edpica \u00e9 impedida de acompanhar filho at\u00e9 a sala de aula\" class=\"wp-image-518443\" srcset=\"https:\/\/uploads.acordacidade.com.br\/2025\/04\/ov96QOto-Mae-de-crianca-atipica-e-impedida-de-acompanhar-filho-ate-a-sala-de-aula3-300x225.webp 300w, http:\/\/noticiasbahia360.com.br\/wp-content\/uploads\/2025\/04\/ov96QOto-Mae-de-crianca-atipica-e-impedida-de-acompanhar-filho-ate-a-sala-de-aula3-1024x768-1.webp 1024w, https:\/\/uploads.acordacidade.com.br\/2025\/04\/ov96QOto-Mae-de-crianca-atipica-e-impedida-de-acompanhar-filho-ate-a-sala-de-aula3-768x576.webp 768w, https:\/\/uploads.acordacidade.com.br\/2025\/04\/ov96QOto-Mae-de-crianca-atipica-e-impedida-de-acompanhar-filho-ate-a-sala-de-aula3-150x113.webp 150w, https:\/\/uploads.acordacidade.com.br\/2025\/04\/ov96QOto-Mae-de-crianca-atipica-e-impedida-de-acompanhar-filho-ate-a-sala-de-aula3.webp 1200w\" sizes=\"(max-width: 1024px) 100vw, 1024px\"><figcaption class=\"wp-element-caption\">Foto: Ed Santos\/Acorda Cidade<\/figcaption><\/figure>\n<p>\u201cEm um determinado dia ela veio at\u00e9 a escola, foi at\u00e9 a sala e falou algumas coisas com a professora na frente da turma. Ela tamb\u00e9m se dirigiu a mim com ofensas, colocando o dedo no meu rosto e por conta disso, nos demais dias, ficou combinado de que ela deixaria o filho na porta e a cuidadora levaria para a sala. Todas as crian\u00e7as ficam no segundo port\u00e3o e se direcionam para a sala de aula. Quem tem cuidador, ele leva a crian\u00e7a at\u00e9 a sala. Nenhum pai tem acesso a sala de aula, a n\u00e3o ser que seja agendado um momento para conversar com o professor, e mesmo assim essa conversa n\u00e3o \u00e9 na porta da sala. Essa \u00e9 uma pol\u00edtica da escola\u201d, esclareceu.<\/p>\n<figure class=\"wp-block-image size-large\"><img decoding=\"async\" width=\"1024\" height=\"768\" src=\"http:\/\/noticiasbahia360.com.br\/wp-content\/uploads\/2025\/04\/oASCi2Eg-Mae-de-crianca-atipica-e-impedida-de-acompanhar-filho-ate-a-sala-de-aula2-1024x768-1.webp\" alt=\"M\u00e3e de crian\u00e7a at\u00edpica \u00e9 impedida de acompanhar filho at\u00e9 a sala de aula\" class=\"wp-image-518445\" srcset=\"https:\/\/uploads.acordacidade.com.br\/2025\/04\/oASCi2Eg-Mae-de-crianca-atipica-e-impedida-de-acompanhar-filho-ate-a-sala-de-aula2-300x225.webp 300w, http:\/\/noticiasbahia360.com.br\/wp-content\/uploads\/2025\/04\/oASCi2Eg-Mae-de-crianca-atipica-e-impedida-de-acompanhar-filho-ate-a-sala-de-aula2-1024x768-1.webp 1024w, https:\/\/uploads.acordacidade.com.br\/2025\/04\/oASCi2Eg-Mae-de-crianca-atipica-e-impedida-de-acompanhar-filho-ate-a-sala-de-aula2-768x576.webp 768w, https:\/\/uploads.acordacidade.com.br\/2025\/04\/oASCi2Eg-Mae-de-crianca-atipica-e-impedida-de-acompanhar-filho-ate-a-sala-de-aula2-150x113.webp 150w, https:\/\/uploads.acordacidade.com.br\/2025\/04\/oASCi2Eg-Mae-de-crianca-atipica-e-impedida-de-acompanhar-filho-ate-a-sala-de-aula2.webp 1200w\" sizes=\"(max-width: 1024px) 100vw, 1024px\"><figcaption class=\"wp-element-caption\">Foto: Ed Santos\/Acorda Cidade<\/figcaption><\/figure>\n<p>kheily Tiara informou que a escola Diva Matos Portela tem cerca de 40 crian\u00e7as at\u00edpicas e que elas desenvolvem atividades adaptadas para elas. A vice-diretora reconheceu que n\u00e3o h\u00e1 uma quantidade de auxiliares e cuidadores suficientes para atender a toda demanda.<br \/>Com rela\u00e7\u00e3o ao aluno que a m\u00e3e foi impedida de acompanhar at\u00e9 a sela de aula, a vice-diretora disse que ele desenvolve todas as atividades \u201cdo jeito dele e no tempo dele\u201d e disse que as professoras descrevem diariamente a rotina do aluno no di\u00e1rio.<\/p>\n<p><em>Com informa\u00e7\u00f5es do rep\u00f3rter Ed Santos do Acorda Cidade<\/em><\/p>\n<p><em>Siga o Acorda Cidade no<a href=\"https:\/\/news.google.com\/search?q=acorda%20cidade&amp;hl=pt-BR&amp;gl=BR&amp;ceid=BR%3Apt-419\" target=\"_blank\" rel=\"noreferrer noopener\">\u00a0Google Not\u00edcias<\/a>\u00a0e receba os principais destaques do dia.\u00a0Participe tamb\u00e9m dos nossos grupos no\u00a0<a href=\"https:\/\/chat.whatsapp.com\/Fj2agnR6CdwLEb9Uqew8QI\" target=\"_blank\" rel=\"noreferrer noopener\">WhatsApp<\/a>\u00a0e\u00a0<a href=\"https:\/\/t.me\/+sSz0khrgARA0ZmRh\" target=\"_blank\" rel=\"noreferrer noopener\">Telegram<\/a><\/em><\/p>\n<\/div>\n","protected":false},"excerpt":{"rendered":"<div>\n<div>\n<figure><img decoding=\"async\" src=\"https:\/\/uploads.acordacidade.com.br\/2025\/04\/escola-Diva-Portela-.jpg\" alt=\"escola Diva Portela\"><figcaption>Foto: Ed Santos\/Acorda Cidade<\/figcaption><\/figure>\n<\/div>\n<p>O advogado informou que teve acesso a uma pasta do aluno, onde verificou algumas reivindica\u00e7\u00f5es feitas pela m\u00e3e.<\/p><\/div>\n","protected":false},"author":1,"featured_media":80987,"comment_status":"closed","ping_status":"closed","sticky":false,"template":"","format":"gallery","meta":{"footnotes":""},"categories":[8,9,6,57,56,10],"tags":[],"class_list":["post-80986","post","type-post","status-publish","format-gallery","has-post-thumbnail","hentry","category-bahia","category-brasil","category-feira-de-santana","category-mundo","category-policia","category-politica","post_format-post-format-gallery"],"featured_image_urls":{"full":["https:\/\/noticiasbahia360.com.br\/wp-content\/uploads\/2025\/04\/escola-Diva-Portela-.jpg",1200,900,false],"thumbnail":["https:\/\/noticiasbahia360.com.br\/wp-content\/uploads\/2025\/04\/escola-Diva-Portela--150x150.jpg",150,150,true],"medium":["https:\/\/noticiasbahia360.com.br\/wp-content\/uploads\/2025\/04\/escola-Diva-Portela--300x225.jpg",300,225,true],"medium_large":["https:\/\/noticiasbahia360.com.br\/wp-content\/uploads\/2025\/04\/escola-Diva-Portela--768x576.jpg",640,480,true],"large":["https:\/\/noticiasbahia360.com.br\/wp-content\/uploads\/2025\/04\/escola-Diva-Portela--1024x768.jpg",640,480,true],"1536x1536":["https:\/\/noticiasbahia360.com.br\/wp-content\/uploads\/2025\/04\/escola-Diva-Portela-.jpg",1200,900,false],"2048x2048":["https:\/\/noticiasbahia360.com.br\/wp-content\/uploads\/2025\/04\/escola-Diva-Portela-.jpg",1200,900,false],"chromenews-featured":["https:\/\/noticiasbahia360.com.br\/wp-content\/uploads\/2025\/04\/escola-Diva-Portela--1024x768.jpg",1024,768,true],"chromenews-large":["https:\/\/noticiasbahia360.com.br\/wp-content\/uploads\/2025\/04\/escola-Diva-Portela--825x575.jpg",825,575,true],"chromenews-medium":["https:\/\/noticiasbahia360.com.br\/wp-content\/uploads\/2025\/04\/escola-Diva-Portela--590x410.jpg",590,410,true]},"author_info":{"display_name":"noticiasbahia360.com.br","author_link":"https:\/\/noticiasbahia360.com.br\/?author=1"},"category_info":"<a href=\"https:\/\/noticiasbahia360.com.br\/?cat=8\" rel=\"category\">Bahia<\/a> <a href=\"https:\/\/noticiasbahia360.com.br\/?cat=9\" rel=\"category\">Brasil<\/a> <a href=\"https:\/\/noticiasbahia360.com.br\/?cat=6\" rel=\"category\">Feira de Santana<\/a> <a href=\"https:\/\/noticiasbahia360.com.br\/?cat=57\" rel=\"category\">Mundo<\/a> <a href=\"https:\/\/noticiasbahia360.com.br\/?cat=56\" rel=\"category\">Pol\u00edcia<\/a> <a href=\"https:\/\/noticiasbahia360.com.br\/?cat=10\" rel=\"category\">Pol\u00edtica<\/a>","tag_info":"Pol\u00edtica","comment_count":"0","_links":{"self":[{"href":"https:\/\/noticiasbahia360.com.br\/index.php?rest_route=\/wp\/v2\/posts\/80986","targetHints":{"allow":["GET"]}}],"collection":[{"href":"https:\/\/noticiasbahia360.com.br\/index.php?rest_route=\/wp\/v2\/posts"}],"about":[{"href":"https:\/\/noticiasbahia360.com.br\/index.php?rest_route=\/wp\/v2\/types\/post"}],"author":[{"embeddable":true,"href":"https:\/\/noticiasbahia360.com.br\/index.php?rest_route=\/wp\/v2\/users\/1"}],"replies":[{"embeddable":true,"href":"https:\/\/noticiasbahia360.com.br\/index.php?rest_route=%2Fwp%2Fv2%2Fcomments&post=80986"}],"version-history":[{"count":0,"href":"https:\/\/noticiasbahia360.com.br\/index.php?rest_route=\/wp\/v2\/posts\/80986\/revisions"}],"wp:featuredmedia":[{"embeddable":true,"href":"https:\/\/noticiasbahia360.com.br\/index.php?rest_route=\/wp\/v2\/media\/80987"}],"wp:attachment":[{"href":"https:\/\/noticiasbahia360.com.br\/index.php?rest_route=%2Fwp%2Fv2%2Fmedia&parent=80986"}],"wp:term":[{"taxonomy":"category","embeddable":true,"href":"https:\/\/noticiasbahia360.com.br\/index.php?rest_route=%2Fwp%2Fv2%2Fcategories&post=80986"},{"taxonomy":"post_tag","embeddable":true,"href":"https:\/\/noticiasbahia360.com.br\/index.php?rest_route=%2Fwp%2Fv2%2Ftags&post=80986"}],"curies":[{"name":"wp","href":"https:\/\/api.w.org\/{rel}","templated":true}]}}