{"id":80992,"date":"2025-04-03T13:31:46","date_gmt":"2025-04-03T16:31:46","guid":{"rendered":"https:\/\/noticiasbahia360.com.br\/?p=80992"},"modified":"2025-04-03T13:31:46","modified_gmt":"2025-04-03T16:31:46","slug":"governo-lanca-edital-de-inscricao-do-partiu-estagio-para-55-mil-vagas","status":"publish","type":"post","link":"https:\/\/noticiasbahia360.com.br\/?p=80992","title":{"rendered":"Governo lan\u00e7a Edital de Inscri\u00e7\u00e3o do Partiu Est\u00e1gio para 5,5 mil vagas"},"content":{"rendered":"<div>\n<div>\n<figure><img decoding=\"async\" src=\"http:\/\/noticiasbahia360.com.br\/wp-content\/uploads\/2025\/04\/edital-de-inscricao-do-Partiu-estagio.jpg\" alt=\"edital de inscri\u00e7\u00e3o do Partiu est\u00e1gio\"><figcaption>Foto: Thuane Maria\/ GOVBA<br \/>\n<\/figcaption><\/figure>\n<\/div>\n<p>A Secretaria da Administra\u00e7\u00e3o do Estado (Saeb) publicou, nesta quinta-feira (3), o Edital de Inscri\u00e7\u00e3o do Partiu Est\u00e1gio n\u00ba 01\/2025, para o preenchimento de 5.504 vagas destinadas a estudantes universit\u00e1rios na Administra\u00e7\u00e3o P\u00fablica Estadual (direta e indireta). O programa oferece bolsa de R$ 607,00 e aux\u00edlio-transporte. O<strong> prazo de inscri\u00e7\u00e3o come\u00e7a dia 3 deste m\u00eas e vai at\u00e9 2 de maio. <\/strong><\/p>\n<p>Podem participar estudantes de n\u00edvel superior, com idade m\u00ednima de 16 anos e que j\u00e1 tenham conclu\u00eddo 50% do curso, em uma institui\u00e7\u00e3o de ensino com sede na Bahia. Os candidatos tamb\u00e9m precisam residir no Estado e estar matriculados de forma regular em um curso de gradua\u00e7\u00e3o, que pode ser presencial, semipresencial ou na modalidade de Ensino a Dist\u00e2ncia (EAD).<\/p>\n<p>O Edital de Inscri\u00e7\u00e3o do Partiu Est\u00e1gio disponibiliza 1.627 vagas para a capital e outras 3.877 para cidades do interior do estado e da Regi\u00e3o Metropolitana de Salvador. Nesta edi\u00e7\u00e3o, o programa oferece oportunidade de est\u00e1gio em 117 cursos universit\u00e1rios, distribu\u00eddos entre 387 munic\u00edpios da Bahia e 52 \u00f3rg\u00e3os p\u00fablicos do Estado.<\/p>\n<h2 class=\"wp-block-heading\" id=\"h-novidade\">Novidade <\/h2>\n<p><strong>O Edital de Abertura de Inscri\u00e7\u00f5es deste ano traz uma novidade. A carga hor\u00e1ria do Programa Partiu Est\u00e1gio poder\u00e1 ser utilizada para o Est\u00e1gio Obrigat\u00f3rio do curso, desde que atenda aos crit\u00e9rios do respectivo projeto pedag\u00f3gico e os crit\u00e9rios da institui\u00e7\u00e3o de ensino, em conson\u00e2ncia com o \u00f3rg\u00e3o ou entidade contratante do Poder Executivo Estadual.<\/strong><\/p>\n<p>O programa concede prioridade aos candidatos inscritos no Cadastro \u00danico para Programas Sociais do Governo Federal (Cad\u00danico). Tamb\u00e9m s\u00e3o priorit\u00e1rios estudantes que cursaram todo o ensino m\u00e9dio em escola p\u00fablica ou aqueles que estudaram com bolsa integral na rede privada. O Partiu Est\u00e1gio prev\u00ea 10% das vagas reservadas para estudantes com defici\u00eancia, conforme estabelece a Lei Federal n\u00ba 11.788, de 25 de setembro de 2008.<\/p>\n<p>O est\u00e1gio tem dura\u00e7\u00e3o m\u00e1xima de um ano, sem possibilidade de prorroga\u00e7\u00e3o, exceto quando se tratar de pessoa com defici\u00eancia. O programa tem carga hor\u00e1ria de 4 horas di\u00e1rias e 20 horas semanais.<\/p>\n<h2 class=\"wp-block-heading\" id=\"h-inscricoes\">Inscri\u00e7\u00f5es <\/h2>\n<p>As inscri\u00e7\u00f5es ser\u00e3o abertas nesta quinta-feira (3) e ser\u00e3o realizadas exclusivamente pela plataforma <a href=\"https:\/\/www.ba.gov.br\/\" target=\"_blank\" rel=\"noreferrer noopener\">www.ba.gov.br<\/a>, a partir das 9 horas. O prazo para os interessados realizarem suas inscri\u00e7\u00f5es vai at\u00e9 o dia 2 de maio. O estudante dever\u00e1 efetuar sua inscri\u00e7\u00e3o conforme os procedimentos estabelecidos no Edital 01\/2025, publicado no Di\u00e1rio Oficial do Estado e dispon\u00edvel no site da Secretaria da Administra\u00e7\u00e3o (<a href=\"https:\/\/www.saeb.ba.gov.br\/\" target=\"_blank\" rel=\"noreferrer noopener\">www.saeb.ba.gov.br<\/a>).<\/p>\n<p>O passo a passo completo para realizar a inscri\u00e7\u00e3o no Partiu Est\u00e1gio est\u00e1 no Edital 01\/2025. Os candidatos que n\u00e3o possuem cadastro na plataforma <a href=\"https:\/\/www.ba.gov.br\/\">www.ba.gov.br<\/a> precisam faz\u00ea-lo antes de realizar a inscri\u00e7\u00e3o. O estudante que for selecionado para a vaga de est\u00e1gio receber\u00e1 uma mensagem via aplicativo WhatsApp, informando a altera\u00e7\u00e3o de seu status no site do <a href=\"https:\/\/www.ba.gov.br\/\">BA.GOV.BR<\/a> e dever\u00e1 acess\u00e1-lo para verificar os procedimentos, prazos e a forma de entrega da documenta\u00e7\u00e3o. A rela\u00e7\u00e3o dos estudantes selecionados para o Programa Partiu Est\u00e1gio tamb\u00e9m ser\u00e1 disponibilizada no site da Saeb (<a href=\"https:\/\/www.saeb.ba.gov.br\/\" target=\"_blank\" rel=\"noreferrer noopener\">www.saeb.ba.gov.br<\/a>).<\/p>\n<p><em>Siga o Acorda Cidade no<a href=\"https:\/\/news.google.com\/search?q=acorda%20cidade&amp;hl=pt-BR&amp;gl=BR&amp;ceid=BR%3Apt-419\" target=\"_blank\" rel=\"noreferrer noopener\">\u00a0Google Not\u00edcias<\/a>\u00a0e receba os principais destaques do dia.\u00a0Participe tamb\u00e9m dos nossos grupos no\u00a0<a href=\"https:\/\/chat.whatsapp.com\/Fj2agnR6CdwLEb9Uqew8QI\" target=\"_blank\" rel=\"noreferrer noopener\">WhatsApp<\/a>\u00a0e\u00a0<a href=\"https:\/\/t.me\/+sSz0khrgARA0ZmRh\" target=\"_blank\" rel=\"noreferrer noopener\">Telegram<\/a><\/em><\/p>\n<\/div>\n","protected":false},"excerpt":{"rendered":"<div>\n<div>\n<figure><img decoding=\"async\" src=\"https:\/\/uploads.acordacidade.com.br\/2025\/04\/edital-de-inscricao-do-Partiu-estagio.jpg\" alt=\"edital de inscri\u00e7\u00e3o do Partiu est\u00e1gio\"><figcaption>Foto: Thuane Maria\/ GOVBA<br \/>\n<\/figcaption><\/figure>\n<\/div>\n<p>O Edital disponibiliza 1.627 vagas para a capital e outras 3.877 para cidades do interior do estado e da Regi\u00e3o Metropolitana de Salvador.<\/p><\/div>\n","protected":false},"author":1,"featured_media":80993,"comment_status":"closed","ping_status":"closed","sticky":false,"template":"","format":"gallery","meta":{"footnotes":""},"categories":[8,9,6,57,56,10],"tags":[],"class_list":["post-80992","post","type-post","status-publish","format-gallery","has-post-thumbnail","hentry","category-bahia","category-brasil","category-feira-de-santana","category-mundo","category-policia","category-politica","post_format-post-format-gallery"],"featured_image_urls":{"full":["https:\/\/noticiasbahia360.com.br\/wp-content\/uploads\/2025\/04\/edital-de-inscricao-do-Partiu-estagio.jpg",1200,674,false],"thumbnail":["https:\/\/noticiasbahia360.com.br\/wp-content\/uploads\/2025\/04\/edital-de-inscricao-do-Partiu-estagio-150x150.jpg",150,150,true],"medium":["https:\/\/noticiasbahia360.com.br\/wp-content\/uploads\/2025\/04\/edital-de-inscricao-do-Partiu-estagio-300x169.jpg",300,169,true],"medium_large":["https:\/\/noticiasbahia360.com.br\/wp-content\/uploads\/2025\/04\/edital-de-inscricao-do-Partiu-estagio-768x431.jpg",640,359,true],"large":["https:\/\/noticiasbahia360.com.br\/wp-content\/uploads\/2025\/04\/edital-de-inscricao-do-Partiu-estagio-1024x575.jpg",640,359,true],"1536x1536":["https:\/\/noticiasbahia360.com.br\/wp-content\/uploads\/2025\/04\/edital-de-inscricao-do-Partiu-estagio.jpg",1200,674,false],"2048x2048":["https:\/\/noticiasbahia360.com.br\/wp-content\/uploads\/2025\/04\/edital-de-inscricao-do-Partiu-estagio.jpg",1200,674,false],"chromenews-featured":["https:\/\/noticiasbahia360.com.br\/wp-content\/uploads\/2025\/04\/edital-de-inscricao-do-Partiu-estagio-1024x575.jpg",1024,575,true],"chromenews-large":["https:\/\/noticiasbahia360.com.br\/wp-content\/uploads\/2025\/04\/edital-de-inscricao-do-Partiu-estagio-825x575.jpg",825,575,true],"chromenews-medium":["https:\/\/noticiasbahia360.com.br\/wp-content\/uploads\/2025\/04\/edital-de-inscricao-do-Partiu-estagio-590x410.jpg",590,410,true]},"author_info":{"display_name":"noticiasbahia360.com.br","author_link":"https:\/\/noticiasbahia360.com.br\/?author=1"},"category_info":"<a href=\"https:\/\/noticiasbahia360.com.br\/?cat=8\" rel=\"category\">Bahia<\/a> <a href=\"https:\/\/noticiasbahia360.com.br\/?cat=9\" rel=\"category\">Brasil<\/a> <a href=\"https:\/\/noticiasbahia360.com.br\/?cat=6\" rel=\"category\">Feira de Santana<\/a> <a href=\"https:\/\/noticiasbahia360.com.br\/?cat=57\" rel=\"category\">Mundo<\/a> <a href=\"https:\/\/noticiasbahia360.com.br\/?cat=56\" rel=\"category\">Pol\u00edcia<\/a> <a href=\"https:\/\/noticiasbahia360.com.br\/?cat=10\" rel=\"category\">Pol\u00edtica<\/a>","tag_info":"Pol\u00edtica","comment_count":"0","_links":{"self":[{"href":"https:\/\/noticiasbahia360.com.br\/index.php?rest_route=\/wp\/v2\/posts\/80992","targetHints":{"allow":["GET"]}}],"collection":[{"href":"https:\/\/noticiasbahia360.com.br\/index.php?rest_route=\/wp\/v2\/posts"}],"about":[{"href":"https:\/\/noticiasbahia360.com.br\/index.php?rest_route=\/wp\/v2\/types\/post"}],"author":[{"embeddable":true,"href":"https:\/\/noticiasbahia360.com.br\/index.php?rest_route=\/wp\/v2\/users\/1"}],"replies":[{"embeddable":true,"href":"https:\/\/noticiasbahia360.com.br\/index.php?rest_route=%2Fwp%2Fv2%2Fcomments&post=80992"}],"version-history":[{"count":0,"href":"https:\/\/noticiasbahia360.com.br\/index.php?rest_route=\/wp\/v2\/posts\/80992\/revisions"}],"wp:featuredmedia":[{"embeddable":true,"href":"https:\/\/noticiasbahia360.com.br\/index.php?rest_route=\/wp\/v2\/media\/80993"}],"wp:attachment":[{"href":"https:\/\/noticiasbahia360.com.br\/index.php?rest_route=%2Fwp%2Fv2%2Fmedia&parent=80992"}],"wp:term":[{"taxonomy":"category","embeddable":true,"href":"https:\/\/noticiasbahia360.com.br\/index.php?rest_route=%2Fwp%2Fv2%2Fcategories&post=80992"},{"taxonomy":"post_tag","embeddable":true,"href":"https:\/\/noticiasbahia360.com.br\/index.php?rest_route=%2Fwp%2Fv2%2Ftags&post=80992"}],"curies":[{"name":"wp","href":"https:\/\/api.w.org\/{rel}","templated":true}]}}