{"id":80994,"date":"2025-04-03T14:33:34","date_gmt":"2025-04-03T17:33:34","guid":{"rendered":"https:\/\/noticiasbahia360.com.br\/?p=80994"},"modified":"2025-04-03T14:33:34","modified_gmt":"2025-04-03T17:33:34","slug":"abril-marrom-alerta-sobre-cegueira-e-prevencao","status":"publish","type":"post","link":"https:\/\/noticiasbahia360.com.br\/?p=80994","title":{"rendered":"Abril Marrom alerta sobre cegueira e preven\u00e7\u00e3o"},"content":{"rendered":"<div>\n<div>\n<figure><img decoding=\"async\" src=\"http:\/\/noticiasbahia360.com.br\/wp-content\/uploads\/2025\/04\/Freepik-foto-olhos.jpg\" alt=\"Abril Marrom\"><figcaption>Foto: Freepik<\/figcaption><\/figure>\n<\/div>\n<p>A campanha de preven\u00e7\u00e3o Abril Marrom ganha for\u00e7a em 2025 ao alertar sobre os riscos das doen\u00e7as oculares que podem levar \u00e0 cegueira e ao comprometimento da qualidade de vida. Segundo a Organiza\u00e7\u00e3o Mundial da Sa\u00fade (<a href=\"https:\/\/www.acordacidade.com.br\/tag\/oms\/\">OMS<\/a>), cerca de 2,2 bilh\u00f5es de pessoas no mundo convivem com algum grau de defici\u00eancia visual ou cegueira, sendo que ao menos um bilh\u00e3o poderia ter sido evitado com diagn\u00f3stico e tratamento adequados. No Brasil, dados mais recentes do Instituto Brasileiro de Geografia e Estat\u00edstica (IBGE) apontam que mais de 6,5 milh\u00f5es de pessoas possuem algum grau de defici\u00eancia visual, das quais cerca de 582 mil s\u00e3o cegas.<\/p>\n<p>Para o oftalmologista C\u00e9sar Sampaio, coordenador do servi\u00e7o de oftalmologia do Hospital Mater Dei Salvador (HMDS), a aten\u00e7\u00e3o e preven\u00e7\u00e3o \u00e0 sa\u00fade dos olhos deve come\u00e7ar na inf\u00e2ncia e se manter ao longo da vida. \u201cA vis\u00e3o \u00e9 um dos sentidos mais importantes e sua perda, mesmo que parcial, impacta diretamente a sa\u00fade f\u00edsica, emocional e a autonomia da pessoa\u201d, afirma o especialista, que tamb\u00e9m \u00e9 membro do Conselho Brasileiro de Oftalmologia.\u00a0<\/p>\n<figure class=\"wp-block-image size-large\"><img fetchpriority=\"high\" decoding=\"async\" width=\"1024\" height=\"683\" src=\"http:\/\/noticiasbahia360.com.br\/wp-content\/uploads\/2025\/04\/0LBbL44h-Oftalmologista-Cesar-Sampaio-coordenador-do-servico-de-oftalmologia-do-Hospital-Mater-Dei-Salvador-2-1024x683-1.webp\" alt=\"Oftalmologista C\u00e9sar Sampaio\" class=\"wp-image-518370\" srcset=\"https:\/\/uploads.acordacidade.com.br\/2025\/04\/0LBbL44h-Oftalmologista-Cesar-Sampaio-coordenador-do-servico-de-oftalmologia-do-Hospital-Mater-Dei-Salvador-2-300x200.webp 300w, http:\/\/noticiasbahia360.com.br\/wp-content\/uploads\/2025\/04\/0LBbL44h-Oftalmologista-Cesar-Sampaio-coordenador-do-servico-de-oftalmologia-do-Hospital-Mater-Dei-Salvador-2-1024x683-1.webp 1024w, https:\/\/uploads.acordacidade.com.br\/2025\/04\/0LBbL44h-Oftalmologista-Cesar-Sampaio-coordenador-do-servico-de-oftalmologia-do-Hospital-Mater-Dei-Salvador-2-768x512.webp 768w, https:\/\/uploads.acordacidade.com.br\/2025\/04\/0LBbL44h-Oftalmologista-Cesar-Sampaio-coordenador-do-servico-de-oftalmologia-do-Hospital-Mater-Dei-Salvador-2-150x100.webp 150w, https:\/\/uploads.acordacidade.com.br\/2025\/04\/0LBbL44h-Oftalmologista-Cesar-Sampaio-coordenador-do-servico-de-oftalmologia-do-Hospital-Mater-Dei-Salvador-2.webp 1200w\" sizes=\"(max-width: 1024px) 100vw, 1024px\"><figcaption class=\"wp-element-caption\">Foto: Divulga\u00e7\u00e3o<\/figcaption><\/figure>\n<p>Ele alerta que a principal causa de defici\u00eancia visual ainda \u00e9 a falta de corre\u00e7\u00e3o de erros de refra\u00e7\u00e3o, como miopia, hipermetropia, astigmatismo e presbiopia. \u201cEsses problemas podem ser facilmente corrigidos com \u00f3culos adequados, desde que prescritos com base em exames detalhados do sistema visual\u201d, explica.<\/p>\n<p><strong>Crian\u00e7as e adolescentes<\/strong> \u2013 A campanha tamb\u00e9m destaca as doen\u00e7as mais prevalentes por faixa et\u00e1ria. Em crian\u00e7as e adolescentes, os problemas mais comuns incluem doen\u00e7as cong\u00eanitas como catarata, glaucoma e retinoblastoma \u2013 tumor ocular maligno que, se n\u00e3o diagnosticado precocemente, pode amea\u00e7ar a vida.\u00a0<\/p>\n<p>O chamado \u201cteste do olhinho\u201d, realizado ainda no ber\u00e7\u00e1rio, \u00e9 fundamental para detectar altera\u00e7\u00f5es que exigem avalia\u00e7\u00e3o imediata por um oftalmologista. \u201c\u00c9 um exame simples, indolor e pode salvar vidas\u201d, refor\u00e7a Sampaio. Outras condi\u00e7\u00f5es frequentes nessa fase da vida s\u00e3o a ceratoconjuntivite al\u00e9rgica e o ceratocone, que tamb\u00e9m demandam acompanhamento cont\u00ednuo.<\/p>\n<p><strong>Jovens e adultos<\/strong> \u2013 Entre adultos jovens, doen\u00e7as heredit\u00e1rias e traumas oculares s\u00e3o as principais causas de problemas visuais. A partir dos 40 anos, cresce a incid\u00eancia do glaucoma \u2013 uma doen\u00e7a silenciosa, progressiva e sem sintomas iniciais que pode levar \u00e0 cegueira irrevers\u00edvel. \u201c\u00c9 a principal causa de cegueira irrevers\u00edvel no mundo. Quando detectado a tempo, o glaucoma pode ser controlado com col\u00edrios e, em alguns casos, cirurgia\u201d, explica o m\u00e9dico.<\/p>\n<p>Outra condi\u00e7\u00e3o que merece aten\u00e7\u00e3o \u00e9 a retinopatia diab\u00e9tica, decorrente do diabetes mellitus, uma das principais causas de cegueira em pessoas em idade produtiva. O especialista enfatiza que, com diagn\u00f3stico precoce e tratamento adequado, \u00e9 poss\u00edvel reduzir em at\u00e9 90% o risco de perda visual. O tratamento pode envolver controle glic\u00eamico rigoroso, laserterapia na retina e inje\u00e7\u00f5es intraoculares de medica\u00e7\u00f5es espec\u00edficas.<\/p>\n<p><strong>Idosos<\/strong> \u2013 Nos pacientes com mais de 60 anos, a catarata se destaca como a principal causa de cegueira revers\u00edvel. De acordo com o Dr. C\u00e9sar Sampaio, a cirurgia com implante de lente intraocular apresenta altos \u00edndices de sucesso e \u00e9 amplamente acess\u00edvel. J\u00e1 a degenera\u00e7\u00e3o macular relacionada \u00e0 idade (DMRI) afeta cerca de 30% das pessoas com mais de 80 anos e exige tratamento cont\u00ednuo, principalmente na forma \u00famida, que evolui rapidamente.<\/p>\n<p>A campanha Abril Marrom, al\u00e9m de chamar a aten\u00e7\u00e3o para estat\u00edsticas preocupantes, busca incentivar h\u00e1bitos de preven\u00e7\u00e3o e conscientizar a popula\u00e7\u00e3o sobre a import\u00e2ncia de manter consultas oftalmol\u00f3gicas regulares. \u201cPreservar a vis\u00e3o \u00e9 preservar a independ\u00eancia, a sa\u00fade e a dignidade das pessoas\u201d, conclui o C\u00e9sar Sampaio.<\/p>\n<p><em>Siga o Acorda Cidade no<\/em><a href=\"https:\/\/news.google.com\/search?q=acorda%20cidade&amp;hl=pt-BR&amp;gl=BR&amp;ceid=BR%3Apt-419\"><strong><em> Google Not\u00edcias<\/em><\/strong><\/a><em> e receba os principais destaques do dia. Participe tamb\u00e9m dos nossos canais no <\/em><a href=\"https:\/\/whatsapp.com\/channel\/0029Va6Rb4v3WHTNnsh8WI3N\"><strong><em>WhatsApp<\/em><\/strong><\/a><em> e <\/em><a href=\"https:\/\/www.youtube.com\/@acordacidadenoticias\/videos\"><strong>Youtube<\/strong><\/a><em> e grupo de <\/em><a href=\"https:\/\/t.me\/+sSz0khrgARA0ZmRh\"><strong><em>Telegram<\/em><\/strong><\/a><em>.<\/em><\/p>\n<\/div>\n","protected":false},"excerpt":{"rendered":"<div>\n<div>\n<figure><img decoding=\"async\" src=\"https:\/\/uploads.acordacidade.com.br\/wp-content\/uploads\/2022\/09\/25151616\/Freepik-foto-olhos.jpg\" alt=\"Abril Marrom\"><figcaption>Foto: Freepik<\/figcaption><\/figure>\n<\/div>\n<p>Popula\u00e7\u00e3o deve realizar consultas regulares com oftalmologista para evitar perda da vis\u00e3o em diferentes fases da vida.<\/p><\/div>\n","protected":false},"author":1,"featured_media":80995,"comment_status":"closed","ping_status":"closed","sticky":false,"template":"","format":"gallery","meta":{"footnotes":""},"categories":[8,9,6,57,56,10],"tags":[],"class_list":["post-80994","post","type-post","status-publish","format-gallery","has-post-thumbnail","hentry","category-bahia","category-brasil","category-feira-de-santana","category-mundo","category-policia","category-politica","post_format-post-format-gallery"],"featured_image_urls":{"full":["https:\/\/noticiasbahia360.com.br\/wp-content\/uploads\/2025\/04\/Freepik-foto-olhos.jpg",640,426,false],"thumbnail":["https:\/\/noticiasbahia360.com.br\/wp-content\/uploads\/2025\/04\/Freepik-foto-olhos-150x150.jpg",150,150,true],"medium":["https:\/\/noticiasbahia360.com.br\/wp-content\/uploads\/2025\/04\/Freepik-foto-olhos-300x200.jpg",300,200,true],"medium_large":["https:\/\/noticiasbahia360.com.br\/wp-content\/uploads\/2025\/04\/Freepik-foto-olhos.jpg",640,426,false],"large":["https:\/\/noticiasbahia360.com.br\/wp-content\/uploads\/2025\/04\/Freepik-foto-olhos.jpg",640,426,false],"1536x1536":["https:\/\/noticiasbahia360.com.br\/wp-content\/uploads\/2025\/04\/Freepik-foto-olhos.jpg",640,426,false],"2048x2048":["https:\/\/noticiasbahia360.com.br\/wp-content\/uploads\/2025\/04\/Freepik-foto-olhos.jpg",640,426,false],"chromenews-featured":["https:\/\/noticiasbahia360.com.br\/wp-content\/uploads\/2025\/04\/Freepik-foto-olhos.jpg",640,426,false],"chromenews-large":["https:\/\/noticiasbahia360.com.br\/wp-content\/uploads\/2025\/04\/Freepik-foto-olhos.jpg",640,426,false],"chromenews-medium":["https:\/\/noticiasbahia360.com.br\/wp-content\/uploads\/2025\/04\/Freepik-foto-olhos-590x410.jpg",590,410,true]},"author_info":{"display_name":"noticiasbahia360.com.br","author_link":"https:\/\/noticiasbahia360.com.br\/?author=1"},"category_info":"<a href=\"https:\/\/noticiasbahia360.com.br\/?cat=8\" rel=\"category\">Bahia<\/a> <a href=\"https:\/\/noticiasbahia360.com.br\/?cat=9\" rel=\"category\">Brasil<\/a> <a href=\"https:\/\/noticiasbahia360.com.br\/?cat=6\" rel=\"category\">Feira de Santana<\/a> <a href=\"https:\/\/noticiasbahia360.com.br\/?cat=57\" rel=\"category\">Mundo<\/a> <a href=\"https:\/\/noticiasbahia360.com.br\/?cat=56\" rel=\"category\">Pol\u00edcia<\/a> <a href=\"https:\/\/noticiasbahia360.com.br\/?cat=10\" rel=\"category\">Pol\u00edtica<\/a>","tag_info":"Pol\u00edtica","comment_count":"0","_links":{"self":[{"href":"https:\/\/noticiasbahia360.com.br\/index.php?rest_route=\/wp\/v2\/posts\/80994","targetHints":{"allow":["GET"]}}],"collection":[{"href":"https:\/\/noticiasbahia360.com.br\/index.php?rest_route=\/wp\/v2\/posts"}],"about":[{"href":"https:\/\/noticiasbahia360.com.br\/index.php?rest_route=\/wp\/v2\/types\/post"}],"author":[{"embeddable":true,"href":"https:\/\/noticiasbahia360.com.br\/index.php?rest_route=\/wp\/v2\/users\/1"}],"replies":[{"embeddable":true,"href":"https:\/\/noticiasbahia360.com.br\/index.php?rest_route=%2Fwp%2Fv2%2Fcomments&post=80994"}],"version-history":[{"count":0,"href":"https:\/\/noticiasbahia360.com.br\/index.php?rest_route=\/wp\/v2\/posts\/80994\/revisions"}],"wp:featuredmedia":[{"embeddable":true,"href":"https:\/\/noticiasbahia360.com.br\/index.php?rest_route=\/wp\/v2\/media\/80995"}],"wp:attachment":[{"href":"https:\/\/noticiasbahia360.com.br\/index.php?rest_route=%2Fwp%2Fv2%2Fmedia&parent=80994"}],"wp:term":[{"taxonomy":"category","embeddable":true,"href":"https:\/\/noticiasbahia360.com.br\/index.php?rest_route=%2Fwp%2Fv2%2Fcategories&post=80994"},{"taxonomy":"post_tag","embeddable":true,"href":"https:\/\/noticiasbahia360.com.br\/index.php?rest_route=%2Fwp%2Fv2%2Ftags&post=80994"}],"curies":[{"name":"wp","href":"https:\/\/api.w.org\/{rel}","templated":true}]}}