{"id":80997,"date":"2025-04-03T14:33:38","date_gmt":"2025-04-03T17:33:38","guid":{"rendered":"https:\/\/noticiasbahia360.com.br\/?p=80997"},"modified":"2025-04-03T14:33:38","modified_gmt":"2025-04-03T17:33:38","slug":"netflix-investe-r-5-milhoes-na-cinemateca-brasileira","status":"publish","type":"post","link":"https:\/\/noticiasbahia360.com.br\/?p=80997","title":{"rendered":"Netflix investe R$ 5 milh\u00f5es na Cinemateca Brasileira"},"content":{"rendered":"<div>\n<div>\n<figure><img decoding=\"async\" src=\"http:\/\/noticiasbahia360.com.br\/wp-content\/uploads\/2025\/04\/VT_CINEMATECA2025_TIFF_por-Wesley-Allen_3508.jpg\" alt=\"Netflix | Cinemateca\"><figcaption>Foto: Wesley Allen\/Netflix<\/figcaption><\/figure>\n<\/div>\n<p>A Netflix anuncia patroc\u00ednio cultural no valor de R$ 5 milh\u00f5es para a Cinemateca Brasileira, como parte do projeto de Restaura\u00e7\u00e3o, Moderniza\u00e7\u00e3o e Amplia\u00e7\u00e3o do Complexo Arquitet\u00f4nico da institui\u00e7\u00e3o. A iniciativa, aprovada pelo PRONAC 235047, por meio da Lei Rouanet, marca a primeira vez que a Netflix utiliza esse mecanismo de incentivo cultural para apoiar a cultura e o audiovisual no Brasil.<\/p>\n<p>O investimento ser\u00e1 aplicado na reestrutura\u00e7\u00e3o e moderniza\u00e7\u00e3o da Sala Oscarito, que foi a primeira sala de proje\u00e7\u00e3o da atual sede da Cinemateca, inaugurada em 1997. As obras incluem adequa\u00e7\u00f5es \u00e0s legisla\u00e7\u00f5es vigentes, melhorias nas instala\u00e7\u00f5es t\u00e9cnicas e moderniza\u00e7\u00e3o do sistema de climatiza\u00e7\u00e3o, visando garantir acessibilidade e adotar tecnologias que tornem o ambiente mais atual e eficiente. Com este acordo, a Netflix se torna a primeira empresa da iniciativa privada a fazer parte do projeto de revitaliza\u00e7\u00e3o e moderniza\u00e7\u00e3o da Cinemateca Brasileira desde sua reabertura em 2022.<\/p>\n<figure class=\"wp-block-image size-large\"><img fetchpriority=\"high\" fetchpriority=\"high\" decoding=\"async\" width=\"1024\" height=\"683\" src=\"http:\/\/noticiasbahia360.com.br\/wp-content\/uploads\/2025\/04\/AQXWXoJP-CAFE-DA-MANHA-COM-IMPRENSA_CINEMATECA2025_por-Wesley-Allen_8041-1024x683-1.webp\" alt=\"Netflix | Cinemateca\" class=\"wp-image-518376\" srcset=\"https:\/\/uploads.acordacidade.com.br\/2025\/04\/AQXWXoJP-CAFE-DA-MANHA-COM-IMPRENSA_CINEMATECA2025_por-Wesley-Allen_8041-300x200.webp 300w, http:\/\/noticiasbahia360.com.br\/wp-content\/uploads\/2025\/04\/AQXWXoJP-CAFE-DA-MANHA-COM-IMPRENSA_CINEMATECA2025_por-Wesley-Allen_8041-1024x683-1.webp 1024w, https:\/\/uploads.acordacidade.com.br\/2025\/04\/AQXWXoJP-CAFE-DA-MANHA-COM-IMPRENSA_CINEMATECA2025_por-Wesley-Allen_8041-768x512.webp 768w, https:\/\/uploads.acordacidade.com.br\/2025\/04\/AQXWXoJP-CAFE-DA-MANHA-COM-IMPRENSA_CINEMATECA2025_por-Wesley-Allen_8041-150x100.webp 150w, https:\/\/uploads.acordacidade.com.br\/2025\/04\/AQXWXoJP-CAFE-DA-MANHA-COM-IMPRENSA_CINEMATECA2025_por-Wesley-Allen_8041.webp 1200w\" sizes=\"(max-width: 1024px) 100vw, 1024px\"><figcaption class=\"wp-element-caption\">Da esquerda para a direita: Elisabetta Zenatti, vice-presidente de Conte\u00fado da Netflix no Brasil; Maria Dora Mour\u00e3o, diretora-geral da Cinemateca Brasileira; Carlos Augusto Calil, presidente do Conselho da Cinemateca Brasileira; Joelma Gonzaga, secret\u00e1ria do Audiovisual; Mariana Polidorio, diretora de Pol\u00edticas P\u00fablicas da Netflix no Brasil | Foto: Wesley Allen\/Netflix<\/figcaption><\/figure>\n<p>\u201c\u00c9 uma alegria contribuir para a revitaliza\u00e7\u00e3o de um espa\u00e7o t\u00e3o importante para a hist\u00f3ria do cinema brasileiro. Preservar a mem\u00f3ria audiovisual \u00e9 fundamental para manter viva a cultura brasileira, garantindo que as futuras gera\u00e7\u00f5es conhe\u00e7am e valorizem a riqueza de seu cinema. A Netflix sempre apoiou e seguir\u00e1 apoiando o cinema nacional, investindo em tecnologia, infraestrutura e, principalmente, em hist\u00f3rias que refletem a diversidade e o talento do nosso pa\u00eds\u201d, celebrou Elisabetta Zenatti, vice-presidente de Conte\u00fado da Netflix no Brasil.<\/p>\n<p>\u201cA moderniza\u00e7\u00e3o da Sala Oscarito \u00e9 um passo importante na revitaliza\u00e7\u00e3o da Cinemateca Brasileira. Esse esfor\u00e7o n\u00e3o s\u00f3 contribui para preservar nosso patrim\u00f4nio audiovisual, mas tamb\u00e9m reposiciona a Cinemateca como um espa\u00e7o de refer\u00eancia na exibi\u00e7\u00e3o cinematogr\u00e1fica e audiovisual\u201d, destacou Maria Dora Mour\u00e3o, diretora-geral da Cinemateca Brasileira.<\/p>\n<p>Al\u00e9m da reforma da Sala Oscarito, o projeto de restaura\u00e7\u00e3o da Cinemateca inclui a\u00e7\u00f5es como recupera\u00e7\u00e3o de alvenarias, climatiza\u00e7\u00e3o de espa\u00e7os t\u00e9cnicos e \u00e1reas de pesquisa, implanta\u00e7\u00e3o de paisagismo e melhorias na acessibilidade de diversas instala\u00e7\u00f5es. A Cinemateca projeta serem necess\u00e1rios quase R$ 30 milh\u00f5es para a restaura\u00e7\u00e3o completa.<\/p>\n<p>A parceria p\u00fablico-privada \u00e9 essencial para viabilizar a reconstru\u00e7\u00e3o da maior institui\u00e7\u00e3o brasileira dedicada \u00e0 preserva\u00e7\u00e3o audiovisual. Mecanismos de incentivo fiscal da cultura est\u00e3o dispon\u00edveis a quase todas as empresas, e a Cinemateca est\u00e1 atualmente em busca de mais parceiros para a conclus\u00e3o deste ambicioso projeto. Pessoas f\u00edsicas tamb\u00e9m podem apoiar a iniciativa por meio do\u00a0<a href=\"https:\/\/netflix.us19.list-manage.com\/track\/click?u=cdad689e919b78fe769b7eaac&amp;id=3615fa5e87&amp;e=38d183ad8c\" target=\"_blank\" rel=\"noreferrer noopener\">Programa de Amigos da Cinemateca<\/a>.<\/p>\n<p><strong>Sobre a Netflix:<\/strong><\/p>\n<p>A Netflix \u00e9 um dos principais servi\u00e7os de streaming que lideram a ind\u00fastria do entretenimento, a n\u00edvel mundial. Presente em mais de 190 pa\u00edses, conta com mais de 300 milh\u00f5es de ades\u00f5es pagas de membros que usufruem de s\u00e9ries, filmes e jogos de diferentes g\u00e9neros e em diferentes idiomas. Os membros podem ver, pausar e continuar a ver o que quiserem, quando quiserem, onde quiserem, e mudar de plano em qualquer altura.\u00a0<\/p>\n<p><strong>Sobre a Cinemateca Brasileira:<\/strong><\/p>\n<p>A Cinemateca Brasileira, maior acervo de filmes da Am\u00e9rica do Sul e membro pioneiro da Federa\u00e7\u00e3o Internacional de Arquivo de Filmes \u2013 FIAF, tem sua origem no primeiro clube de cinema de S\u00e3o Paulo, criado em 1946. Em 1956, torna-se Cinemateca Brasileira, sob o comando do seu idealizador, conservador-chefe e diretor Paulo Em\u00edlio Sales Gomes. Comp\u00f5em o cerne da sua miss\u00e3o a preserva\u00e7\u00e3o das obras audiovisuais brasileiras e a difus\u00e3o da cultura cinematogr\u00e1fica. Desde 2022, a institui\u00e7\u00e3o \u00e9 gerida pela Sociedade Amigos da Cinemateca, entidade criada em 1962, e que recentemente foi qualificada como Organiza\u00e7\u00e3o Social. O acervo da Cinemateca Brasileira compreende mais de 60 mil t\u00edtulos e um vasto acervo documental (textuais, fotogr\u00e1ficos e iconogr\u00e1ficos) sobre a produ\u00e7\u00e3o, difus\u00e3o, exibi\u00e7\u00e3o, cr\u00edtica e preserva\u00e7\u00e3o cinematogr\u00e1fica, al\u00e9m de um patrim\u00f4nio informacional online dos 120 anos da produ\u00e7\u00e3o nacional.<\/p>\n<p><strong>Sobre o Viva Cinemateca:<\/strong><\/p>\n<p>O Viva Cinemateca foi lan\u00e7ado em junho de 2023 voltado a a\u00e7\u00f5es de preserva\u00e7\u00e3o de importantes acervos e cole\u00e7\u00f5es da Cinemateca Brasileira, como a cole\u00e7\u00e3o dos filmes em nitrato e o acervo do Canal 100. Seu pr\u00f3ximo projeto visa a restaura\u00e7\u00e3o, moderniza\u00e7\u00e3o e amplia\u00e7\u00e3o da sede da institui\u00e7\u00e3o. Ao longo de sua realiza\u00e7\u00e3o, o Viva Cinemateca incluiu a\u00e7\u00f5es educativas e de difus\u00e3o como a mostra de cinema e a exposi\u00e7\u00e3o A CINEMATECA \u00c9 BRASILEIRA, que percorreram mais de 20 cidades de todas as regi\u00f5es do pa\u00eds.<\/p>\n<p><em>Siga o Acorda Cidade no<\/em><a href=\"https:\/\/news.google.com\/search?q=acorda%20cidade&amp;hl=pt-BR&amp;gl=BR&amp;ceid=BR%3Apt-419\"><strong><em> Google Not\u00edcias<\/em><\/strong><\/a><em> e receba os principais destaques do dia. Participe tamb\u00e9m dos nossos canais no <\/em><a href=\"https:\/\/whatsapp.com\/channel\/0029Va6Rb4v3WHTNnsh8WI3N\"><strong><em>WhatsApp<\/em><\/strong><\/a><em> e <\/em><a href=\"https:\/\/www.youtube.com\/@acordacidadenoticias\/videos\"><strong>Youtube<\/strong><\/a><em> e grupo de <\/em><a href=\"https:\/\/t.me\/+sSz0khrgARA0ZmRh\"><strong><em>Telegram<\/em><\/strong><\/a><em>.<\/em><\/p>\n<\/div>\n","protected":false},"excerpt":{"rendered":"<div>\n<div>\n<figure><img decoding=\"async\" src=\"https:\/\/uploads.acordacidade.com.br\/2025\/04\/VT_CINEMATECA2025_TIFF_por-Wesley-Allen_3508.jpg\" alt=\"Netflix | Cinemateca\"><figcaption>Foto: Wesley Allen\/Netflix<\/figcaption><\/figure>\n<\/div>\n<p>Netflix \u00e9 a primeira empresa privada a fazer parte da iniciativa para revitaliza\u00e7\u00e3o do complexo arquitet\u00f4nico da Cinemateca.<\/p><\/div>\n","protected":false},"author":1,"featured_media":80998,"comment_status":"closed","ping_status":"closed","sticky":false,"template":"","format":"gallery","meta":{"footnotes":""},"categories":[8,9,6,57,56,10],"tags":[],"class_list":["post-80997","post","type-post","status-publish","format-gallery","has-post-thumbnail","hentry","category-bahia","category-brasil","category-feira-de-santana","category-mundo","category-policia","category-politica","post_format-post-format-gallery"],"featured_image_urls":{"full":["https:\/\/noticiasbahia360.com.br\/wp-content\/uploads\/2025\/04\/VT_CINEMATECA2025_TIFF_por-Wesley-Allen_3508.jpg",1200,800,false],"thumbnail":["https:\/\/noticiasbahia360.com.br\/wp-content\/uploads\/2025\/04\/VT_CINEMATECA2025_TIFF_por-Wesley-Allen_3508-150x150.jpg",150,150,true],"medium":["https:\/\/noticiasbahia360.com.br\/wp-content\/uploads\/2025\/04\/VT_CINEMATECA2025_TIFF_por-Wesley-Allen_3508-300x200.jpg",300,200,true],"medium_large":["https:\/\/noticiasbahia360.com.br\/wp-content\/uploads\/2025\/04\/VT_CINEMATECA2025_TIFF_por-Wesley-Allen_3508-768x512.jpg",640,427,true],"large":["https:\/\/noticiasbahia360.com.br\/wp-content\/uploads\/2025\/04\/VT_CINEMATECA2025_TIFF_por-Wesley-Allen_3508-1024x683.jpg",640,427,true],"1536x1536":["https:\/\/noticiasbahia360.com.br\/wp-content\/uploads\/2025\/04\/VT_CINEMATECA2025_TIFF_por-Wesley-Allen_3508.jpg",1200,800,false],"2048x2048":["https:\/\/noticiasbahia360.com.br\/wp-content\/uploads\/2025\/04\/VT_CINEMATECA2025_TIFF_por-Wesley-Allen_3508.jpg",1200,800,false],"chromenews-featured":["https:\/\/noticiasbahia360.com.br\/wp-content\/uploads\/2025\/04\/VT_CINEMATECA2025_TIFF_por-Wesley-Allen_3508-1024x683.jpg",1024,683,true],"chromenews-large":["https:\/\/noticiasbahia360.com.br\/wp-content\/uploads\/2025\/04\/VT_CINEMATECA2025_TIFF_por-Wesley-Allen_3508-825x575.jpg",825,575,true],"chromenews-medium":["https:\/\/noticiasbahia360.com.br\/wp-content\/uploads\/2025\/04\/VT_CINEMATECA2025_TIFF_por-Wesley-Allen_3508-590x410.jpg",590,410,true]},"author_info":{"display_name":"noticiasbahia360.com.br","author_link":"https:\/\/noticiasbahia360.com.br\/?author=1"},"category_info":"<a href=\"https:\/\/noticiasbahia360.com.br\/?cat=8\" rel=\"category\">Bahia<\/a> <a href=\"https:\/\/noticiasbahia360.com.br\/?cat=9\" rel=\"category\">Brasil<\/a> <a href=\"https:\/\/noticiasbahia360.com.br\/?cat=6\" rel=\"category\">Feira de Santana<\/a> <a href=\"https:\/\/noticiasbahia360.com.br\/?cat=57\" rel=\"category\">Mundo<\/a> <a href=\"https:\/\/noticiasbahia360.com.br\/?cat=56\" rel=\"category\">Pol\u00edcia<\/a> <a href=\"https:\/\/noticiasbahia360.com.br\/?cat=10\" rel=\"category\">Pol\u00edtica<\/a>","tag_info":"Pol\u00edtica","comment_count":"0","_links":{"self":[{"href":"https:\/\/noticiasbahia360.com.br\/index.php?rest_route=\/wp\/v2\/posts\/80997","targetHints":{"allow":["GET"]}}],"collection":[{"href":"https:\/\/noticiasbahia360.com.br\/index.php?rest_route=\/wp\/v2\/posts"}],"about":[{"href":"https:\/\/noticiasbahia360.com.br\/index.php?rest_route=\/wp\/v2\/types\/post"}],"author":[{"embeddable":true,"href":"https:\/\/noticiasbahia360.com.br\/index.php?rest_route=\/wp\/v2\/users\/1"}],"replies":[{"embeddable":true,"href":"https:\/\/noticiasbahia360.com.br\/index.php?rest_route=%2Fwp%2Fv2%2Fcomments&post=80997"}],"version-history":[{"count":0,"href":"https:\/\/noticiasbahia360.com.br\/index.php?rest_route=\/wp\/v2\/posts\/80997\/revisions"}],"wp:featuredmedia":[{"embeddable":true,"href":"https:\/\/noticiasbahia360.com.br\/index.php?rest_route=\/wp\/v2\/media\/80998"}],"wp:attachment":[{"href":"https:\/\/noticiasbahia360.com.br\/index.php?rest_route=%2Fwp%2Fv2%2Fmedia&parent=80997"}],"wp:term":[{"taxonomy":"category","embeddable":true,"href":"https:\/\/noticiasbahia360.com.br\/index.php?rest_route=%2Fwp%2Fv2%2Fcategories&post=80997"},{"taxonomy":"post_tag","embeddable":true,"href":"https:\/\/noticiasbahia360.com.br\/index.php?rest_route=%2Fwp%2Fv2%2Ftags&post=80997"}],"curies":[{"name":"wp","href":"https:\/\/api.w.org\/{rel}","templated":true}]}}