{"id":82523,"date":"2025-04-15T15:28:02","date_gmt":"2025-04-15T18:28:02","guid":{"rendered":"https:\/\/noticiasbahia360.com.br\/?p=82523"},"modified":"2025-04-15T15:28:02","modified_gmt":"2025-04-15T18:28:02","slug":"caixa-libera-abono-salarial-para-nascidos-em-marco-e-abril","status":"publish","type":"post","link":"https:\/\/noticiasbahia360.com.br\/?p=82523","title":{"rendered":"Caixa libera abono salarial para nascidos em mar\u00e7o e abril"},"content":{"rendered":"<div>\n<div>\n<figure><img decoding=\"async\" src=\"http:\/\/noticiasbahia360.com.br\/wp-content\/uploads\/2025\/04\/predio_da_caixa_economica_federal_170120182641-1.jpg\" alt=\"Caixa libera abono salarial para nascidos em mar\u00e7o e abril\"><figcaption>Foto: Marcelo Camargo\/Ag\u00eancia Brasil<\/figcaption><\/figure>\n<\/div>\n<p>Ag\u00eancia Brasil \u2013 Cerca de 3,8 milh\u00f5es de trabalhadores com carteira assinada nascidos em mar\u00e7o e abril e que ganham at\u00e9 dois sal\u00e1rios m\u00ednimos podem sacar, a partir desta ter\u00e7a-feira (15), o valor do abono salarial do Programa de Integra\u00e7\u00e3o Social (PIS) e do Programa de Forma\u00e7\u00e3o do Patrim\u00f4nio do Servidor P\u00fablico (Pasep) em 2025 (ano-base 2023). A quantia est\u00e1 dispon\u00edvel no aplicativo da <a href=\"https:\/\/www.gov.br\/pt-br\/temas\/carteira-de-trabalho-digital\" target=\"_blank\" rel=\"noreferrer noopener\">Carteira de Trabalho Digital<\/a> e no <a href=\"https:\/\/www.gov.br\/pt-br\" target=\"_blank\" rel=\"noreferrer noopener\">Portal Gov.br<\/a>.<\/p>\n<p>Ao todo, a <a href=\"https:\/\/www.acordacidade.com.br\/tag\/caixa-economica-federal\/\">Caixa Econ\u00f4mica Federal<\/a> liberar\u00e1 pouco mais de R$ 4,5 bilh\u00f5es neste m\u00eas. Aprovado no fim do ano passado, o calend\u00e1rio de libera\u00e7\u00f5es segue o m\u00eas de nascimento do trabalhador . Os pagamentos come\u00e7aram em 17 de fevereiro e v\u00e3o at\u00e9 15 de agosto.<\/p>\n<p>Neste ano, R$ 30,7 bilh\u00f5es poder\u00e3o ser sacados. Segundo o Conselho Deliberativo do Fundo de Amparo ao Trabalhador (Codefat), o abono salarial de 2025 ser\u00e1 pago a 25,8 milh\u00f5es de trabalhadores em todo o pa\u00eds. Desse total, cerca de 22 milh\u00f5es que trabalham na iniciativa privada receber\u00e3o o PIS e 3,8 milh\u00f5es de servidores p\u00fablicos, empregados de estatais e militares t\u00eam direito ao Pasep.<\/p>\n<p>O PIS \u00e9 pago pela Caixa Econ\u00f4mica Federal; e o Pasep, pelo Banco do Brasil. Como ocorre tradicionalmente, os pagamentos ser\u00e3o divididos em seis lotes, baseados no m\u00eas de nascimento. O saque iniciar\u00e1 nas datas de libera\u00e7\u00e3o dos lotes e acabar\u00e3o em 29 de dezembro de 2025. Ap\u00f3s esse prazo, ser\u00e1 necess\u00e1rio aguardar convoca\u00e7\u00e3o especial do Minist\u00e9rio do Trabalho.<\/p>\n<h2 class=\"wp-block-heading\" id=\"h-calendario-de-pagamento\">Calend\u00e1rio de pagamento<\/h2>\n<figure class=\"wp-block-table\">\n<table class=\"has-fixed-layout\">\n<tbody>\n<tr>\n<td class=\"has-text-align-center\" data-align=\"center\"><strong>Nascidos em<\/strong><\/td>\n<td class=\"has-text-align-center\" data-align=\"center\"><strong>Recebem a partir de<\/strong><\/td>\n<\/tr>\n<tr>\n<td class=\"has-text-align-center\" data-align=\"center\">Janeiro<\/td>\n<td class=\"has-text-align-center\" data-align=\"center\">17 de fevereiro<\/td>\n<\/tr>\n<tr>\n<td class=\"has-text-align-center\" data-align=\"center\">Fevereiro<\/td>\n<td class=\"has-text-align-center\" data-align=\"center\">17 de mar\u00e7o<\/td>\n<\/tr>\n<tr>\n<td class=\"has-text-align-center\" data-align=\"center\">Mar\u00e7o e Abril<\/td>\n<td class=\"has-text-align-center\" data-align=\"center\">15 de abril<\/td>\n<\/tr>\n<tr>\n<td class=\"has-text-align-center\" data-align=\"center\">Maio e Junho<\/td>\n<td class=\"has-text-align-center\" data-align=\"center\">15 de maio<\/td>\n<\/tr>\n<tr>\n<td class=\"has-text-align-center\" data-align=\"center\">Julho e Agosto<\/td>\n<td class=\"has-text-align-center\" data-align=\"center\">16 de junho<\/td>\n<\/tr>\n<tr>\n<td class=\"has-text-align-center\" data-align=\"center\">Setembro e Outubro<\/td>\n<td class=\"has-text-align-center\" data-align=\"center\">15 de julho<\/td>\n<\/tr>\n<tr>\n<td class=\"has-text-align-center\" data-align=\"center\">Novembro e Dezembro<\/td>\n<td class=\"has-text-align-center\" data-align=\"center\">15 de agosto<\/td>\n<\/tr>\n<\/tbody>\n<\/table>\n<\/figure>\n<h2 class=\"wp-block-heading\" id=\"h-quem-tem-direito\">Quem tem direito<\/h2>\n<p>Tem direito ao benef\u00edcio o trabalhador inscrito no PIS\/Pasep h\u00e1, pelo menos, cinco anos, e que tenha trabalhado formalmente por, no m\u00ednimo, 30 dias no ano-base considerado para a apura\u00e7\u00e3o, com remunera\u00e7\u00e3o mensal m\u00e9dia de at\u00e9 dois sal\u00e1rios m\u00ednimos. Tamb\u00e9m \u00e9 necess\u00e1rio que os dados tenham sido informados corretamente pelo empregador na Rela\u00e7\u00e3o Anual de Informa\u00e7\u00f5es Sociais (Rais).<\/p>\n<p>O valor do abono \u00e9 proporcional ao per\u00edodo em que o empregado trabalhou com carteira assinada em 2023. Cada m\u00eas trabalhado equivale a um benef\u00edcio de R$ 126,50, com per\u00edodos iguais ou superiores a 15 dias contados como m\u00eas cheio. Quem trabalhou 12 meses com carteira assinada receber\u00e1 o sal\u00e1rio m\u00ednimo cheio, de R$ 1.518.<\/p>\n<h2 class=\"wp-block-heading\" id=\"h-pagamento\">Pagamento<\/h2>\n<p>Trabalhadores da iniciativa privada com conta corrente ou poupan\u00e7a na Caixa receber\u00e3o o cr\u00e9dito automaticamente no banco, de acordo com o m\u00eas de seu nascimento.<\/p>\n<p>Os demais benefici\u00e1rios receber\u00e3o os valores por meio da poupan\u00e7a social digital, que pode ser movimentada pelo aplicativo Caixa Tem. Caso n\u00e3o seja poss\u00edvel a abertura da conta digital, o saque poder\u00e1 ser realizado com o Cart\u00e3o do Cidad\u00e3o e senha nos terminais de autoatendimento, unidades lot\u00e9ricas, Caixa Aqui ou ag\u00eancias, tamb\u00e9m de acordo com o calend\u00e1rio de pagamento escalonado por m\u00eas de nascimento.<\/p>\n<p>O pagamento do abono do Pasep ocorre via cr\u00e9dito em conta para quem \u00e9 correntista ou tem poupan\u00e7a no Banco do Brasil. O trabalhador que n\u00e3o \u00e9 correntista do BB pode efetuar a transfer\u00eancia via TED para conta de sua titularidade via terminais de autoatendimento e portal ou no guich\u00ea de caixa das ag\u00eancias, mediante apresenta\u00e7\u00e3o de documento oficial de identidade.<\/p>\n<p>At\u00e9 2020, o abono salarial do ano anterior era pago de julho do ano corrente a junho do ano seguinte. No in\u00edcio de 2021, o Codefat atendeu a recomenda\u00e7\u00e3o da Controladoria-Geral da Uni\u00e3o (CGU) e passou a depositar o dinheiro somente dois anos ap\u00f3s o trabalho com carteira assinada.<\/p>\n<figure class=\"wp-block-image size-large\"><img fetchpriority=\"high\" fetchpriority=\"high\" decoding=\"async\" width=\"571\" height=\"1024\" src=\"http:\/\/noticiasbahia360.com.br\/wp-content\/uploads\/2025\/04\/9mbYznA3-abono-salarial-571x1024-1.webp\" alt=\"Caixa libera abono salarial para nascidos em mar\u00e7o e abril\" class=\"wp-image-522776\" srcset=\"https:\/\/uploads.acordacidade.com.br\/2025\/04\/9mbYznA3-abono-salarial--167x300.webp 167w, http:\/\/noticiasbahia360.com.br\/wp-content\/uploads\/2025\/04\/9mbYznA3-abono-salarial-571x1024-1.webp 571w, https:\/\/uploads.acordacidade.com.br\/2025\/04\/9mbYznA3-abono-salarial--150x269.webp 150w, https:\/\/uploads.acordacidade.com.br\/2025\/04\/9mbYznA3-abono-salarial-.webp 754w\" sizes=\"(max-width: 571px) 100vw, 571px\"><figcaption class=\"wp-element-caption\">Foto: Reprodu\u00e7\u00e3o <\/figcaption><\/figure>\n<p><em>Siga o Acorda Cidade no<\/em><a href=\"https:\/\/news.google.com\/search?q=acorda%20cidade&amp;hl=pt-BR&amp;gl=BR&amp;ceid=BR%3Apt-419\"><strong><em>\u00a0Google Not\u00edcias<\/em><\/strong><\/a><em>\u00a0e receba os principais destaques do dia. Participe tamb\u00e9m dos nossos canais no\u00a0<\/em><a href=\"https:\/\/whatsapp.com\/channel\/0029Va6Rb4v3WHTNnsh8WI3N\"><strong><em>WhatsApp<\/em><\/strong><\/a><em>\u00a0e\u00a0<\/em><a href=\"https:\/\/www.youtube.com\/@acordacidadenoticias\/videos\"><strong>YouTube<\/strong><\/a><em>\u00a0e do grupo no\u00a0<\/em><a href=\"https:\/\/t.me\/+sSz0khrgARA0ZmRh\"><strong><em>Telegram<\/em><\/strong><\/a><\/p>\n<\/div>\n","protected":false},"excerpt":{"rendered":"<div>\n<div>\n<figure><img decoding=\"async\" src=\"https:\/\/uploads.acordacidade.com.br\/2025\/01\/predio_da_caixa_economica_federal_170120182641.jpg\" alt=\"Caixa libera abono salarial para nascidos em mar\u00e7o e abril\"><figcaption>Foto: Marcelo Camargo\/Ag\u00eancia Brasil<\/figcaption><\/figure>\n<\/div>\n<p>Calend\u00e1rio de pagamento segue m\u00eas de nascimento<\/p><\/div>\n","protected":false},"author":1,"featured_media":82524,"comment_status":"closed","ping_status":"closed","sticky":false,"template":"","format":"gallery","meta":{"footnotes":""},"categories":[8,9,6,57,56,10],"tags":[],"class_list":["post-82523","post","type-post","status-publish","format-gallery","has-post-thumbnail","hentry","category-bahia","category-brasil","category-feira-de-santana","category-mundo","category-policia","category-politica","post_format-post-format-gallery"],"featured_image_urls":{"full":["https:\/\/noticiasbahia360.com.br\/wp-content\/uploads\/2025\/04\/predio_da_caixa_economica_federal_170120182641-1.jpg",640,383,false],"thumbnail":["https:\/\/noticiasbahia360.com.br\/wp-content\/uploads\/2025\/04\/predio_da_caixa_economica_federal_170120182641-1-150x150.jpg",150,150,true],"medium":["https:\/\/noticiasbahia360.com.br\/wp-content\/uploads\/2025\/04\/predio_da_caixa_economica_federal_170120182641-1-300x180.jpg",300,180,true],"medium_large":["https:\/\/noticiasbahia360.com.br\/wp-content\/uploads\/2025\/04\/predio_da_caixa_economica_federal_170120182641-1.jpg",640,383,false],"large":["https:\/\/noticiasbahia360.com.br\/wp-content\/uploads\/2025\/04\/predio_da_caixa_economica_federal_170120182641-1.jpg",640,383,false],"1536x1536":["https:\/\/noticiasbahia360.com.br\/wp-content\/uploads\/2025\/04\/predio_da_caixa_economica_federal_170120182641-1.jpg",640,383,false],"2048x2048":["https:\/\/noticiasbahia360.com.br\/wp-content\/uploads\/2025\/04\/predio_da_caixa_economica_federal_170120182641-1.jpg",640,383,false],"chromenews-featured":["https:\/\/noticiasbahia360.com.br\/wp-content\/uploads\/2025\/04\/predio_da_caixa_economica_federal_170120182641-1.jpg",640,383,false],"chromenews-large":["https:\/\/noticiasbahia360.com.br\/wp-content\/uploads\/2025\/04\/predio_da_caixa_economica_federal_170120182641-1.jpg",640,383,false],"chromenews-medium":["https:\/\/noticiasbahia360.com.br\/wp-content\/uploads\/2025\/04\/predio_da_caixa_economica_federal_170120182641-1-590x383.jpg",590,383,true]},"author_info":{"display_name":"noticiasbahia360.com.br","author_link":"https:\/\/noticiasbahia360.com.br\/?author=1"},"category_info":"<a href=\"https:\/\/noticiasbahia360.com.br\/?cat=8\" rel=\"category\">Bahia<\/a> <a href=\"https:\/\/noticiasbahia360.com.br\/?cat=9\" rel=\"category\">Brasil<\/a> <a href=\"https:\/\/noticiasbahia360.com.br\/?cat=6\" rel=\"category\">Feira de Santana<\/a> <a href=\"https:\/\/noticiasbahia360.com.br\/?cat=57\" rel=\"category\">Mundo<\/a> <a href=\"https:\/\/noticiasbahia360.com.br\/?cat=56\" rel=\"category\">Pol\u00edcia<\/a> <a href=\"https:\/\/noticiasbahia360.com.br\/?cat=10\" rel=\"category\">Pol\u00edtica<\/a>","tag_info":"Pol\u00edtica","comment_count":"0","_links":{"self":[{"href":"https:\/\/noticiasbahia360.com.br\/index.php?rest_route=\/wp\/v2\/posts\/82523","targetHints":{"allow":["GET"]}}],"collection":[{"href":"https:\/\/noticiasbahia360.com.br\/index.php?rest_route=\/wp\/v2\/posts"}],"about":[{"href":"https:\/\/noticiasbahia360.com.br\/index.php?rest_route=\/wp\/v2\/types\/post"}],"author":[{"embeddable":true,"href":"https:\/\/noticiasbahia360.com.br\/index.php?rest_route=\/wp\/v2\/users\/1"}],"replies":[{"embeddable":true,"href":"https:\/\/noticiasbahia360.com.br\/index.php?rest_route=%2Fwp%2Fv2%2Fcomments&post=82523"}],"version-history":[{"count":0,"href":"https:\/\/noticiasbahia360.com.br\/index.php?rest_route=\/wp\/v2\/posts\/82523\/revisions"}],"wp:featuredmedia":[{"embeddable":true,"href":"https:\/\/noticiasbahia360.com.br\/index.php?rest_route=\/wp\/v2\/media\/82524"}],"wp:attachment":[{"href":"https:\/\/noticiasbahia360.com.br\/index.php?rest_route=%2Fwp%2Fv2%2Fmedia&parent=82523"}],"wp:term":[{"taxonomy":"category","embeddable":true,"href":"https:\/\/noticiasbahia360.com.br\/index.php?rest_route=%2Fwp%2Fv2%2Fcategories&post=82523"},{"taxonomy":"post_tag","embeddable":true,"href":"https:\/\/noticiasbahia360.com.br\/index.php?rest_route=%2Fwp%2Fv2%2Ftags&post=82523"}],"curies":[{"name":"wp","href":"https:\/\/api.w.org\/{rel}","templated":true}]}}