{"id":82526,"date":"2025-04-15T15:28:05","date_gmt":"2025-04-15T18:28:05","guid":{"rendered":"https:\/\/noticiasbahia360.com.br\/?p=82526"},"modified":"2025-04-15T15:28:05","modified_gmt":"2025-04-15T18:28:05","slug":"aprovados-do-cnu-comecarao-a-ser-convocados-em-maio","status":"publish","type":"post","link":"https:\/\/noticiasbahia360.com.br\/?p=82526","title":{"rendered":"Aprovados do CNU come\u00e7ar\u00e3o a ser convocados em maio"},"content":{"rendered":"<div>\n<div>\n<figure><img decoding=\"async\" src=\"http:\/\/noticiasbahia360.com.br\/wp-content\/uploads\/2025\/04\/foto-joel-rodrigues-agencia-brasilia-concurso-unificado-cnu.jpg\" alt=\"Aprovados do CNU come\u00e7ar\u00e3o a ser convocados em maio\"><figcaption>Foto: Joel Rodrigues\/Ag\u00eancia Bras\u00edlia<\/figcaption><\/figure>\n<\/div>\n<p>Ag\u00eancia Brasil \u2013 Os candidatos aprovados na primeira edi\u00e7\u00e3o do <a href=\"https:\/\/www.acordacidade.com.br\/tag\/cnu\/\">Concurso P\u00fablico Nacional Unificado (CPNU)<\/a> come\u00e7ar\u00e3o a ser convocados em maio. A previs\u00e3o foi anunciada nesta segunda-feira (15) pelo Minist\u00e9rio da Gest\u00e3o e da Inova\u00e7\u00e3o em Servi\u00e7os P\u00fablicos (MGI), ap\u00f3s a san\u00e7\u00e3o da san\u00e7\u00e3o da Lei Or\u00e7ament\u00e1ria Anual (LOA) de 2025, pelo presidente Luiz In\u00e1cio Lula da Silva.<\/p>\n<p>O minist\u00e9rio publicar\u00e1 nos pr\u00f3ximos dias uma portaria \u00fanica que autoriza a convoca\u00e7\u00e3o dos aprovados para 4.335 vagas de cargos que n\u00e3o exigem cursos de forma\u00e7\u00e3o dos oito blocos tem\u00e1ticos 1 a 8, de n\u00edvel superior e m\u00e9dio.<\/p>\n<p>De acordo com a coordenadora-Geral de Concursos e Provimento do MGI, Queila C\u00e2ndida Ferreira Morais, a futura portaria do MGI permitir\u00e1 que os aprovados sejam nomeados mais rapidamente. \u201cEssa autoriza\u00e7\u00e3o \u00fanica para provimento d\u00e1 celeridade ao tr\u00e2mite e permite que os \u00f3rg\u00e3os iniciem a convoca\u00e7\u00e3o de forma mais coordenada\u201d, afirmou em nota.<\/p>\n<p>A partir desta autoriza\u00e7\u00e3o, o passo seguinte ser\u00e1 dado pelos 16 \u00f3rg\u00e3os e entidades federais participantes do certame, que dever\u00e3o publicar os pr\u00f3prios atos de nomea\u00e7\u00e3o para dar posse aos aprovados.<\/p>\n<p>A portaria autoriza o provimento de vagas do chamado Enem dos Concursos dos seguintes \u00f3rg\u00e3os:<\/p>\n<ul class=\"wp-block-list\">\n<li><strong>Minist\u00e9rio da Gest\u00e3o e da Inova\u00e7\u00e3o em Servi\u00e7os P\u00fablicos (MGI);<\/strong><\/li>\n<li><strong>Minist\u00e9rio do Desenvolvimento, Ind\u00fastria, Com\u00e9rcio e Servi\u00e7os (Mdic);<\/strong><\/li>\n<li><strong>Minist\u00e9rio da Agricultura e Pecu\u00e1ria (Mapa);<\/strong><\/li>\n<li><strong>Instituto Nacional de Meteorologia (Inmet);<\/strong><\/li>\n<li><strong>Instituto Nacional de Coloniza\u00e7\u00e3o e Reforma Agr\u00e1ria (Incra);<\/strong><\/li>\n<li><strong>Minist\u00e9rio da Ci\u00eancia, Tecnologia e Inova\u00e7\u00e3o (MCTI);<\/strong><\/li>\n<li><strong>Instituto Nacional de Estudos e Pesquisas Educacionais An\u00edsio Teixeira (Inep);<\/strong><\/li>\n<li><strong>Funda\u00e7\u00e3o Nacional dos Povos Ind\u00edgenas (FUNAI);<\/strong><\/li>\n<li><strong>Minist\u00e9rio da Sa\u00fade (MS);<\/strong><\/li>\n<li><strong>Minist\u00e9rio da Justi\u00e7a e Seguran\u00e7a P\u00fablica (MJSP);<\/strong><\/li>\n<li><strong>Superintend\u00eancia Nacional de Previd\u00eancia Complementar (Previc);<\/strong><\/li>\n<li><strong>Instituto Brasileiro de Geografia e Estat\u00edstica (IBGE);<\/strong><\/li>\n<li><strong>Advocacia-Geral da Uni\u00e3o (AGU);<\/strong><\/li>\n<li><strong>Minist\u00e9rio dos Povos Ind\u00edgenas (MPI);<\/strong><\/li>\n<li><strong>Minist\u00e9rio do Planejamento e Or\u00e7amento (MPO);<\/strong><\/li>\n<li><strong>Minist\u00e9rio da Cultura (MinC).<\/strong><\/li>\n<\/ul>\n<p>De acordo com a coordenadora, a documenta\u00e7\u00e3o t\u00e9cnica necess\u00e1ria para autoriza\u00e7\u00e3o da convoca\u00e7\u00e3o dos 4.335 aprovados para vagas j\u00e1 foi enviada ao Minist\u00e9rio do Planejamento e Or\u00e7amento (MPO) para confirma\u00e7\u00e3o de disponibilidade de recursos do or\u00e7amento da Uni\u00e3o para a nomea\u00e7\u00e3o dos aprovados.<\/p>\n<h2 class=\"wp-block-heading\" id=\"h-maior-concurso-do-pais\">Maior concurso do pa\u00eds<\/h2>\n<p>O Concurso P\u00fablico Nacional Unificado (CPNU) \u00e9 considerado o maior processo seletivo realizado no pa\u00eds, com aplica\u00e7\u00e3o de provas em 218 cidades. O certame atraiu 2,1 milh\u00f5es de inscritos confirmados que concorreram a 6.640 vagas em 21 \u00f3rg\u00e3os p\u00fablicos.<\/p>\n<p>Em 28 de fevereiro, o MGI publicou a lista definitiva de classifica\u00e7\u00e3o para todos os cargos e, ainda, a lista definitiva dos convocados para matr\u00edcula nos cursos de forma\u00e7\u00e3o, que j\u00e1 est\u00e3o em andamento.<\/p>\n<p><em>Siga o Acorda Cidade no<\/em><a href=\"https:\/\/news.google.com\/search?q=acorda%20cidade&amp;hl=pt-BR&amp;gl=BR&amp;ceid=BR%3Apt-419\"><strong><em>\u00a0Google Not\u00edcias<\/em><\/strong><\/a><em>\u00a0e receba os principais destaques do dia. Participe tamb\u00e9m dos nossos canais no\u00a0<\/em><a href=\"https:\/\/whatsapp.com\/channel\/0029Va6Rb4v3WHTNnsh8WI3N\"><strong><em>WhatsApp<\/em><\/strong><\/a><em>\u00a0e\u00a0<\/em><a href=\"https:\/\/www.youtube.com\/@acordacidadenoticias\/videos\"><strong>YouTube<\/strong><\/a><em>\u00a0e do grupo no\u00a0<\/em><a href=\"https:\/\/t.me\/+sSz0khrgARA0ZmRh\"><strong><em>Telegram<\/em><\/strong><\/a><\/p>\n<\/div>\n","protected":false},"excerpt":{"rendered":"<div>\n<div>\n<figure><img decoding=\"async\" src=\"https:\/\/www.acordacidade.com.br\/wp-content\/uploads\/2024\/07\/foto-joel-rodrigues-agencia-brasilia-concurso-unificado-cnu.jpg\" alt=\"Aprovados do CNU come\u00e7ar\u00e3o a ser convocados em maio\"><figcaption>Foto: Joel Rodrigues\/Ag\u00eancia Bras\u00edlia<\/figcaption><\/figure>\n<\/div>\n<p>Minist\u00e9rio publicar\u00e1 portaria \u00fanica autorizando \u00f3rg\u00e3os a convocarem<\/p><\/div>\n","protected":false},"author":1,"featured_media":82527,"comment_status":"closed","ping_status":"closed","sticky":false,"template":"","format":"gallery","meta":{"footnotes":""},"categories":[8,9,6,57,56,10],"tags":[],"class_list":["post-82526","post","type-post","status-publish","format-gallery","has-post-thumbnail","hentry","category-bahia","category-brasil","category-feira-de-santana","category-mundo","category-policia","category-politica","post_format-post-format-gallery"],"featured_image_urls":{"full":["https:\/\/noticiasbahia360.com.br\/wp-content\/uploads\/2025\/04\/foto-joel-rodrigues-agencia-brasilia-concurso-unificado-cnu.jpg",640,383,false],"thumbnail":["https:\/\/noticiasbahia360.com.br\/wp-content\/uploads\/2025\/04\/foto-joel-rodrigues-agencia-brasilia-concurso-unificado-cnu-150x150.jpg",150,150,true],"medium":["https:\/\/noticiasbahia360.com.br\/wp-content\/uploads\/2025\/04\/foto-joel-rodrigues-agencia-brasilia-concurso-unificado-cnu-300x180.jpg",300,180,true],"medium_large":["https:\/\/noticiasbahia360.com.br\/wp-content\/uploads\/2025\/04\/foto-joel-rodrigues-agencia-brasilia-concurso-unificado-cnu.jpg",640,383,false],"large":["https:\/\/noticiasbahia360.com.br\/wp-content\/uploads\/2025\/04\/foto-joel-rodrigues-agencia-brasilia-concurso-unificado-cnu.jpg",640,383,false],"1536x1536":["https:\/\/noticiasbahia360.com.br\/wp-content\/uploads\/2025\/04\/foto-joel-rodrigues-agencia-brasilia-concurso-unificado-cnu.jpg",640,383,false],"2048x2048":["https:\/\/noticiasbahia360.com.br\/wp-content\/uploads\/2025\/04\/foto-joel-rodrigues-agencia-brasilia-concurso-unificado-cnu.jpg",640,383,false],"chromenews-featured":["https:\/\/noticiasbahia360.com.br\/wp-content\/uploads\/2025\/04\/foto-joel-rodrigues-agencia-brasilia-concurso-unificado-cnu.jpg",640,383,false],"chromenews-large":["https:\/\/noticiasbahia360.com.br\/wp-content\/uploads\/2025\/04\/foto-joel-rodrigues-agencia-brasilia-concurso-unificado-cnu.jpg",640,383,false],"chromenews-medium":["https:\/\/noticiasbahia360.com.br\/wp-content\/uploads\/2025\/04\/foto-joel-rodrigues-agencia-brasilia-concurso-unificado-cnu-590x383.jpg",590,383,true]},"author_info":{"display_name":"noticiasbahia360.com.br","author_link":"https:\/\/noticiasbahia360.com.br\/?author=1"},"category_info":"<a href=\"https:\/\/noticiasbahia360.com.br\/?cat=8\" rel=\"category\">Bahia<\/a> <a href=\"https:\/\/noticiasbahia360.com.br\/?cat=9\" rel=\"category\">Brasil<\/a> <a href=\"https:\/\/noticiasbahia360.com.br\/?cat=6\" rel=\"category\">Feira de Santana<\/a> <a href=\"https:\/\/noticiasbahia360.com.br\/?cat=57\" rel=\"category\">Mundo<\/a> <a href=\"https:\/\/noticiasbahia360.com.br\/?cat=56\" rel=\"category\">Pol\u00edcia<\/a> <a href=\"https:\/\/noticiasbahia360.com.br\/?cat=10\" rel=\"category\">Pol\u00edtica<\/a>","tag_info":"Pol\u00edtica","comment_count":"0","_links":{"self":[{"href":"https:\/\/noticiasbahia360.com.br\/index.php?rest_route=\/wp\/v2\/posts\/82526","targetHints":{"allow":["GET"]}}],"collection":[{"href":"https:\/\/noticiasbahia360.com.br\/index.php?rest_route=\/wp\/v2\/posts"}],"about":[{"href":"https:\/\/noticiasbahia360.com.br\/index.php?rest_route=\/wp\/v2\/types\/post"}],"author":[{"embeddable":true,"href":"https:\/\/noticiasbahia360.com.br\/index.php?rest_route=\/wp\/v2\/users\/1"}],"replies":[{"embeddable":true,"href":"https:\/\/noticiasbahia360.com.br\/index.php?rest_route=%2Fwp%2Fv2%2Fcomments&post=82526"}],"version-history":[{"count":0,"href":"https:\/\/noticiasbahia360.com.br\/index.php?rest_route=\/wp\/v2\/posts\/82526\/revisions"}],"wp:featuredmedia":[{"embeddable":true,"href":"https:\/\/noticiasbahia360.com.br\/index.php?rest_route=\/wp\/v2\/media\/82527"}],"wp:attachment":[{"href":"https:\/\/noticiasbahia360.com.br\/index.php?rest_route=%2Fwp%2Fv2%2Fmedia&parent=82526"}],"wp:term":[{"taxonomy":"category","embeddable":true,"href":"https:\/\/noticiasbahia360.com.br\/index.php?rest_route=%2Fwp%2Fv2%2Fcategories&post=82526"},{"taxonomy":"post_tag","embeddable":true,"href":"https:\/\/noticiasbahia360.com.br\/index.php?rest_route=%2Fwp%2Fv2%2Ftags&post=82526"}],"curies":[{"name":"wp","href":"https:\/\/api.w.org\/{rel}","templated":true}]}} 