{"id":82591,"date":"2025-04-15T21:59:30","date_gmt":"2025-04-16T00:59:30","guid":{"rendered":"https:\/\/noticiasbahia360.com.br\/?p=82591"},"modified":"2025-04-15T21:59:30","modified_gmt":"2025-04-16T00:59:30","slug":"operacao-contra-envolvidos-na-morte-de-agente-deixa-5-mortos-no-rio-de-janeiro","status":"publish","type":"post","link":"https:\/\/noticiasbahia360.com.br\/?p=82591","title":{"rendered":"Opera\u00e7\u00e3o contra envolvidos na morte de agente deixa 5 mortos no Rio de Janeiro"},"content":{"rendered":"<div>\n<div>\n<figure><img decoding=\"async\" src=\"http:\/\/noticiasbahia360.com.br\/wp-content\/uploads\/2025\/04\/RZpH8eqz-fachada_da_secretaria_de_estado_da_policia_civil_no_centro_do_rio_de_janeiro1006219442.webp\" alt=\"fachada_da_secretaria_de_estado_da_policia_civil_no_centro_do_rio_de_janeiro\"><figcaption>Foto: Tomaz Silva\/Ag\u00eancia Brasil<\/figcaption><\/figure>\n<\/div>\n<p>Ag\u00eancia Brasil \u2013 Agentes da Delegacia de Homic\u00eddios da Capital (DHC) e da Coordenadoria de Recursos Especiais (Core) da <a href=\"https:\/\/www.acordacidade.com.br\/tag\/policia-civil\/\">Pol\u00edcia Civil<\/a> realizaram, nesta ter\u00e7a-feira (15), desde as primeiras horas da manh\u00e3, uma opera\u00e7\u00e3o contra criminosos envolvidos na morte do agente da <strong>Core<\/strong> Jo\u00e3o Pedro Marquini, 38 anos, na Serra da Grota Funda, no final de mar\u00e7o.<img decoding=\"async\" src=\"https:\/\/agenciabrasil.ebc.com.br\/ebc.png?id=1639046&amp;o=node\"><img decoding=\"async\" src=\"https:\/\/agenciabrasil.ebc.com.br\/ebc.gif?id=1639046&amp;o=node\"><\/p>\n<p>A a\u00e7\u00e3o policial ocorreu nas comunidades dos Tabajaras e dos Cabritos, na zona sul do Rio, que tem acessos pelos bairros de Copacabana e de Botafogo. <strong>Na chegada dos agentes, houve confronto com criminosos.<\/strong> Muitos moradores e lojistas da regi\u00e3o ficaram apavorados com os tiros. V\u00e1rios comerciantes n\u00e3o chegaram a abrir seus estabelecimentos com medo de serem atingidos por balas perdidas.<\/p>\n<p><strong>No tiroteio, cinco integrantes da fac\u00e7\u00e3o criminosa Comando Vermelho, que controlam o tr\u00e1fico de drogas nas duas favelas, foram mortos.<\/strong> Em nota, a Pol\u00edcia Civil informou que tr\u00eas deles faziam parte da lideran\u00e7a do tr\u00e1fico de drogas. <strong>Entre eles, est\u00e1 Vin\u00edcius Kleber Di Carlantoni Martins, conhecido como \u201cCheio de \u00d3dio\u201d, apontado como um dos chefes do tr\u00e1fico na Ladeira dos Tabajaras.<\/strong> O criminoso era um dos respons\u00e1veis por estimular ataques contra as for\u00e7as de seguran\u00e7a p\u00fablica do estado, informou a Pol\u00edcia Civil.<\/p>\n<p>As investiga\u00e7\u00f5es apontaram que o ve\u00edculo usado num ataque na comunidade do Cesar\u00e3o, em Santa Cruz, na zona oeste, pouco antes da morte do policial <strong>Jo\u00e3o Pedro Marquini<\/strong>, pertencia ao traficante \u201cCheio de \u00d3dio\u201d. Segundo os agentes, a ordem para invadir a comunidade na zona oeste partiu dos criminosos da Ladeira dos Tabajaras, no outro extremo da cidade.<\/p>\n<p>Na noite do dia 30 de mar\u00e7o, Marquini dirigia seu carro particular, a caminho de casa, quando passou pela Estrada da Grota Funda. A mulher dele, a ju\u00edza Tula Corr\u00eaa, titular do 3\u00ba Tribunal do J\u00fari da capital, que julga crimes contra a vida, seguia no carro dela, pouco atr\u00e1s. No alto da serra, havia uma falsa <em>blitz<\/em> comandada por traficantes da <strong>Ladeira dos Tabajaras<\/strong>. O carro que usavam estava com v\u00e1rias marcas de tiros.<\/p>\n<p>Quando percebeu a <em>blitz<\/em>, Marquini avisou a esposa pelo celular para que ela desse marcha a r\u00e9 no carro e fugisse dos criminosos. A magistrada conseguiu escapar. O policial da <strong>Core<\/strong>, ao sair do carro dele, foi atingido por cinco tiros de fuzil e morreu na hora.<\/p>\n<h2 class=\"wp-block-heading\" id=\"h-acao\">A\u00e7\u00e3o<\/h2>\n<p>A opera\u00e7\u00e3o de hoje, de acordo com a Pol\u00edcia Civil, foi planejada para cumprir mandados de pris\u00e3o contra dois criminosos identificados durante a investiga\u00e7\u00e3o da morte de <strong>Jo\u00e3o Pedro Marquini<\/strong>. Para identificar os envolvidos no crime, a Pol\u00edcia Civil realizou v\u00e1rias dilig\u00eancias.<\/p>\n<p>Testemunhas foram ouvidas e, a partir de imagens de c\u00e2meras de seguran\u00e7a e do cruzamento de dados de intelig\u00eancia, foi poss\u00edvel <strong>identificar<\/strong> os autores. As investiga\u00e7\u00f5es continuam para prender os demais envolvidos e desarticular o grupo criminoso respons\u00e1vel pela execu\u00e7\u00e3o do policial da tropa de elite da institui\u00e7\u00e3o.<\/p>\n<p>\u201cFoi poss\u00edvel associar os dois investigados com a <strong>Ladeira dos Tabajaras<\/strong> e definir o percurso feito pelos criminosos que atacaram Marquini. A opera\u00e7\u00e3o possibilitou elementos que v\u00e3o resultar no prosseguimento das investiga\u00e7\u00f5es\u201d, explicou o delegado Alexandre Herdy, do Departamento Geral de Homic\u00eddios e Prote\u00e7\u00e3o \u00e0 Pessoa.<\/p>\n<p><em>Siga o Acorda Cidade no<\/em><a href=\"https:\/\/news.google.com\/search?q=acorda%20cidade&amp;hl=pt-BR&amp;gl=BR&amp;ceid=BR%3Apt-419\"><strong><em> Google Not\u00edcias<\/em><\/strong><\/a><em> e receba os principais destaques do dia. Participe tamb\u00e9m dos nossos canais no <\/em><a href=\"https:\/\/whatsapp.com\/channel\/0029Va6Rb4v3WHTNnsh8WI3N\"><strong><em>WhatsApp<\/em><\/strong><\/a><em> e <\/em><a href=\"https:\/\/www.youtube.com\/@acordacidadenoticias\/videos\"><strong>Youtu<\/strong><\/a><\/p>\n<\/div>\n","protected":false},"excerpt":{"rendered":"<div>\n<div>\n<figure><img decoding=\"async\" src=\"https:\/\/uploads.acordacidade.com.br\/2025\/04\/RZpH8eqz-fachada_da_secretaria_de_estado_da_policia_civil_no_centro_do_rio_de_janeiro1006219442.webp\" alt=\"fachada_da_secretaria_de_estado_da_policia_civil_no_centro_do_rio_de_janeiro\"><figcaption>Foto: Tomaz Silva\/Ag\u00eancia Brasil<\/figcaption><\/figure>\n<\/div>\n<p>A opera\u00e7\u00e3o foi contra criminosos envolvidos na morte do agente da Core\u00a0Jo\u00e3o Pedro Marquini, 38 anos, na Serra da Grota Funda.<\/p><\/div>\n","protected":false},"author":1,"featured_media":82592,"comment_status":"closed","ping_status":"closed","sticky":false,"template":"","format":"gallery","meta":{"footnotes":""},"categories":[8,9,6,57,56,10],"tags":[],"class_list":["post-82591","post","type-post","status-publish","format-gallery","has-post-thumbnail","hentry","category-bahia","category-brasil","category-feira-de-santana","category-mundo","category-policia","category-politica","post_format-post-format-gallery"],"featured_image_urls":{"full":["https:\/\/noticiasbahia360.com.br\/wp-content\/uploads\/2025\/04\/RZpH8eqz-fachada_da_secretaria_de_estado_da_policia_civil_no_centro_do_rio_de_janeiro1006219442.webp",1200,718,false],"thumbnail":["https:\/\/noticiasbahia360.com.br\/wp-content\/uploads\/2025\/04\/RZpH8eqz-fachada_da_secretaria_de_estado_da_policia_civil_no_centro_do_rio_de_janeiro1006219442-150x150.webp",150,150,true],"medium":["https:\/\/noticiasbahia360.com.br\/wp-content\/uploads\/2025\/04\/RZpH8eqz-fachada_da_secretaria_de_estado_da_policia_civil_no_centro_do_rio_de_janeiro1006219442-300x180.webp",300,180,true],"medium_large":["https:\/\/noticiasbahia360.com.br\/wp-content\/uploads\/2025\/04\/RZpH8eqz-fachada_da_secretaria_de_estado_da_policia_civil_no_centro_do_rio_de_janeiro1006219442-768x460.webp",640,383,true],"large":["https:\/\/noticiasbahia360.com.br\/wp-content\/uploads\/2025\/04\/RZpH8eqz-fachada_da_secretaria_de_estado_da_policia_civil_no_centro_do_rio_de_janeiro1006219442-1024x613.webp",640,383,true],"1536x1536":["https:\/\/noticiasbahia360.com.br\/wp-content\/uploads\/2025\/04\/RZpH8eqz-fachada_da_secretaria_de_estado_da_policia_civil_no_centro_do_rio_de_janeiro1006219442.webp",1200,718,false],"2048x2048":["https:\/\/noticiasbahia360.com.br\/wp-content\/uploads\/2025\/04\/RZpH8eqz-fachada_da_secretaria_de_estado_da_policia_civil_no_centro_do_rio_de_janeiro1006219442.webp",1200,718,false],"chromenews-featured":["https:\/\/noticiasbahia360.com.br\/wp-content\/uploads\/2025\/04\/RZpH8eqz-fachada_da_secretaria_de_estado_da_policia_civil_no_centro_do_rio_de_janeiro1006219442-1024x613.webp",1024,613,true],"chromenews-large":["https:\/\/noticiasbahia360.com.br\/wp-content\/uploads\/2025\/04\/RZpH8eqz-fachada_da_secretaria_de_estado_da_policia_civil_no_centro_do_rio_de_janeiro1006219442-825x575.webp",825,575,true],"chromenews-medium":["https:\/\/noticiasbahia360.com.br\/wp-content\/uploads\/2025\/04\/RZpH8eqz-fachada_da_secretaria_de_estado_da_policia_civil_no_centro_do_rio_de_janeiro1006219442-590x410.webp",590,410,true]},"author_info":{"display_name":"noticiasbahia360.com.br","author_link":"https:\/\/noticiasbahia360.com.br\/?author=1"},"category_info":"<a href=\"https:\/\/noticiasbahia360.com.br\/?cat=8\" rel=\"category\">Bahia<\/a> <a href=\"https:\/\/noticiasbahia360.com.br\/?cat=9\" rel=\"category\">Brasil<\/a> <a href=\"https:\/\/noticiasbahia360.com.br\/?cat=6\" rel=\"category\">Feira de Santana<\/a> <a href=\"https:\/\/noticiasbahia360.com.br\/?cat=57\" rel=\"category\">Mundo<\/a> <a href=\"https:\/\/noticiasbahia360.com.br\/?cat=56\" rel=\"category\">Pol\u00edcia<\/a> <a href=\"https:\/\/noticiasbahia360.com.br\/?cat=10\" rel=\"category\">Pol\u00edtica<\/a>","tag_info":"Pol\u00edtica","comment_count":"0","_links":{"self":[{"href":"https:\/\/noticiasbahia360.com.br\/index.php?rest_route=\/wp\/v2\/posts\/82591","targetHints":{"allow":["GET"]}}],"collection":[{"href":"https:\/\/noticiasbahia360.com.br\/index.php?rest_route=\/wp\/v2\/posts"}],"about":[{"href":"https:\/\/noticiasbahia360.com.br\/index.php?rest_route=\/wp\/v2\/types\/post"}],"author":[{"embeddable":true,"href":"https:\/\/noticiasbahia360.com.br\/index.php?rest_route=\/wp\/v2\/users\/1"}],"replies":[{"embeddable":true,"href":"https:\/\/noticiasbahia360.com.br\/index.php?rest_route=%2Fwp%2Fv2%2Fcomments&post=82591"}],"version-history":[{"count":0,"href":"https:\/\/noticiasbahia360.com.br\/index.php?rest_route=\/wp\/v2\/posts\/82591\/revisions"}],"wp:featuredmedia":[{"embeddable":true,"href":"https:\/\/noticiasbahia360.com.br\/index.php?rest_route=\/wp\/v2\/media\/82592"}],"wp:attachment":[{"href":"https:\/\/noticiasbahia360.com.br\/index.php?rest_route=%2Fwp%2Fv2%2Fmedia&parent=82591"}],"wp:term":[{"taxonomy":"category","embeddable":true,"href":"https:\/\/noticiasbahia360.com.br\/index.php?rest_route=%2Fwp%2Fv2%2Fcategories&post=82591"},{"taxonomy":"post_tag","embeddable":true,"href":"https:\/\/noticiasbahia360.com.br\/index.php?rest_route=%2Fwp%2Fv2%2Ftags&post=82591"}],"curies":[{"name":"wp","href":"https:\/\/api.w.org\/{rel}","templated":true}]}}