{"id":83904,"date":"2025-04-28T16:56:31","date_gmt":"2025-04-28T19:56:31","guid":{"rendered":"https:\/\/noticiasbahia360.com.br\/?p=83904"},"modified":"2025-04-28T16:56:31","modified_gmt":"2025-04-28T19:56:31","slug":"fies-inscricoes-para-vagas-remanescentes-terminam-nesta-terca","status":"publish","type":"post","link":"https:\/\/noticiasbahia360.com.br\/?p=83904","title":{"rendered":"Fies: inscri\u00e7\u00f5es para vagas remanescentes terminam nesta ter\u00e7a"},"content":{"rendered":"<div>\n<div>\n<figure><img decoding=\"async\" src=\"http:\/\/noticiasbahia360.com.br\/wp-content\/uploads\/2025\/04\/Fies-Foto-Marcello-Casal-Jr-Agencia-Brasil-1.jpg\" alt=\"Fies\"><figcaption>Foto: Marcello Casal Jr\/ Ag\u00eancia Brasil <\/figcaption><\/figure>\n<\/div>\n<p>Termina nesta ter\u00e7a-feira (29) o prazo\u00a0para os estudantes interessados em concorrer \u00e0s vagas remanescentes do processo seletivo do Fundo de Financiamento Estudantil (Fies) se inscreverem. As vagas s\u00e3o referentes ao primeiro semestre de 2025 e s\u00e3o aquelas que n\u00e3o foram preenchidas durante as etapas regulares de sele\u00e7\u00e3o do programa federal.<img decoding=\"async\" src=\"https:\/\/agenciabrasil.ebc.com.br\/ebc.png?id=1640603&amp;o=node\"><img decoding=\"async\" src=\"https:\/\/agenciabrasil.ebc.com.br\/ebc.gif?id=1640603&amp;o=node\"><\/p>\n<p>As inscri\u00e7\u00f5es devem ser feitas exclusivamente pelo\u00a0<a href=\"https:\/\/acessounico.mec.gov.br\/fies\" target=\"_blank\" rel=\"noreferrer noopener\">Portal \u00danico de Acesso ao Ensino Superior do Fies<\/a>\u00a0do Minist\u00e9rio da Educa\u00e7\u00e3o (MEC).<\/p>\n<p>O Fies concede financiamento a estudantes para cursos de gradua\u00e7\u00e3o em institui\u00e7\u00f5es de educa\u00e7\u00e3o superior privadas que aderiram ao programa federal e t\u00eam avalia\u00e7\u00e3o positiva no Sistema Nacional de Avalia\u00e7\u00e3o da Educa\u00e7\u00e3o Superior (Sinaes).\u00a0<\/p>\n<h2 class=\"wp-block-heading\" id=\"h-quem-tem-direito\">Quem tem direito<\/h2>\n<p>Pode se inscrever no processo seletivo do Fies e do Fies Social o candidato que atenda \u00e0s seguintes condi\u00e7\u00f5es:<\/p>\n<p><strong>\u00b7\u00a0<\/strong>Ter participado do Exame Nacional do Ensino M\u00e9dio (Enem) a partir da edi\u00e7\u00e3o de 2010, com nota no exame v\u00e1lida at\u00e9 o momento anterior \u00e0 abertura das inscri\u00e7\u00f5es;<\/p>\n<p><strong>\u00b7<\/strong>\u00a0Ter obtido pontua\u00e7\u00e3o igual ou superior a 450 pontos na m\u00e9dia aritm\u00e9tica das notas alcan\u00e7adas nas cinco provas do Enem e nota superior a zero na prova de reda\u00e7\u00e3o;<\/p>\n<p><strong>\u00b7<\/strong>\u00a0N\u00e3o ter participado do referido exame como treineiro;<\/p>\n<p><strong>\u00b7\u00a0<\/strong>Ter\u00a0condi\u00e7\u00f5es de atingir a frequ\u00eancia m\u00ednima exigida para o semestre letivo referente ao primeiro semestre de 2025, no curso, turno e local de oferta da institui\u00e7\u00e3o de ensino superior onde deseja estudar.<\/p>\n<p><strong>.<\/strong>\u00a0Ter renda familiar mensal bruta\u00a0<em>per capita<\/em>\u00a0de at\u00e9 tr\u00eas sal\u00e1rios m\u00ednimos (R$ 4.554, em 2025) para o Fies;<\/p>\n<p><strong>\u00b7<\/strong>\u00a0No caso do Fies Social, inscritos no Cadastro \u00danico para Programas Sociais\u00a0do governo federal (Cad\u00danico), com renda familiar por pessoa de at\u00e9 meio sal\u00e1rio m\u00ednimo (R$ 758, em 2025).<\/p>\n<h2 class=\"wp-block-heading\" id=\"h-fies-social-e-cotas\">Fies Social e cotas<\/h2>\n<p><strong><a href=\"https:\/\/acessounico.mec.gov.br\/fies\" target=\"_blank\" rel=\"noreferrer noopener\">De acordo com o edital<\/a>, 50% das vagas remanescentes ser\u00e3o reservadas para os candidatos do Fies Social.<\/strong>\u00a0Segundo o MEC, esses candidatos ser\u00e3o identificados automaticamente, com base em dados do Cad\u00danico, fornecidos ao MEC pelo Minist\u00e9rio do Desenvolvimento e Assist\u00eancia Social, Fam\u00edlia e Combate \u00e0 Fome (MDS).<\/p>\n<p>Conforme determinam as regras do Fies Social, lan\u00e7ado em 2024, os pr\u00e9-selecionados pela modalidade poder\u00e3o solicitar a contrata\u00e7\u00e3o de financiamento de at\u00e9 100% dos encargos educacionais cobrados pelas institui\u00e7\u00f5es.<\/p>\n<p>J\u00e1 para os candidatos autodeclarados pretos, pardos, ind\u00edgenas, quilombolas e pessoas com defici\u00eancia (PCD), ser\u00e3o reservadas vagas em percentual proporcional \u00e0 popula\u00e7\u00e3o na unidade da federa\u00e7\u00e3o onde est\u00e1 instalada a institui\u00e7\u00e3o de ensino.<\/p>\n<h2 class=\"wp-block-heading\" id=\"h-validacao-de-dados\">Valida\u00e7\u00e3o de dados<\/h2>\n<p><strong>O resultado da ordem de classifica\u00e7\u00e3o e da pr\u00e9-sele\u00e7\u00e3o ser\u00e1 divulgado em 6 de maio, com chamada \u00fanica e de lista de espera.<\/strong><\/p>\n<p>Caso seja pr\u00e9-selecionado, o estudante dever\u00e1 comparecer \u00e0 institui\u00e7\u00e3o de ensino superior entre 7 e 8 de maio, no hor\u00e1rio de atendimento da institui\u00e7\u00e3o, para comprovar as informa\u00e7\u00f5es declaradas no ato da inscri\u00e7\u00e3o, como a condi\u00e7\u00e3o de defici\u00eancia ou a renda familiar mensal bruta\u00a0<em>per capita<\/em>.<\/p>\n<p>Caso a comiss\u00e3o da faculdade privada identifique inconsist\u00eancia referente \u00e0 renda familiar declarada, poder\u00e1 ser exigida documenta\u00e7\u00e3o complementar para comprova\u00e7\u00e3o.<\/p>\n<p>No caso das vagas destinadas \u00e0s pessoas com defici\u00eancia, os candidatos dever\u00e3o comprovar tal situa\u00e7\u00e3o por meio de laudo m\u00e9dico, atestando a esp\u00e9cie e o grau da defici\u00eancia com expressa refer\u00eancia ao c\u00f3digo correspondente da Classifica\u00e7\u00e3o Internacional de Doen\u00e7as (CID).\u00a0<\/p>\n<h2 class=\"wp-block-heading\" id=\"h-fies-2025\">Fies 2025<\/h2>\n<p>Em 2025, o Minist\u00e9rio da Educa\u00e7\u00e3o ofertar\u00e1 mais de 112 mil vagas para o Fies, das quais 67.301 s\u00e3o para o primeiro semestre.\u00a0As demais ser\u00e3o oferecidas no processo seletivo do segundo semestre, inclusive aquelas eventualmente n\u00e3o preenchidas ap\u00f3s o final da convoca\u00e7\u00e3o das vagas remanescentes do primeiro semestre.<\/p>\n<p><em>Siga o Acorda Cidade no<\/em><a href=\"https:\/\/news.google.com\/search?q=acorda%20cidade&amp;hl=pt-BR&amp;gl=BR&amp;ceid=BR%3Apt-419\"><strong><em>\u00a0Google Not\u00edcias<\/em><\/strong><\/a><em>\u00a0e receba os principais destaques do dia. Participe tamb\u00e9m dos nossos canais no\u00a0<\/em><a href=\"https:\/\/www.whatsapp.com\/channel\/0029Va6Rb4v3WHTNnsh8WI3N\"><strong><em>WhatsApp<\/em><\/strong><\/a><em>\u00a0e\u00a0<\/em><a href=\"https:\/\/www.youtube.com\/@acordacidadenoticias\/videos\"><strong>YouTube<\/strong><\/a><em>\u00a0e do grupo no\u00a0<\/em><a href=\"https:\/\/t.me\/+sSz0khrgARA0ZmRh\"><strong><em>Telegram<\/em><\/strong><\/a>.<\/p>\n<\/p>\n<\/div>\n","protected":false},"excerpt":{"rendered":"<div>\n<div>\n<figure><img decoding=\"async\" src=\"https:\/\/uploads.acordacidade.com.br\/wp-content\/uploads\/2024\/03\/18093604\/Fies-Foto-Marcello-Casal-Jr-Agencia-Brasil.jpg\" alt=\"Fies\"><figcaption>Foto: Marcello Casal Jr\/ Ag\u00eancia Brasil <\/figcaption><\/figure>\n<\/div>\n<p>As vagas s\u00e3o referentes ao 1\u00ba semestre de 2025 e s\u00e3o aquelas que n\u00e3o foram preenchidas durante as etapas de sele\u00e7\u00e3o do programa federal.<\/p><\/div>\n","protected":false},"author":1,"featured_media":83905,"comment_status":"closed","ping_status":"closed","sticky":false,"template":"","format":"gallery","meta":{"footnotes":""},"categories":[8,9,6,57,56,10],"tags":[],"class_list":["post-83904","post","type-post","status-publish","format-gallery","has-post-thumbnail","hentry","category-bahia","category-brasil","category-feira-de-santana","category-mundo","category-policia","category-politica","post_format-post-format-gallery"],"featured_image_urls":{"full":["https:\/\/noticiasbahia360.com.br\/wp-content\/uploads\/2025\/04\/Fies-Foto-Marcello-Casal-Jr-Agencia-Brasil-1.jpg",640,382,false],"thumbnail":["https:\/\/noticiasbahia360.com.br\/wp-content\/uploads\/2025\/04\/Fies-Foto-Marcello-Casal-Jr-Agencia-Brasil-1-150x150.jpg",150,150,true],"medium":["https:\/\/noticiasbahia360.com.br\/wp-content\/uploads\/2025\/04\/Fies-Foto-Marcello-Casal-Jr-Agencia-Brasil-1-300x179.jpg",300,179,true],"medium_large":["https:\/\/noticiasbahia360.com.br\/wp-content\/uploads\/2025\/04\/Fies-Foto-Marcello-Casal-Jr-Agencia-Brasil-1.jpg",640,382,false],"large":["https:\/\/noticiasbahia360.com.br\/wp-content\/uploads\/2025\/04\/Fies-Foto-Marcello-Casal-Jr-Agencia-Brasil-1.jpg",640,382,false],"1536x1536":["https:\/\/noticiasbahia360.com.br\/wp-content\/uploads\/2025\/04\/Fies-Foto-Marcello-Casal-Jr-Agencia-Brasil-1.jpg",640,382,false],"2048x2048":["https:\/\/noticiasbahia360.com.br\/wp-content\/uploads\/2025\/04\/Fies-Foto-Marcello-Casal-Jr-Agencia-Brasil-1.jpg",640,382,false],"chromenews-featured":["https:\/\/noticiasbahia360.com.br\/wp-content\/uploads\/2025\/04\/Fies-Foto-Marcello-Casal-Jr-Agencia-Brasil-1.jpg",640,382,false],"chromenews-large":["https:\/\/noticiasbahia360.com.br\/wp-content\/uploads\/2025\/04\/Fies-Foto-Marcello-Casal-Jr-Agencia-Brasil-1.jpg",640,382,false],"chromenews-medium":["https:\/\/noticiasbahia360.com.br\/wp-content\/uploads\/2025\/04\/Fies-Foto-Marcello-Casal-Jr-Agencia-Brasil-1-590x382.jpg",590,382,true]},"author_info":{"display_name":"noticiasbahia360.com.br","author_link":"https:\/\/noticiasbahia360.com.br\/?author=1"},"category_info":"<a href=\"https:\/\/noticiasbahia360.com.br\/?cat=8\" rel=\"category\">Bahia<\/a> <a href=\"https:\/\/noticiasbahia360.com.br\/?cat=9\" rel=\"category\">Brasil<\/a> <a href=\"https:\/\/noticiasbahia360.com.br\/?cat=6\" rel=\"category\">Feira de Santana<\/a> <a href=\"https:\/\/noticiasbahia360.com.br\/?cat=57\" rel=\"category\">Mundo<\/a> <a href=\"https:\/\/noticiasbahia360.com.br\/?cat=56\" rel=\"category\">Pol\u00edcia<\/a> <a href=\"https:\/\/noticiasbahia360.com.br\/?cat=10\" rel=\"category\">Pol\u00edtica<\/a>","tag_info":"Pol\u00edtica","comment_count":"0","_links":{"self":[{"href":"https:\/\/noticiasbahia360.com.br\/index.php?rest_route=\/wp\/v2\/posts\/83904","targetHints":{"allow":["GET"]}}],"collection":[{"href":"https:\/\/noticiasbahia360.com.br\/index.php?rest_route=\/wp\/v2\/posts"}],"about":[{"href":"https:\/\/noticiasbahia360.com.br\/index.php?rest_route=\/wp\/v2\/types\/post"}],"author":[{"embeddable":true,"href":"https:\/\/noticiasbahia360.com.br\/index.php?rest_route=\/wp\/v2\/users\/1"}],"replies":[{"embeddable":true,"href":"https:\/\/noticiasbahia360.com.br\/index.php?rest_route=%2Fwp%2Fv2%2Fcomments&post=83904"}],"version-history":[{"count":0,"href":"https:\/\/noticiasbahia360.com.br\/index.php?rest_route=\/wp\/v2\/posts\/83904\/revisions"}],"wp:featuredmedia":[{"embeddable":true,"href":"https:\/\/noticiasbahia360.com.br\/index.php?rest_route=\/wp\/v2\/media\/83905"}],"wp:attachment":[{"href":"https:\/\/noticiasbahia360.com.br\/index.php?rest_route=%2Fwp%2Fv2%2Fmedia&parent=83904"}],"wp:term":[{"taxonomy":"category","embeddable":true,"href":"https:\/\/noticiasbahia360.com.br\/index.php?rest_route=%2Fwp%2Fv2%2Fcategories&post=83904"},{"taxonomy":"post_tag","embeddable":true,"href":"https:\/\/noticiasbahia360.com.br\/index.php?rest_route=%2Fwp%2Fv2%2Ftags&post=83904"}],"curies":[{"name":"wp","href":"https:\/\/api.w.org\/{rel}","templated":true}]}}