{"id":83906,"date":"2025-04-28T17:05:45","date_gmt":"2025-04-28T20:05:45","guid":{"rendered":"https:\/\/noticiasbahia360.com.br\/?p=83906"},"modified":"2025-04-28T17:05:45","modified_gmt":"2025-04-28T20:05:45","slug":"reforco-do-bahia-de-feira-marcos-fala-sobre-chegada-e-projeta-estreia-na-segunda-divisao-baiana","status":"publish","type":"post","link":"https:\/\/noticiasbahia360.com.br\/?p=83906","title":{"rendered":"Refor\u00e7o do Bahia de Feira, Marcos fala sobre chegada e projeta estreia na Segunda Divis\u00e3o Baiana"},"content":{"rendered":"<div>\n<div>\n<figure><img decoding=\"async\" src=\"http:\/\/noticiasbahia360.com.br\/wp-content\/uploads\/2025\/04\/Reforco-do-Bahia-de-Feira-Marcos-.jpg\" alt=\"Refor\u00e7o do Bahia de Feira, Marcos\"><figcaption>Foto: Divulga\u00e7\u00e3o<\/figcaption><\/figure>\n<\/div>\n<p>O <a href=\"https:\/\/www.acordacidade.com.br\/tag\/bahia-de-feira\/\">Bahia de Feira<\/a> de Santana est\u00e1 pr\u00f3ximo de realizar sua estreia na Segunda Divis\u00e3o Baiana. Nesta quarta (30), a equipe entra em campo para enfrentar o Teixeira de Freitas \u00e0s 19h15, em casa, pela primeira rodada da competi\u00e7\u00e3o.<\/p>\n<p>Refor\u00e7o do clube para o campeonato, o goleiro Marcos falou sobre as expectativas para a primeira partida. O jogador destacou a confian\u00e7a no trabalho que vem sendo desenvolvido e projetou a busca pela vit\u00f3ria para o time j\u00e1 iniciar com o p\u00e9 direito.<\/p>\n<p>\u201cA expectativa para a estreia \u00e9 grande. Esse \u00e9 o momento em que colocamos em pr\u00e1tica tudo o que foi feito na prepara\u00e7\u00e3o. Temos confian\u00e7a no nosso trabalho e buscamos come\u00e7ar com um bom resultado. Queremos fazer valer o mando de campo e dar essa alegria ao torcedor j\u00e1 na primeira rodada\u201d, declarou.<\/p>\n<p>Marcos tamb\u00e9m ressaltou sua motiva\u00e7\u00e3o para disputar a competi\u00e7\u00e3o com o Bahia de Feira. O goleiro chegou ao clube ap\u00f3s se destacar no Campeonato Catarinense com a camisa do Santa Catarina, onde foi capit\u00e3o e fez parte da campanha que levou o time \u00e0s semifinais do Estadual.<\/p>\n<p>\u201cEstou muito motivado com esse novo desafio no Bahia de Feira. Fui muito bem recebido por todos no clube e estou me dedicando ao m\u00e1ximo nos treinos. Temos trabalhado forte diariamente para fazer uma grande campanha na competi\u00e7\u00e3o e alcan\u00e7ar o acesso, que \u00e9 o nosso foco principal\u201d, concluiu o jogador.<\/p>\n<p><em>Siga o Acorda Cidade no<\/em><a href=\"https:\/\/news.google.com\/search?q=acorda%20cidade&amp;hl=pt-BR&amp;gl=BR&amp;ceid=BR%3Apt-419\"><strong><em>\u00a0Google Not\u00edcias<\/em><\/strong><\/a><em>\u00a0e receba os principais destaques do dia. Participe tamb\u00e9m dos nossos canais no\u00a0<\/em><a href=\"https:\/\/whatsapp.com\/channel\/0029Va6Rb4v3WHTNnsh8WI3N\"><strong><em>WhatsApp<\/em><\/strong><\/a><em>\u00a0e\u00a0<\/em><a href=\"https:\/\/www.youtube.com\/@acordacidadenoticias\/videos\"><strong>Youtube<\/strong><\/a><em>\u00a0e grupo de\u00a0<\/em><a href=\"https:\/\/t.me\/+sSz0khrgARA0ZmRh\"><strong><em>Telegram<\/em><\/strong><\/a><em>.<\/em><\/p>\n<\/div>\n","protected":false},"excerpt":{"rendered":"<div>\n<div>\n<figure><img decoding=\"async\" src=\"https:\/\/uploads.acordacidade.com.br\/2025\/04\/Reforco-do-Bahia-de-Feira-Marcos-.jpg\" alt=\"Refor\u00e7o do Bahia de Feira, Marcos\"><figcaption>Foto: Divulga\u00e7\u00e3o<\/figcaption><\/figure>\n<\/div>\n<p>Goleiro \u00e9 uma das contrata\u00e7\u00f5es do Tremend\u00e3o para buscar o acesso \u00e0 elite<\/p><\/div>\n","protected":false},"author":1,"featured_media":83907,"comment_status":"closed","ping_status":"closed","sticky":false,"template":"","format":"gallery","meta":{"footnotes":""},"categories":[8,9,6,57,56,10],"tags":[],"class_list":["post-83906","post","type-post","status-publish","format-gallery","has-post-thumbnail","hentry","category-bahia","category-brasil","category-feira-de-santana","category-mundo","category-policia","category-politica","post_format-post-format-gallery"],"featured_image_urls":{"full":["https:\/\/noticiasbahia360.com.br\/wp-content\/uploads\/2025\/04\/Reforco-do-Bahia-de-Feira-Marcos-.jpg",1200,942,false],"thumbnail":["https:\/\/noticiasbahia360.com.br\/wp-content\/uploads\/2025\/04\/Reforco-do-Bahia-de-Feira-Marcos--150x150.jpg",150,150,true],"medium":["https:\/\/noticiasbahia360.com.br\/wp-content\/uploads\/2025\/04\/Reforco-do-Bahia-de-Feira-Marcos--300x236.jpg",300,236,true],"medium_large":["https:\/\/noticiasbahia360.com.br\/wp-content\/uploads\/2025\/04\/Reforco-do-Bahia-de-Feira-Marcos--768x603.jpg",640,503,true],"large":["https:\/\/noticiasbahia360.com.br\/wp-content\/uploads\/2025\/04\/Reforco-do-Bahia-de-Feira-Marcos--1024x804.jpg",640,503,true],"1536x1536":["https:\/\/noticiasbahia360.com.br\/wp-content\/uploads\/2025\/04\/Reforco-do-Bahia-de-Feira-Marcos-.jpg",1200,942,false],"2048x2048":["https:\/\/noticiasbahia360.com.br\/wp-content\/uploads\/2025\/04\/Reforco-do-Bahia-de-Feira-Marcos-.jpg",1200,942,false],"chromenews-featured":["https:\/\/noticiasbahia360.com.br\/wp-content\/uploads\/2025\/04\/Reforco-do-Bahia-de-Feira-Marcos--1024x804.jpg",1024,804,true],"chromenews-large":["https:\/\/noticiasbahia360.com.br\/wp-content\/uploads\/2025\/04\/Reforco-do-Bahia-de-Feira-Marcos--825x575.jpg",825,575,true],"chromenews-medium":["https:\/\/noticiasbahia360.com.br\/wp-content\/uploads\/2025\/04\/Reforco-do-Bahia-de-Feira-Marcos--590x410.jpg",590,410,true]},"author_info":{"display_name":"noticiasbahia360.com.br","author_link":"https:\/\/noticiasbahia360.com.br\/?author=1"},"category_info":"<a href=\"https:\/\/noticiasbahia360.com.br\/?cat=8\" rel=\"category\">Bahia<\/a> <a href=\"https:\/\/noticiasbahia360.com.br\/?cat=9\" rel=\"category\">Brasil<\/a> <a href=\"https:\/\/noticiasbahia360.com.br\/?cat=6\" rel=\"category\">Feira de Santana<\/a> <a href=\"https:\/\/noticiasbahia360.com.br\/?cat=57\" rel=\"category\">Mundo<\/a> <a href=\"https:\/\/noticiasbahia360.com.br\/?cat=56\" rel=\"category\">Pol\u00edcia<\/a> <a href=\"https:\/\/noticiasbahia360.com.br\/?cat=10\" rel=\"category\">Pol\u00edtica<\/a>","tag_info":"Pol\u00edtica","comment_count":"0","_links":{"self":[{"href":"https:\/\/noticiasbahia360.com.br\/index.php?rest_route=\/wp\/v2\/posts\/83906","targetHints":{"allow":["GET"]}}],"collection":[{"href":"https:\/\/noticiasbahia360.com.br\/index.php?rest_route=\/wp\/v2\/posts"}],"about":[{"href":"https:\/\/noticiasbahia360.com.br\/index.php?rest_route=\/wp\/v2\/types\/post"}],"author":[{"embeddable":true,"href":"https:\/\/noticiasbahia360.com.br\/index.php?rest_route=\/wp\/v2\/users\/1"}],"replies":[{"embeddable":true,"href":"https:\/\/noticiasbahia360.com.br\/index.php?rest_route=%2Fwp%2Fv2%2Fcomments&post=83906"}],"version-history":[{"count":0,"href":"https:\/\/noticiasbahia360.com.br\/index.php?rest_route=\/wp\/v2\/posts\/83906\/revisions"}],"wp:featuredmedia":[{"embeddable":true,"href":"https:\/\/noticiasbahia360.com.br\/index.php?rest_route=\/wp\/v2\/media\/83907"}],"wp:attachment":[{"href":"https:\/\/noticiasbahia360.com.br\/index.php?rest_route=%2Fwp%2Fv2%2Fmedia&parent=83906"}],"wp:term":[{"taxonomy":"category","embeddable":true,"href":"https:\/\/noticiasbahia360.com.br\/index.php?rest_route=%2Fwp%2Fv2%2Fcategories&post=83906"},{"taxonomy":"post_tag","embeddable":true,"href":"https:\/\/noticiasbahia360.com.br\/index.php?rest_route=%2Fwp%2Fv2%2Ftags&post=83906"}],"curies":[{"name":"wp","href":"https:\/\/api.w.org\/{rel}","templated":true}]}}