{"id":83908,"date":"2025-04-28T17:32:53","date_gmt":"2025-04-28T20:32:53","guid":{"rendered":"https:\/\/noticiasbahia360.com.br\/?p=83908"},"modified":"2025-04-28T17:32:53","modified_gmt":"2025-04-28T20:32:53","slug":"governo-do-estado-e-prefeitura-de-feira-de-santana-realizam-acoes-com-foco-na-prevencao-sexual-durante-a-micareta","status":"publish","type":"post","link":"https:\/\/noticiasbahia360.com.br\/?p=83908","title":{"rendered":"Governo do Estado e Prefeitura de Feira de Santana realizam a\u00e7\u00f5es com foco na preven\u00e7\u00e3o sexual durante a Micareta"},"content":{"rendered":"<div>\n<div>\n<figure><img decoding=\"async\" src=\"http:\/\/noticiasbahia360.com.br\/wp-content\/uploads\/2025\/04\/distribuicao-de-camisinhas-foto-Foto-Lucas-Falcao-Arquivo.png\" alt=\"\"><figcaption>Foto:  Lucas Falc\u00e3o<\/figcaption><\/figure>\n<\/div>\n<div class=\"wp-block-group\">\n<div class=\"wp-block-group__inner-container is-layout-constrained wp-block-group-is-layout-constrained\">\n<p>Durante os quatro dias de festa da Micareta de Feira de Santana, que acontece entre 1\u00ba e 4 de maio, o Governo do Estado assegura o cuidado, a preven\u00e7\u00e3o e o atendimento na \u00e1rea de sa\u00fade. Com investimento superior a R$ 2 milh\u00f5es, a Secretaria da Sa\u00fade do Estado (Sesab) ampliou o n\u00famero de plant\u00f5es, refor\u00e7ou unidades hospitalares e promover\u00e1 ainda a\u00e7\u00f5es de vigil\u00e2ncia, testagem e fiscaliza\u00e7\u00e3o.<\/p>\n<p>Ao todo, ser\u00e3o mobilizados 682 plant\u00f5es extras para atendimento no Hospital Geral Cl\u00e9riston Andrade e unidades de apoio, com equipes multiprofissionais preparadas para lidar com ocorr\u00eancias graves durante o per\u00edodo da folia. O Centro de Atendimento a M\u00faltiplas V\u00edtimas segue de prontid\u00e3o, com capacidade para atender at\u00e9 45 pacientes simultaneamente em caso de emerg\u00eancia de grande porte. Tamb\u00e9m ter\u00e3o equipes refor\u00e7adas durante a festa o Hospital Estadual da Crian\u00e7a (HEC), a Policl\u00ednica Regional de Sa\u00fade e a Unidade de Pronto Atendimento (UPA).<\/p>\n<p>Na \u00e1rea da preven\u00e7\u00e3o, a Sesab instalou um estande de testagem r\u00e1pida para HIV, s\u00edfilis e hepatites B e C, funcionando diariamente das 16h \u00e0s 4h na Rua Ari Barroso. A estrutura ter\u00e1 capacidade para realizar at\u00e9 mil testes por dia, com assist\u00eancia social e encaminhamento imediato para os casos positivos. Tamb\u00e9m ser\u00e3o distribu\u00eddos 500 mil preservativos, como parte da campanha educativa para preven\u00e7\u00e3o de infec\u00e7\u00f5es sexualmente transmiss\u00edveis e gravidez indesejada.<\/p>\n<p>A secret\u00e1ria estadual da sa\u00fade, Roberta Santana, destacou a import\u00e2ncia do investimento. \u201cA Micareta de Feira \u00e9 uma das maiores festas populares do Brasil e, para o Governo do Estado, sa\u00fade \u00e9 prioridade o ano inteiro. Estamos com as equipes mobilizadas, equipamentos entregues ao munic\u00edpio e uma estrutura robusta que une preven\u00e7\u00e3o, cuidado e resposta r\u00e1pida para garantir tranquilidade aos foli\u00f5es.\u201d<\/p>\n<p>A Corregedoria da Sa\u00fade tamb\u00e9m atuar\u00e1 durante a micareta, com fiscaliza\u00e7\u00f5es nas unidades e verifica\u00e7\u00e3o das escalas de trabalho, enquanto a Ouvidoria estar\u00e1 dispon\u00edvel pelo n\u00famero 0800 284 0011 para registrar manifesta\u00e7\u00f5es e avaliar a qualidade dos atendimentos.<\/p>\n<p>Al\u00e9m dos plant\u00f5es extras nas unidades da Sesab, o Governo do Estado tamb\u00e9m empreendeu esfor\u00e7os para apoiar e fortalecer a rede municipal de sa\u00fade de Feira de Santana. Com investimento de R$ 390 mil, o Estado entregou equipamentos e mobili\u00e1rios que ir\u00e3o qualificar o atendimento em dois Postos de Sa\u00fade localizados em pontos estrat\u00e9gicos da folia, na Avenida Presidente Dutra.<\/p>\n<\/div>\n<\/div>\n<h2 class=\"wp-block-heading\" id=\"h-acoes-da-prefeitura\">A\u00e7\u00f5es da prefeitura <\/h2>\n<p>Com a Micareta 2025 cada vez mais pr\u00f3xima, o refor\u00e7o do uso da camisinha se torna ainda mais importante. Al\u00e9m de prevenir a gravidez indesejada, \u00e9 tamb\u00e9m uma das principais formas de evitar infec\u00e7\u00f5es sexualmente transmiss\u00edveis (ISTs).<\/p>\n<p>Desse modo, o foli\u00e3o que vai para curtir as atra\u00e7\u00f5es musicais, mas tamb\u00e9m possui outras inten\u00e7\u00f5es, como a troca de car\u00edcias durante o embalo das bandas e cantores favoritos, devem ir para a avenida, mas sem esquecer do preservativo na bolsa ou carteira.<\/p>\n<p>Para quem deseja garantir essa preven\u00e7\u00e3o de forma gratuita, a recomenda\u00e7\u00e3o da Vigil\u00e2ncia Epidemiol\u00f3gica (VIEP) \u00e9 comparecer at\u00e9 uma unidade de sa\u00fade da rede p\u00fablica e solicitar a camisinha na recep\u00e7\u00e3o. A entrega \u00e9 feita de maneira simples e r\u00e1pida, basta sinalizar o interesse.<\/p>\n<p>O secret\u00e1rio municipal de Sa\u00fade, Rodrigo Matos, ressalta que al\u00e9m da camisinha, existe a possibilidade de realizar a Profilaxia Pr\u00e9-Exposi\u00e7\u00e3o (PrEP), que s\u00e3o comprimidos tomados antes da rela\u00e7\u00e3o sexual e preparem o organismo para combater o HIV.\u00a0<\/p>\n<p>\u201cQueremos que as pessoas entendam que trabalhar com preven\u00e7\u00e3o \u00e9 t\u00e3o importante quanto cuidar da doen\u00e7a. Os preservativos s\u00e3o entregues de forma gratuita, a pessoa s\u00f3 chega na unidade e solicita, j\u00e1 a PrEP pode ser feita no Centro de Sa\u00fade Especializada, o CSE\u201d, destacou.<\/p>\n<p>Ap\u00f3s essa ida, o sinal est\u00e1 verde para o circuito Maneca Ferreira, localizado na Avenida Presidente Dutra, onde passam as atra\u00e7\u00f5es mais desejadas pelo p\u00fablico feirense. No entanto, quando se trata da ingest\u00e3o de bebidas alco\u00f3licas, o sinal permanece amarelo,\u00a0 j\u00e1 que essa \u00e9 a principal demanda dos postos avan\u00e7ados dentro da festa.<\/p>\n<p><em>Siga o Acorda Cidade no<\/em><a href=\"https:\/\/news.google.com\/search?q=acorda%20cidade&amp;hl=pt-BR&amp;gl=BR&amp;ceid=BR%3Apt-419\"><strong><em>\u00a0Google Not\u00edcias<\/em><\/strong><\/a><em>\u00a0e receba os principais destaques do dia. Participe tamb\u00e9m dos nossos canais no\u00a0<\/em><a href=\"https:\/\/www.whatsapp.com\/channel\/0029Va6Rb4v3WHTNnsh8WI3N\"><strong><em>WhatsApp<\/em><\/strong><\/a><em>\u00a0e\u00a0<\/em><a href=\"https:\/\/www.youtube.com\/@acordacidadenoticias\/videos\"><strong>YouTube<\/strong><\/a><em>\u00a0e do grupo no\u00a0<\/em><a href=\"https:\/\/t.me\/+sSz0khrgARA0ZmRh\"><strong><em>Telegram<\/em><\/strong><\/a>.<\/p>\n<\/div>\n","protected":false},"excerpt":{"rendered":"<div>\n<div>\n<figure><img decoding=\"async\" src=\"https:\/\/uploads.acordacidade.com.br\/2025\/04\/distribuicao-de-camisinhas-foto-Foto-Lucas-Falcao-Arquivo.png\" alt=\"\"><figcaption>Foto:  Lucas Falc\u00e3o<\/figcaption><\/figure>\n<\/div>\n<p>Com investimento superior a R$ 2 milh\u00f5es, a Sesab ampliou o n\u00famero de plant\u00f5es e refor\u00e7ou unidades hospitalares.<\/p><\/div>\n","protected":false},"author":1,"featured_media":83909,"comment_status":"closed","ping_status":"closed","sticky":false,"template":"","format":"gallery","meta":{"footnotes":""},"categories":[8,9,6,57,56,10],"tags":[],"class_list":["post-83908","post","type-post","status-publish","format-gallery","has-post-thumbnail","hentry","category-bahia","category-brasil","category-feira-de-santana","category-mundo","category-policia","category-politica","post_format-post-format-gallery"],"featured_image_urls":{"full":["https:\/\/noticiasbahia360.com.br\/wp-content\/uploads\/2025\/04\/distribuicao-de-camisinhas-foto-Foto-Lucas-Falcao-Arquivo.png",1200,799,false],"thumbnail":["https:\/\/noticiasbahia360.com.br\/wp-content\/uploads\/2025\/04\/distribuicao-de-camisinhas-foto-Foto-Lucas-Falcao-Arquivo-150x150.png",150,150,true],"medium":["https:\/\/noticiasbahia360.com.br\/wp-content\/uploads\/2025\/04\/distribuicao-de-camisinhas-foto-Foto-Lucas-Falcao-Arquivo-300x200.png",300,200,true],"medium_large":["https:\/\/noticiasbahia360.com.br\/wp-content\/uploads\/2025\/04\/distribuicao-de-camisinhas-foto-Foto-Lucas-Falcao-Arquivo-768x511.png",640,426,true],"large":["https:\/\/noticiasbahia360.com.br\/wp-content\/uploads\/2025\/04\/distribuicao-de-camisinhas-foto-Foto-Lucas-Falcao-Arquivo-1024x682.png",640,426,true],"1536x1536":["https:\/\/noticiasbahia360.com.br\/wp-content\/uploads\/2025\/04\/distribuicao-de-camisinhas-foto-Foto-Lucas-Falcao-Arquivo.png",1200,799,false],"2048x2048":["https:\/\/noticiasbahia360.com.br\/wp-content\/uploads\/2025\/04\/distribuicao-de-camisinhas-foto-Foto-Lucas-Falcao-Arquivo.png",1200,799,false],"chromenews-featured":["https:\/\/noticiasbahia360.com.br\/wp-content\/uploads\/2025\/04\/distribuicao-de-camisinhas-foto-Foto-Lucas-Falcao-Arquivo-1024x682.png",1024,682,true],"chromenews-large":["https:\/\/noticiasbahia360.com.br\/wp-content\/uploads\/2025\/04\/distribuicao-de-camisinhas-foto-Foto-Lucas-Falcao-Arquivo-825x575.png",825,575,true],"chromenews-medium":["https:\/\/noticiasbahia360.com.br\/wp-content\/uploads\/2025\/04\/distribuicao-de-camisinhas-foto-Foto-Lucas-Falcao-Arquivo-590x410.png",590,410,true]},"author_info":{"display_name":"noticiasbahia360.com.br","author_link":"https:\/\/noticiasbahia360.com.br\/?author=1"},"category_info":"<a href=\"https:\/\/noticiasbahia360.com.br\/?cat=8\" rel=\"category\">Bahia<\/a> <a href=\"https:\/\/noticiasbahia360.com.br\/?cat=9\" rel=\"category\">Brasil<\/a> <a href=\"https:\/\/noticiasbahia360.com.br\/?cat=6\" rel=\"category\">Feira de Santana<\/a> <a href=\"https:\/\/noticiasbahia360.com.br\/?cat=57\" rel=\"category\">Mundo<\/a> <a href=\"https:\/\/noticiasbahia360.com.br\/?cat=56\" rel=\"category\">Pol\u00edcia<\/a> <a href=\"https:\/\/noticiasbahia360.com.br\/?cat=10\" rel=\"category\">Pol\u00edtica<\/a>","tag_info":"Pol\u00edtica","comment_count":"0","_links":{"self":[{"href":"https:\/\/noticiasbahia360.com.br\/index.php?rest_route=\/wp\/v2\/posts\/83908","targetHints":{"allow":["GET"]}}],"collection":[{"href":"https:\/\/noticiasbahia360.com.br\/index.php?rest_route=\/wp\/v2\/posts"}],"about":[{"href":"https:\/\/noticiasbahia360.com.br\/index.php?rest_route=\/wp\/v2\/types\/post"}],"author":[{"embeddable":true,"href":"https:\/\/noticiasbahia360.com.br\/index.php?rest_route=\/wp\/v2\/users\/1"}],"replies":[{"embeddable":true,"href":"https:\/\/noticiasbahia360.com.br\/index.php?rest_route=%2Fwp%2Fv2%2Fcomments&post=83908"}],"version-history":[{"count":0,"href":"https:\/\/noticiasbahia360.com.br\/index.php?rest_route=\/wp\/v2\/posts\/83908\/revisions"}],"wp:featuredmedia":[{"embeddable":true,"href":"https:\/\/noticiasbahia360.com.br\/index.php?rest_route=\/wp\/v2\/media\/83909"}],"wp:attachment":[{"href":"https:\/\/noticiasbahia360.com.br\/index.php?rest_route=%2Fwp%2Fv2%2Fmedia&parent=83908"}],"wp:term":[{"taxonomy":"category","embeddable":true,"href":"https:\/\/noticiasbahia360.com.br\/index.php?rest_route=%2Fwp%2Fv2%2Fcategories&post=83908"},{"taxonomy":"post_tag","embeddable":true,"href":"https:\/\/noticiasbahia360.com.br\/index.php?rest_route=%2Fwp%2Fv2%2Ftags&post=83908"}],"curies":[{"name":"wp","href":"https:\/\/api.w.org\/{rel}","templated":true}]}}