{"id":83910,"date":"2025-04-28T18:06:07","date_gmt":"2025-04-28T21:06:07","guid":{"rendered":"https:\/\/noticiasbahia360.com.br\/?p=83910"},"modified":"2025-04-28T18:06:07","modified_gmt":"2025-04-28T21:06:07","slug":"mulher-confessa-assassinato-de-dono-de-academia-em-feira-de-santana-ela-trabalha-como-agente-de-seguranca","status":"publish","type":"post","link":"https:\/\/noticiasbahia360.com.br\/?p=83910","title":{"rendered":"Mulher confessa assassinato de dono de academia em Feira de Santana; ela trabalha como agente de seguran\u00e7a"},"content":{"rendered":"<div>\n<div>\n<figure><img decoding=\"async\" src=\"http:\/\/noticiasbahia360.com.br\/wp-content\/uploads\/2025\/04\/Complexo-de-Delegacias-ft-ed-santos-acorda-cidade.jpg\" alt=\"Complexo de Delegacias\"><figcaption>Foto: Ed Santos\/Acorda Cidade<\/figcaption><\/figure>\n<\/div>\n<p>A <a href=\"https:\/\/www.acordacidade.com.br\/tag\/policia-civil\/\">Pol\u00edcia Civil<\/a> de Feira de Santana segue os trabalhos para elucidar mais um homic\u00eddio. A companheira de Edm\u00e1rcio Azevedo de Jesus, de 51 anos, confessou na \u00faltima sexta-feira (25), o assassinato do namorado. Segundo a pol\u00edcia, eles mantinham uma rela\u00e7\u00e3o de pelo menos dois meses.<\/p>\n<p>Edm\u00e1rcio, que tamb\u00e9m era conhecido como China e propriet\u00e1rio de uma academia na cidade, <a href=\"https:\/\/www.acordacidade.com.br\/policia\/policia-investiga-assassinato-de-dono-de-academia-no-bairro-gabriela\/\" target=\"_blank\" rel=\"noreferrer noopener\">foi morto com pelo menos quatro tiros na \u00faltima ter\u00e7a-feira (22) na sua pr\u00f3pria <strong>resid\u00eancia<\/strong>, na Avenida Lucil\u00e2ndia, no bairro Gabriela.<\/a> Os disparos atingiram a regi\u00e3o do peito da v\u00edtima.<\/p>\n<figure class=\"wp-block-image size-large\"><img fetchpriority=\"high\" data-dominant-color=\"737b80\" data-has-transparency=\"false\" style=\"--dominant-color: #737b80;\" fetchpriority=\"high\" decoding=\"async\" width=\"1024\" height=\"576\" sizes=\"(max-width: 1024px) 100vw, 1024px\" src=\"http:\/\/noticiasbahia360.com.br\/wp-content\/uploads\/2025\/04\/N4p2jKp6-Homicidio-e-registrado-no-bairro-Gabriela-1024x576-1.webp\" alt=\"Homic\u00eddio \u00e9 registrado no bairro Gabriela assassinato de dono de academia\" class=\"wp-image-524712 not-transparent\" srcset=\"https:\/\/uploads.acordacidade.com.br\/2025\/04\/N4p2jKp6-Homicidio-e-registrado-no-bairro-Gabriela-300x169.webp 300w, http:\/\/noticiasbahia360.com.br\/wp-content\/uploads\/2025\/04\/N4p2jKp6-Homicidio-e-registrado-no-bairro-Gabriela-1024x576-1.webp 1024w, https:\/\/uploads.acordacidade.com.br\/2025\/04\/N4p2jKp6-Homicidio-e-registrado-no-bairro-Gabriela-768x432.webp 768w, https:\/\/uploads.acordacidade.com.br\/2025\/04\/N4p2jKp6-Homicidio-e-registrado-no-bairro-Gabriela-150x84.webp 150w, https:\/\/uploads.acordacidade.com.br\/2025\/04\/N4p2jKp6-Homicidio-e-registrado-no-bairro-Gabriela.webp 1200w\"><figcaption class=\"wp-element-caption\">Foto: Acorda Cidade<\/figcaption><\/figure>\n<p>Em entrevista ao Acorda Cidade, o <a href=\"https:\/\/www.acordacidade.com.br\/tag\/delegado\/\">delegado<\/a> Gustavo Coutinho deu mais detalhes sobre a elucida\u00e7\u00e3o do crime. De acordo com ele, um advogado contratado pela mulher havia entrado em contato com a pol\u00edcia para apresent\u00e1-la na \u00faltima sexta (25). At\u00e9 este momento a pol\u00edcia estava ouvindo parentes e vizinhos, checando c\u00e2maras de seguran\u00e7a, mas n\u00e3o havia dado ainda a qualifica\u00e7\u00e3o da suspeita.<\/p>\n<p>\u201cNa sexta-feira \u00e0 tarde, essa mulher de 30 anos de idade compareceu. Estava chorando bastante, nervosa e passou a narrar toda a situa\u00e7\u00e3o. Ela disse que era <strong>aluna da academia<\/strong> em que o China era propriet\u00e1rio e que acabou conhecendo ele, trocaram o telefone. Na oportunidade, ela estava em processo de separa\u00e7\u00e3o com o atual companheiro. Ela estava um pouco fragilizada e acabou mantendo um <strong>relacionamento extraconjugal<\/strong> com o China.\u201d<\/p>\n<p>Segundo o delegado, durante os dois meses, o casal teve entre quatro a cinco encontros, mas a mulher desistiu retornar para o antigo companheiro e que Edm\u00e1rcio n\u00e3o aceitava o antigo relacionamento.<\/p>\n<p>\u201cEla alega que o China n\u00e3o aceitou o t\u00e9rmino do relacionamento. Inclusive, <strong>amea\u00e7ou<\/strong>, fez uma chamada de v\u00eddeo, amea\u00e7ou com a <a href=\"https:\/\/www.acordacidade.com.br\/tag\/arma-de-fogo\/\">arma de fogo<\/a>. Dizendo que caso ela n\u00e3o voltasse, que iria matar ela e o companheiro dela e n\u00e3o aceitando, alegando que ela tinha enganado ele e tal. Ela, com muito medo, inclusive, o China falou que iria mostrar os sprints das conversas para as pessoas, que iria divulgar\u201d.<\/p>\n<figure class=\"wp-block-image size-large\"><img data-dominant-color=\"a98c6c\" data-has-transparency=\"false\" style=\"--dominant-color: #a98c6c;\" decoding=\"async\" width=\"853\" height=\"1024\" sizes=\"(max-width: 853px) 100vw, 853px\" src=\"http:\/\/noticiasbahia360.com.br\/wp-content\/uploads\/2025\/04\/ObpUJ5q6-Edmarcio-Azevedo-de-Jesus-853x1024-2.webp\" alt=\"Pol\u00edcia investiga assassinato de Edm\u00e1rcio Azevedo de Jesus\" class=\"wp-image-525059 not-transparent\" srcset=\"https:\/\/uploads.acordacidade.com.br\/2025\/04\/ObpUJ5q6-Edmarcio-Azevedo-de-Jesus--250x300.webp 250w, http:\/\/noticiasbahia360.com.br\/wp-content\/uploads\/2025\/04\/ObpUJ5q6-Edmarcio-Azevedo-de-Jesus-853x1024-2.webp 853w, https:\/\/uploads.acordacidade.com.br\/2025\/04\/ObpUJ5q6-Edmarcio-Azevedo-de-Jesus--768x922.webp 768w, https:\/\/uploads.acordacidade.com.br\/2025\/04\/ObpUJ5q6-Edmarcio-Azevedo-de-Jesus--150x180.webp 150w, https:\/\/uploads.acordacidade.com.br\/2025\/04\/ObpUJ5q6-Edmarcio-Azevedo-de-Jesus-.webp 1200w\"><figcaption class=\"wp-element-caption\">Edm\u00e1rcio Azevedo de Jesus, de 51 anos<\/figcaption><\/figure>\n<h2 class=\"wp-block-heading\" id=\"h-confissao-e-detalhes-do-crime\">Confiss\u00e3o e Detalhes do Crime<\/h2>\n<p>A mulher informou \u00e0 pol\u00edcia que ficou com medo e passou a ser amea\u00e7ada por Edm\u00e1rcio. Inclusive, ela informou que \u00e9 m\u00e3e de quatro crian\u00e7as e trabalha como <strong>agente de seguran\u00e7a<\/strong>. Ainda segundo informa\u00e7\u00f5es de Gustavo Coutinho, no dia 21 de abril, feriado, a mulher foi at\u00e9 a casa da v\u00edtima por volta das 20h.<\/p>\n<p>\u201cEla disse que ele tentou agarr\u00e1-la \u00e0 for\u00e7a, ela n\u00e3o queria. Queria conversar primeiro. Inclusive, amea\u00e7ou novamente com a pistola. E disse que se ela enganasse mais uma vez, que ela iria morrer naquela oportunidade. Ent\u00e3o os dois come\u00e7aram a conversar. Tomaram cerveja, tomaram vinho. Ent\u00e3o ela confirma realmente que eles ingeriram bebida alco\u00f3lica\u201d.<\/p>\n<p>No depoimento, a mulher confessa que havia levado uma por\u00e7\u00e3o de <a href=\"https:\/\/www.acordacidade.com.br\/tag\/cocaina\/\">coca\u00edna<\/a> e um comprimido de <strong>clonazepam<\/strong> e que, teria misturado as subst\u00e2ncias para sedar Edm\u00e1rcio. Depois que ele adormeceu, ela atirou nele com uma <strong>pistola calibre 380<\/strong>. A mulher justificou que ficou com medo, pois o homem amea\u00e7ou ela e os filhos.<\/p>\n<figure class=\"wp-block-image size-large\"><img data-dominant-color=\"a19d99\" data-has-transparency=\"false\" style=\"--dominant-color: #a19d99;\" decoding=\"async\" width=\"1024\" height=\"663\" sizes=\"(max-width: 1024px) 100vw, 1024px\" src=\"http:\/\/noticiasbahia360.com.br\/wp-content\/uploads\/2025\/04\/27CSSqVT-Delegado-Gustavo-Coutinho-ft-ed-santos-acorda-cidade-1024x663-1.webp\" alt=\"Delegado - Gustavo Coutinho\" class=\"wp-image-546566 not-transparent\" srcset=\"https:\/\/uploads.acordacidade.com.br\/2025\/04\/27CSSqVT-Delegado-Gustavo-Coutinho-ft-ed-santos-acorda-cidade-300x194.webp 300w, http:\/\/noticiasbahia360.com.br\/wp-content\/uploads\/2025\/04\/27CSSqVT-Delegado-Gustavo-Coutinho-ft-ed-santos-acorda-cidade-1024x663-1.webp 1024w, https:\/\/uploads.acordacidade.com.br\/2025\/04\/27CSSqVT-Delegado-Gustavo-Coutinho-ft-ed-santos-acorda-cidade-768x497.webp 768w, https:\/\/uploads.acordacidade.com.br\/2025\/04\/27CSSqVT-Delegado-Gustavo-Coutinho-ft-ed-santos-acorda-cidade-150x97.webp 150w, https:\/\/uploads.acordacidade.com.br\/2025\/04\/27CSSqVT-Delegado-Gustavo-Coutinho-ft-ed-santos-acorda-cidade.webp 1200w\"><figcaption class=\"wp-element-caption\">Delegado Gustavo Coutinho | Foto: Ed Santos\/Acorda Cidade<\/figcaption><\/figure>\n<p>\u201cEla disse que estava com muito medo e sabia que ele ia atr\u00e1s dela, dos filhos e do companheiro. Ent\u00e3o nesse momento ela disse que pegou a pistola dele e efetuou os disparos. Ela disse que depois dos disparos ficou um pouco atordoada e saiu correndo. Levou a pistola, o celular dele e tamb\u00e9m a carteira de documentos. Nenhum dos objetos foi apresentado por ela\u201d, confirmou o delegado ao Acorda Cidade.<\/p>\n<h3 class=\"wp-block-heading\">Investiga\u00e7\u00e3o em Andamento<\/h3>\n<p>A suspeita ainda disse ao delegado que teria jogado a arma e a carteira em um <a href=\"https:\/\/www.acordacidade.com.br\/tag\/terreno-baldio\/\">terreno baldio<\/a> no caminho.<\/p>\n<p>Nesta segunda-feira (28), a pol\u00edcia est\u00e1 ouvindo outras <strong>testemunhas<\/strong> para aprofundar as investiga\u00e7\u00f5es. A mulher ainda n\u00e3o foi presa. Agora, a civil segue as dilig\u00eancias para decidir se cabe um pedido de <a href=\"https:\/\/www.acordacidade.com.br\/tag\/prisao-preventiva-2\/\">pris\u00e3o preventiva<\/a> ou se ela poder\u00e1 responder em liberdade. A pol\u00edcia tem at\u00e9 30 dias para concluir o inqu\u00e9rito.<\/p>\n<p>\u201cNa conclus\u00e3o do inqu\u00e9rito, se for caso de pris\u00e3o preventiva, n\u00f3s vamos reapresentar. Ela vai aguardar o julgamento encarcerada. Mas se comprovar que ela agiu com homic\u00eddio privilegiado, pelo fato de ele estar amea\u00e7ando, tentando estuprar ela tamb\u00e9m, se comprovar essas exce\u00e7\u00f5es, possa ser que ela responda o processo em liberdade. Depende muito tamb\u00e9m do <a href=\"https:\/\/www.acordacidade.com.br\/tag\/ministerio-publico\/\">Minist\u00e9rio P\u00fablico<\/a> e da ju\u00edza avaliar essas situa\u00e7\u00f5es.\u201d<\/p>\n<p>A pol\u00edcia ainda informou que havia um <strong>rev\u00f3lver de cano longo<\/strong> no <strong>local do crime<\/strong> que tamb\u00e9m pertencia a v\u00edtima, assim como a pistola utilizada no crime, mas nenhuma delas foi encontrada.<\/p>\n<p><em>Com informa\u00e7\u00f5es do rep\u00f3rter Ed Santos do Acorda Cidade<\/em><\/p>\n<p><strong>Leia tamb\u00e9m:\u00a0<\/strong><\/p>\n<p><a href=\"https:\/\/www.acordacidade.com.br\/policia\/policia-investiga-assassinato-de-dono-de-academia-no-bairro-gabriela\/\" target=\"_blank\" rel=\"noreferrer noopener\">Pol\u00edcia investiga assassinato de dono de academia no bairro Gabriela<\/a><\/p>\n<p><a href=\"https:\/\/www.acordacidade.com.br\/policia\/homicidio-e-registrado-no-bairro-gabriela\/\">Homic\u00eddio \u00e9 registrado no bairro Gabriela<\/a><\/p>\n<p><em>Siga o Acorda Cidade no<\/em><a href=\"https:\/\/news.google.com\/search?q=acorda%20cidade&amp;hl=pt-BR&amp;gl=BR&amp;ceid=BR%3Apt-419\"><strong><em>\u00a0Google Not\u00edcias<\/em><\/strong><\/a><em>\u00a0e receba os principais destaques do dia. Participe tamb\u00e9m dos nossos canais no\u00a0<\/em><a href=\"https:\/\/www.whatsapp.com\/channel\/0029Va6Rb4v3WHTNnsh8WI3N\"><strong><em>WhatsApp<\/em><\/strong><\/a><em>\u00a0e\u00a0<\/em><a href=\"https:\/\/www.youtube.com\/@acordacidadenoticias\/videos\"><strong>YouTube<\/strong><\/a><em>\u00a0e do grupo no\u00a0<\/em><a href=\"https:\/\/t.me\/+sSz0khrgARA0ZmRh\"><strong><em>Telegram<\/em><\/strong><\/a><em>.<\/em><\/p>\n<\/div>\n","protected":false},"excerpt":{"rendered":"<div>\n<div>\n<figure><img decoding=\"async\" src=\"https:\/\/uploads.acordacidade.com.br\/2025\/01\/Complexo-de-Delegacias-ft-ed-santos-acorda-cidade.jpg\" alt=\"Complexo de Delegacias\"><figcaption>Foto: Ed Santos\/Acorda Cidade<\/figcaption><\/figure>\n<\/div>\n<p>A v\u00edtima foi morta com pelo menos quatro tiros na sua pr\u00f3pria resid\u00eancia, na Avenida Lucil\u00e2ndia, no bairro Gabriela.<\/p><\/div>\n","protected":false},"author":1,"featured_media":83911,"comment_status":"closed","ping_status":"closed","sticky":false,"template":"","format":"gallery","meta":{"footnotes":""},"categories":[8,9,6,57,56,10],"tags":[],"class_list":["post-83910","post","type-post","status-publish","format-gallery","has-post-thumbnail","hentry","category-bahia","category-brasil","category-feira-de-santana","category-mundo","category-policia","category-politica","post_format-post-format-gallery"],"featured_image_urls":{"full":["https:\/\/noticiasbahia360.com.br\/wp-content\/uploads\/2025\/04\/Complexo-de-Delegacias-ft-ed-santos-acorda-cidade.jpg",640,419,false],"thumbnail":["https:\/\/noticiasbahia360.com.br\/wp-content\/uploads\/2025\/04\/Complexo-de-Delegacias-ft-ed-santos-acorda-cidade-150x150.jpg",150,150,true],"medium":["https:\/\/noticiasbahia360.com.br\/wp-content\/uploads\/2025\/04\/Complexo-de-Delegacias-ft-ed-santos-acorda-cidade-300x196.jpg",300,196,true],"medium_large":["https:\/\/noticiasbahia360.com.br\/wp-content\/uploads\/2025\/04\/Complexo-de-Delegacias-ft-ed-santos-acorda-cidade.jpg",640,419,false],"large":["https:\/\/noticiasbahia360.com.br\/wp-content\/uploads\/2025\/04\/Complexo-de-Delegacias-ft-ed-santos-acorda-cidade.jpg",640,419,false],"1536x1536":["https:\/\/noticiasbahia360.com.br\/wp-content\/uploads\/2025\/04\/Complexo-de-Delegacias-ft-ed-santos-acorda-cidade.jpg",640,419,false],"2048x2048":["https:\/\/noticiasbahia360.com.br\/wp-content\/uploads\/2025\/04\/Complexo-de-Delegacias-ft-ed-santos-acorda-cidade.jpg",640,419,false],"chromenews-featured":["https:\/\/noticiasbahia360.com.br\/wp-content\/uploads\/2025\/04\/Complexo-de-Delegacias-ft-ed-santos-acorda-cidade.jpg",640,419,false],"chromenews-large":["https:\/\/noticiasbahia360.com.br\/wp-content\/uploads\/2025\/04\/Complexo-de-Delegacias-ft-ed-santos-acorda-cidade.jpg",640,419,false],"chromenews-medium":["https:\/\/noticiasbahia360.com.br\/wp-content\/uploads\/2025\/04\/Complexo-de-Delegacias-ft-ed-santos-acorda-cidade-590x410.jpg",590,410,true]},"author_info":{"display_name":"noticiasbahia360.com.br","author_link":"https:\/\/noticiasbahia360.com.br\/?author=1"},"category_info":"<a href=\"https:\/\/noticiasbahia360.com.br\/?cat=8\" rel=\"category\">Bahia<\/a> <a href=\"https:\/\/noticiasbahia360.com.br\/?cat=9\" rel=\"category\">Brasil<\/a> <a href=\"https:\/\/noticiasbahia360.com.br\/?cat=6\" rel=\"category\">Feira de Santana<\/a> <a href=\"https:\/\/noticiasbahia360.com.br\/?cat=57\" rel=\"category\">Mundo<\/a> <a href=\"https:\/\/noticiasbahia360.com.br\/?cat=56\" rel=\"category\">Pol\u00edcia<\/a> <a href=\"https:\/\/noticiasbahia360.com.br\/?cat=10\" rel=\"category\">Pol\u00edtica<\/a>","tag_info":"Pol\u00edtica","comment_count":"0","_links":{"self":[{"href":"https:\/\/noticiasbahia360.com.br\/index.php?rest_route=\/wp\/v2\/posts\/83910","targetHints":{"allow":["GET"]}}],"collection":[{"href":"https:\/\/noticiasbahia360.com.br\/index.php?rest_route=\/wp\/v2\/posts"}],"about":[{"href":"https:\/\/noticiasbahia360.com.br\/index.php?rest_route=\/wp\/v2\/types\/post"}],"author":[{"embeddable":true,"href":"https:\/\/noticiasbahia360.com.br\/index.php?rest_route=\/wp\/v2\/users\/1"}],"replies":[{"embeddable":true,"href":"https:\/\/noticiasbahia360.com.br\/index.php?rest_route=%2Fwp%2Fv2%2Fcomments&post=83910"}],"version-history":[{"count":0,"href":"https:\/\/noticiasbahia360.com.br\/index.php?rest_route=\/wp\/v2\/posts\/83910\/revisions"}],"wp:featuredmedia":[{"embeddable":true,"href":"https:\/\/noticiasbahia360.com.br\/index.php?rest_route=\/wp\/v2\/media\/83911"}],"wp:attachment":[{"href":"https:\/\/noticiasbahia360.com.br\/index.php?rest_route=%2Fwp%2Fv2%2Fmedia&parent=83910"}],"wp:term":[{"taxonomy":"category","embeddable":true,"href":"https:\/\/noticiasbahia360.com.br\/index.php?rest_route=%2Fwp%2Fv2%2Fcategories&post=83910"},{"taxonomy":"post_tag","embeddable":true,"href":"https:\/\/noticiasbahia360.com.br\/index.php?rest_route=%2Fwp%2Fv2%2Ftags&post=83910"}],"curies":[{"name":"wp","href":"https:\/\/api.w.org\/{rel}","templated":true}]}}