{"id":83915,"date":"2025-04-28T18:14:06","date_gmt":"2025-04-28T21:14:06","guid":{"rendered":"https:\/\/noticiasbahia360.com.br\/?p=83915"},"modified":"2025-04-28T18:14:06","modified_gmt":"2025-04-28T21:14:06","slug":"370-profissionais-farao-a-limpeza-e-higienizacao-do-circuito-maneca-ferreira","status":"publish","type":"post","link":"https:\/\/noticiasbahia360.com.br\/?p=83915","title":{"rendered":"370 profissionais far\u00e3o a limpeza e higieniza\u00e7\u00e3o do Circuito Maneca Ferreira"},"content":{"rendered":"<div>\n<div>\n<figure><img decoding=\"async\" src=\"http:\/\/noticiasbahia360.com.br\/wp-content\/uploads\/2025\/04\/370-profissionais-farao-a-limpeza-e-higienizacao-do-Circuito-Maneca-Ferreira.jpg\" alt=\"370 profissionais far\u00e3o a limpeza e higieniza\u00e7\u00e3o do Circuito Maneca Ferreira\"><figcaption>Foto: Secom<\/figcaption><\/figure>\n<\/div>\n<p>A Secretaria de Servi\u00e7os P\u00fablicos de Feira de Santana escalou 370 profissionais, entre garis, motoristas, fiscais, entre outros, para trabalhar na limpeza do Circuito Maneca Ferreira, durante a <a href=\"https:\/\/www.acordacidade.com.br\/tag\/micareta-de-feira-2025\/\">Micareta<\/a>, que ser\u00e1 aberta oficialmente nesta quinta-feira, 1\u00ba de maio. <a href=\"https:\/\/www.acordacidade.com.br\/tag\/bell-marques\/\">Bell Marques<\/a> ser\u00e1 a primeira atra\u00e7\u00e3o da festa.<\/p>\n<p>Todos os dias, os trabalhadores iniciar\u00e3o a limpeza profunda do circuito nas primeiras horas da manh\u00e3, logo depois. O objetivo \u00e9 que os primeiros foli\u00f5es que chegarem ao local encontrem o circuito limpo e higienizado.<\/p>\n<p>Al\u00e9m da retirada dos res\u00edduos descartados pelos foli\u00f5es na noite anterior, os agentes usar\u00e3o produtos que deixar\u00e3o o local cheiroso. Para tanto, ser\u00e3o usados mil litros de detergente concentrado, 1,5 mil litros de inibidor de odores e 1,5 mil litros de aromatizantes.<\/p>\n<p>A expectativa \u00e9 de que sejam usados 200 mil litros de \u00e1gua. Oito ruas transversais, usadas como acesso ao circuito, tamb\u00e9m receber\u00e3o aten\u00e7\u00e3o especial da equipe de limpeza durante o per\u00edodo festivo.<\/p>\n<p>Tr\u00eas caminh\u00f5es-pipa ser\u00e3o usados no transporte da \u00e1gua e quatro caminh\u00f5es ser\u00e3o utilizados na coleta do lixo, mais quatro ca\u00e7ambas, dois caminh\u00f5es-ba\u00fas ou com carroceria e outros sete autom\u00f3veis formar\u00e3o a frota que vai ser usada pelos funcion\u00e1rios da Sesp.<\/p>\n<p>A secretaria vai montar tr\u00eas centros de coleta seletiva, que v\u00e3o facilitar o trabalho de vendedores e compradores de latinhas de alum\u00ednio e outros recicl\u00e1veis. Essa coleta significa renda extra para centenas de pessoas.<\/p>\n<p><em>Siga o Acorda Cidade no<\/em><a href=\"https:\/\/news.google.com\/search?q=acorda%20cidade&amp;hl=pt-BR&amp;gl=BR&amp;ceid=BR%3Apt-419\"><strong><em>\u00a0Google Not\u00edcias<\/em><\/strong><\/a><em>\u00a0e receba os principais destaques do dia. Participe tamb\u00e9m dos nossos canais no\u00a0<\/em><a href=\"https:\/\/whatsapp.com\/channel\/0029Va6Rb4v3WHTNnsh8WI3N\"><strong><em>WhatsApp<\/em><\/strong><\/a><em>\u00a0e\u00a0<\/em><a href=\"https:\/\/www.youtube.com\/@acordacidadenoticias\/videos\"><strong>Youtube<\/strong><\/a><em>\u00a0e grupo de\u00a0<\/em><a href=\"https:\/\/t.me\/+sSz0khrgARA0ZmRh\"><strong><em>Telegram<\/em><\/strong><\/a><em>.<\/em><\/p>\n<\/div>\n","protected":false},"excerpt":{"rendered":"<div>\n<div>\n<figure><img decoding=\"async\" src=\"https:\/\/uploads.acordacidade.com.br\/2025\/04\/370-profissionais-farao-a-limpeza-e-higienizacao-do-Circuito-Maneca-Ferreira.jpg\" alt=\"370 profissionais far\u00e3o a limpeza e higieniza\u00e7\u00e3o do Circuito Maneca Ferreira\"><figcaption>Foto: Secom<\/figcaption><\/figure>\n<\/div>\n<p>O objetivo \u00e9 que os primeiros foli\u00f5es que chegarem ao local encontrem o circuito limpo e higienizado<\/p><\/div>\n","protected":false},"author":1,"featured_media":83916,"comment_status":"closed","ping_status":"closed","sticky":false,"template":"","format":"gallery","meta":{"footnotes":""},"categories":[8,9,6,57,56,10],"tags":[],"class_list":["post-83915","post","type-post","status-publish","format-gallery","has-post-thumbnail","hentry","category-bahia","category-brasil","category-feira-de-santana","category-mundo","category-policia","category-politica","post_format-post-format-gallery"],"featured_image_urls":{"full":["https:\/\/noticiasbahia360.com.br\/wp-content\/uploads\/2025\/04\/370-profissionais-farao-a-limpeza-e-higienizacao-do-Circuito-Maneca-Ferreira.jpg",1200,799,false],"thumbnail":["https:\/\/noticiasbahia360.com.br\/wp-content\/uploads\/2025\/04\/370-profissionais-farao-a-limpeza-e-higienizacao-do-Circuito-Maneca-Ferreira-150x150.jpg",150,150,true],"medium":["https:\/\/noticiasbahia360.com.br\/wp-content\/uploads\/2025\/04\/370-profissionais-farao-a-limpeza-e-higienizacao-do-Circuito-Maneca-Ferreira-300x200.jpg",300,200,true],"medium_large":["https:\/\/noticiasbahia360.com.br\/wp-content\/uploads\/2025\/04\/370-profissionais-farao-a-limpeza-e-higienizacao-do-Circuito-Maneca-Ferreira-768x511.jpg",640,426,true],"large":["https:\/\/noticiasbahia360.com.br\/wp-content\/uploads\/2025\/04\/370-profissionais-farao-a-limpeza-e-higienizacao-do-Circuito-Maneca-Ferreira-1024x682.jpg",640,426,true],"1536x1536":["https:\/\/noticiasbahia360.com.br\/wp-content\/uploads\/2025\/04\/370-profissionais-farao-a-limpeza-e-higienizacao-do-Circuito-Maneca-Ferreira.jpg",1200,799,false],"2048x2048":["https:\/\/noticiasbahia360.com.br\/wp-content\/uploads\/2025\/04\/370-profissionais-farao-a-limpeza-e-higienizacao-do-Circuito-Maneca-Ferreira.jpg",1200,799,false],"chromenews-featured":["https:\/\/noticiasbahia360.com.br\/wp-content\/uploads\/2025\/04\/370-profissionais-farao-a-limpeza-e-higienizacao-do-Circuito-Maneca-Ferreira-1024x682.jpg",1024,682,true],"chromenews-large":["https:\/\/noticiasbahia360.com.br\/wp-content\/uploads\/2025\/04\/370-profissionais-farao-a-limpeza-e-higienizacao-do-Circuito-Maneca-Ferreira-825x575.jpg",825,575,true],"chromenews-medium":["https:\/\/noticiasbahia360.com.br\/wp-content\/uploads\/2025\/04\/370-profissionais-farao-a-limpeza-e-higienizacao-do-Circuito-Maneca-Ferreira-590x410.jpg",590,410,true]},"author_info":{"display_name":"noticiasbahia360.com.br","author_link":"https:\/\/noticiasbahia360.com.br\/?author=1"},"category_info":"<a href=\"https:\/\/noticiasbahia360.com.br\/?cat=8\" rel=\"category\">Bahia<\/a> <a href=\"https:\/\/noticiasbahia360.com.br\/?cat=9\" rel=\"category\">Brasil<\/a> <a href=\"https:\/\/noticiasbahia360.com.br\/?cat=6\" rel=\"category\">Feira de Santana<\/a> <a href=\"https:\/\/noticiasbahia360.com.br\/?cat=57\" rel=\"category\">Mundo<\/a> <a href=\"https:\/\/noticiasbahia360.com.br\/?cat=56\" rel=\"category\">Pol\u00edcia<\/a> <a href=\"https:\/\/noticiasbahia360.com.br\/?cat=10\" rel=\"category\">Pol\u00edtica<\/a>","tag_info":"Pol\u00edtica","comment_count":"0","_links":{"self":[{"href":"https:\/\/noticiasbahia360.com.br\/index.php?rest_route=\/wp\/v2\/posts\/83915","targetHints":{"allow":["GET"]}}],"collection":[{"href":"https:\/\/noticiasbahia360.com.br\/index.php?rest_route=\/wp\/v2\/posts"}],"about":[{"href":"https:\/\/noticiasbahia360.com.br\/index.php?rest_route=\/wp\/v2\/types\/post"}],"author":[{"embeddable":true,"href":"https:\/\/noticiasbahia360.com.br\/index.php?rest_route=\/wp\/v2\/users\/1"}],"replies":[{"embeddable":true,"href":"https:\/\/noticiasbahia360.com.br\/index.php?rest_route=%2Fwp%2Fv2%2Fcomments&post=83915"}],"version-history":[{"count":0,"href":"https:\/\/noticiasbahia360.com.br\/index.php?rest_route=\/wp\/v2\/posts\/83915\/revisions"}],"wp:featuredmedia":[{"embeddable":true,"href":"https:\/\/noticiasbahia360.com.br\/index.php?rest_route=\/wp\/v2\/media\/83916"}],"wp:attachment":[{"href":"https:\/\/noticiasbahia360.com.br\/index.php?rest_route=%2Fwp%2Fv2%2Fmedia&parent=83915"}],"wp:term":[{"taxonomy":"category","embeddable":true,"href":"https:\/\/noticiasbahia360.com.br\/index.php?rest_route=%2Fwp%2Fv2%2Fcategories&post=83915"},{"taxonomy":"post_tag","embeddable":true,"href":"https:\/\/noticiasbahia360.com.br\/index.php?rest_route=%2Fwp%2Fv2%2Ftags&post=83915"}],"curies":[{"name":"wp","href":"https:\/\/api.w.org\/{rel}","templated":true}]}}