{"id":83917,"date":"2025-04-28T18:29:43","date_gmt":"2025-04-28T21:29:43","guid":{"rendered":"https:\/\/noticiasbahia360.com.br\/?p=83917"},"modified":"2025-04-28T18:29:43","modified_gmt":"2025-04-28T21:29:43","slug":"gestantes-contarao-com-servicos-de-saude-durante-a-micareta-de-feira-2025","status":"publish","type":"post","link":"https:\/\/noticiasbahia360.com.br\/?p=83917","title":{"rendered":"Gestantes contar\u00e3o com servi\u00e7os de sa\u00fade durante a Micareta de Feira 2025"},"content":{"rendered":"<div>\n<div>\n<figure><img decoding=\"async\" src=\"http:\/\/noticiasbahia360.com.br\/wp-content\/uploads\/2025\/04\/Gestantes-contarao-com-servicos-de-saude-durante-a-Micareta-de-Feira-2025.jpg\" alt=\"Gestantes contar\u00e3o com servi\u00e7os de sa\u00fade durante a Micareta de Feira 2025\"><figcaption>Foto: Valto Novaes &#8211; Arquivo<br \/>\n<\/figcaption><\/figure>\n<\/div>\n<p>A Prefeitura de Feira de Santana, por meio da Secretaria Municipal de Sa\u00fade (SMS) e da Funda\u00e7\u00e3o Hospitalar, preparou uma ampla estrutura de apoio para atender \u00e0s foli\u00e3s gestantes durante a <a href=\"https:\/\/www.acordacidade.com.br\/tag\/micareta-2025\/\">Micareta 2025<\/a>. O objetivo \u00e9 refor\u00e7ar a assist\u00eancia em sa\u00fade durante os dias de festa, garantindo atendimento seguro e especializado \u00e0s gestantes.<\/p>\n<p>Os servi\u00e7os estar\u00e3o dispon\u00edveis a partir da pr\u00f3xima quinta-feira (1\u00ba), seguindo at\u00e9 o domingo (4 de maio), no Posto Avan\u00e7ado de Sa\u00fade instalado no circuito Maneca Ferreira, localizado no cruzamento da avenida Presidente Dutra com a avenida Jo\u00e3o Durval Carneiro.<\/p>\n<p>Segundo a diretora-presidente da Funda\u00e7\u00e3o Hospitalar, Gilberte Lucas, a estrutura de atendimento vem sendo aprimorada a cada edi\u00e7\u00e3o da festa. \u201cEste ano, vamos oferecer suporte especializado para as gestantes que precisarem ser estabilizadas enquanto aguardam a remo\u00e7\u00e3o para o Hospital da Mulher\u201d, explicou.<\/p>\n<p>O atendimento no circuito contar\u00e1 com profissionais capacitados, incluindo obstetras, enfermeiros e t\u00e9cnicos de enfermagem. O espa\u00e7o ter\u00e1 leitos obst\u00e9tricos totalmente equipados, oferecendo cuidados imediatos para qualquer eventualidade. Al\u00e9m disso, o Hospital da Mulher estar\u00e1 de plant\u00e3o para atender as demandas mais complexas.<\/p>\n<p>\u201cEstaremos atentos \u00e0s necessidades da popula\u00e7\u00e3o durante este per\u00edodo. As escalas estar\u00e3o completas nas unidades de atendimento do munic\u00edpio e na emerg\u00eancia do Hospital da Mulher. Nossas equipes estar\u00e3o dispon\u00edveis para acolher as gr\u00e1vidas da cidade e tamb\u00e9m turistas, durante o feriado prolongado da Micareta\u201d, destacou Gilberte Lucas.<\/p>\n<p>Danilo Queir\u00f3z, diretor adjunto da Funda\u00e7\u00e3o Hospitalar e coordenador da sala de obstetr\u00edcia do posto avan\u00e7ado, ressaltou a import\u00e2ncia da iniciativa, que vem se consolidando ano ap\u00f3s ano.<\/p>\n<p>\u201cEssa \u00e9 uma experi\u00eancia positiva. N\u00f3s, profissionais da enfermagem obst\u00e9trica e neonatologia, nos preparamos para enfrentar v\u00e1rios desafios no circuito da festa, como situa\u00e7\u00f5es adversas que podem interferir no tempo habitual do trabalho de parto, a exemplo do uso de \u00e1lcool, som excessivo, estresse e riscos de empurr\u00f5es em meio \u00e0 aglomera\u00e7\u00e3o de pessoas\u201d, afirmou.<\/p>\n<p><em>Siga o Acorda Cidade no<\/em><a href=\"https:\/\/news.google.com\/search?q=acorda%20cidade&amp;hl=pt-BR&amp;gl=BR&amp;ceid=BR%3Apt-419\"><strong><em>\u00a0Google Not\u00edcias<\/em><\/strong><\/a><em>\u00a0e receba os principais destaques do dia. Participe tamb\u00e9m dos nossos canais no\u00a0<\/em><a href=\"https:\/\/whatsapp.com\/channel\/0029Va6Rb4v3WHTNnsh8WI3N\"><strong><em>WhatsApp<\/em><\/strong><\/a><em>\u00a0e\u00a0<\/em><a href=\"https:\/\/www.youtube.com\/@acordacidadenoticias\/videos\"><strong>Youtube<\/strong><\/a><em>\u00a0e grupo de\u00a0<\/em><a href=\"https:\/\/t.me\/+sSz0khrgARA0ZmRh\"><strong><em>Telegram<\/em><\/strong><\/a><em>.<\/em><\/p>\n<\/div>\n","protected":false},"excerpt":{"rendered":"<div>\n<div>\n<figure><img decoding=\"async\" src=\"https:\/\/uploads.acordacidade.com.br\/2025\/04\/Gestantes-contarao-com-servicos-de-saude-durante-a-Micareta-de-Feira-2025.jpg\" alt=\"Gestantes contar\u00e3o com servi\u00e7os de sa\u00fade durante a Micareta de Feira 2025\"><figcaption>Foto: Valto Novaes &#8211; Arquivo<br \/>\n<\/figcaption><\/figure>\n<\/div>\n<p>O atendimento no circuito contar\u00e1 com profissionais capacitados, incluindo obstetras, enfermeiros e t\u00e9cnicos de enfermagem<\/p><\/div>\n","protected":false},"author":1,"featured_media":83918,"comment_status":"closed","ping_status":"closed","sticky":false,"template":"","format":"gallery","meta":{"footnotes":""},"categories":[8,9,6,57,56,10],"tags":[],"class_list":["post-83917","post","type-post","status-publish","format-gallery","has-post-thumbnail","hentry","category-bahia","category-brasil","category-feira-de-santana","category-mundo","category-policia","category-politica","post_format-post-format-gallery"],"featured_image_urls":{"full":["https:\/\/noticiasbahia360.com.br\/wp-content\/uploads\/2025\/04\/Gestantes-contarao-com-servicos-de-saude-durante-a-Micareta-de-Feira-2025.jpg",1200,800,false],"thumbnail":["https:\/\/noticiasbahia360.com.br\/wp-content\/uploads\/2025\/04\/Gestantes-contarao-com-servicos-de-saude-durante-a-Micareta-de-Feira-2025-150x150.jpg",150,150,true],"medium":["https:\/\/noticiasbahia360.com.br\/wp-content\/uploads\/2025\/04\/Gestantes-contarao-com-servicos-de-saude-durante-a-Micareta-de-Feira-2025-300x200.jpg",300,200,true],"medium_large":["https:\/\/noticiasbahia360.com.br\/wp-content\/uploads\/2025\/04\/Gestantes-contarao-com-servicos-de-saude-durante-a-Micareta-de-Feira-2025-768x512.jpg",640,427,true],"large":["https:\/\/noticiasbahia360.com.br\/wp-content\/uploads\/2025\/04\/Gestantes-contarao-com-servicos-de-saude-durante-a-Micareta-de-Feira-2025-1024x683.jpg",640,427,true],"1536x1536":["https:\/\/noticiasbahia360.com.br\/wp-content\/uploads\/2025\/04\/Gestantes-contarao-com-servicos-de-saude-durante-a-Micareta-de-Feira-2025.jpg",1200,800,false],"2048x2048":["https:\/\/noticiasbahia360.com.br\/wp-content\/uploads\/2025\/04\/Gestantes-contarao-com-servicos-de-saude-durante-a-Micareta-de-Feira-2025.jpg",1200,800,false],"chromenews-featured":["https:\/\/noticiasbahia360.com.br\/wp-content\/uploads\/2025\/04\/Gestantes-contarao-com-servicos-de-saude-durante-a-Micareta-de-Feira-2025-1024x683.jpg",1024,683,true],"chromenews-large":["https:\/\/noticiasbahia360.com.br\/wp-content\/uploads\/2025\/04\/Gestantes-contarao-com-servicos-de-saude-durante-a-Micareta-de-Feira-2025-825x575.jpg",825,575,true],"chromenews-medium":["https:\/\/noticiasbahia360.com.br\/wp-content\/uploads\/2025\/04\/Gestantes-contarao-com-servicos-de-saude-durante-a-Micareta-de-Feira-2025-590x410.jpg",590,410,true]},"author_info":{"display_name":"noticiasbahia360.com.br","author_link":"https:\/\/noticiasbahia360.com.br\/?author=1"},"category_info":"<a href=\"https:\/\/noticiasbahia360.com.br\/?cat=8\" rel=\"category\">Bahia<\/a> <a href=\"https:\/\/noticiasbahia360.com.br\/?cat=9\" rel=\"category\">Brasil<\/a> <a href=\"https:\/\/noticiasbahia360.com.br\/?cat=6\" rel=\"category\">Feira de Santana<\/a> <a href=\"https:\/\/noticiasbahia360.com.br\/?cat=57\" rel=\"category\">Mundo<\/a> <a href=\"https:\/\/noticiasbahia360.com.br\/?cat=56\" rel=\"category\">Pol\u00edcia<\/a> <a href=\"https:\/\/noticiasbahia360.com.br\/?cat=10\" rel=\"category\">Pol\u00edtica<\/a>","tag_info":"Pol\u00edtica","comment_count":"0","_links":{"self":[{"href":"https:\/\/noticiasbahia360.com.br\/index.php?rest_route=\/wp\/v2\/posts\/83917","targetHints":{"allow":["GET"]}}],"collection":[{"href":"https:\/\/noticiasbahia360.com.br\/index.php?rest_route=\/wp\/v2\/posts"}],"about":[{"href":"https:\/\/noticiasbahia360.com.br\/index.php?rest_route=\/wp\/v2\/types\/post"}],"author":[{"embeddable":true,"href":"https:\/\/noticiasbahia360.com.br\/index.php?rest_route=\/wp\/v2\/users\/1"}],"replies":[{"embeddable":true,"href":"https:\/\/noticiasbahia360.com.br\/index.php?rest_route=%2Fwp%2Fv2%2Fcomments&post=83917"}],"version-history":[{"count":0,"href":"https:\/\/noticiasbahia360.com.br\/index.php?rest_route=\/wp\/v2\/posts\/83917\/revisions"}],"wp:featuredmedia":[{"embeddable":true,"href":"https:\/\/noticiasbahia360.com.br\/index.php?rest_route=\/wp\/v2\/media\/83918"}],"wp:attachment":[{"href":"https:\/\/noticiasbahia360.com.br\/index.php?rest_route=%2Fwp%2Fv2%2Fmedia&parent=83917"}],"wp:term":[{"taxonomy":"category","embeddable":true,"href":"https:\/\/noticiasbahia360.com.br\/index.php?rest_route=%2Fwp%2Fv2%2Fcategories&post=83917"},{"taxonomy":"post_tag","embeddable":true,"href":"https:\/\/noticiasbahia360.com.br\/index.php?rest_route=%2Fwp%2Fv2%2Ftags&post=83917"}],"curies":[{"name":"wp","href":"https:\/\/api.w.org\/{rel}","templated":true}]}} 