{"id":83919,"date":"2025-04-28T19:16:49","date_gmt":"2025-04-28T22:16:49","guid":{"rendered":"https:\/\/noticiasbahia360.com.br\/?p=83919"},"modified":"2025-04-28T19:16:49","modified_gmt":"2025-04-28T22:16:49","slug":"saude-na-folia-estruturas-sendo-finalizadas-para-acolher-o-foliao-e-trabalhador-da-micareta-2025","status":"publish","type":"post","link":"https:\/\/noticiasbahia360.com.br\/?p=83919","title":{"rendered":"Sa\u00fade na folia: estruturas sendo finalizadas para acolher o foli\u00e3o e trabalhador da Micareta 2025"},"content":{"rendered":"<div>\n<div>\n<figure><img decoding=\"async\" src=\"http:\/\/noticiasbahia360.com.br\/wp-content\/uploads\/2025\/04\/estruturas-micareta-2025.jpg\" alt=\"estruturas micareta 2025\"><figcaption>Foto: Jorge Magalh\u00e3es<\/figcaption><\/figure>\n<\/div>\n<p>A\u00e7\u00f5es planejadas v\u00e3o garantir o acesso imediato e adequado aos servi\u00e7os de sa\u00fade<br \/>A tr\u00eas dias dias para a abertura oficial da <a href=\"https:\/\/www.acordacidade.com.br\/tag\/micareta-2025\/\">Micareta 2025<\/a>, as estruturas de sa\u00fade j\u00e1 est\u00e3o finalizadas para receber os equipamentos e insumos necess\u00e1rios para atender as ocorr\u00eancias da festa. A folia come\u00e7a oficialmente nesta quinta-feira (1) e segue at\u00e9 domingo (4).<\/p>\n<p>A <a href=\"https:\/\/www.acordacidade.com.br\/tag\/prefeitura-de-feira\/\">Prefeitura de Feira<\/a> vai disponibilizar dois postos avan\u00e7ados, sendo um na Igreja Batista Avivamento Mundial, no cruzamento entre as avenidas Presidente Dutra e Jo\u00e3o Durval Carneiro, com 24 leitos, incluindo de sala vermelha (2) e de obstetr\u00edcia (2), e o outro no estacionamento da Par\u00f3quia Santo Ant\u00f4nio (Igreja dos Capuchinhos) com seis leitos \u2013 neste tamb\u00e9m ter\u00e1 um leito de Sala Vermelha.<\/p>\n<p>Nessa mega opera\u00e7\u00e3o distribu\u00edda pelo circuito Maneca Ferreira, na avenida Presidente Dutra, e circuitos paralelos, como nas pra\u00e7as da Matriz e Kalil\u00e2ndia (Pra\u00e7a Tertuliano Almeida) atuar\u00e3o um efetivo de mais 460 profissionais.<\/p>\n<p>S\u00e3o m\u00e9dicos, enfermeiros, t\u00e9cnicos de enfermagem, socorristas, motoristas, assistente social, agentes de endemias, bucomaxilofacial [profissionais respons\u00e1veis por tratar traumatismos na face e pesco\u00e7o], agentes de endemias, equipes administrativas, entre tantos outros profissionais da <a href=\"https:\/\/www.acordacidade.com.br\/tag\/secretaria-municipal-de-saude\/\">Secretaria Municipal de Sa\u00fade<\/a>, que est\u00e3o preparados para acolher o foli\u00e3o e trabalhador da Micareta assegurando a assist\u00eancia imediata e qualificada.<\/p>\n<p>\u201cNossa obriga\u00e7\u00e3o \u00e9tica, moral e profissional \u00e9 nos preparar para que todos se sintam seguros\u201d, afirmou o secret\u00e1rio municipal de Sa\u00fade, <a href=\"https:\/\/www.acordacidade.com.br\/tag\/rodrigo-matos\/\">Rodrigo Matos<\/a>, durante visita \u00e0s instala\u00e7\u00f5es na manh\u00e3 de hoje (28).<\/p>\n<p>Al\u00e9m dos postos avan\u00e7ados de pronto atendimento, a <a href=\"https:\/\/www.acordacidade.com.br\/tag\/secretaria-de-saude\/\">Secretaria de Sa\u00fade<\/a> vai disponibilizar suporte com ambul\u00e2ncias e equipes especializadas.<\/p>\n<p>De acordo com o titular da pasta, o planejamento das a\u00e7\u00f5es de sa\u00fade para a Micareta 2025 foi pensada e articulada para garantir a otimiza\u00e7\u00e3o do acesso aos primeiros socorros e a preven\u00e7\u00e3o em todos os segmentos da festa.<\/p>\n<p>\u201cTemos capacidade t\u00e9cnica e o total compromisso de levar cuidado, preven\u00e7\u00e3o e total seguran\u00e7a para o foli\u00e3o. A Prefeitura de Feira est\u00e1 trabalhando de forma ordenada com todas as secretarias envolvidas nesse sentido\u201d, destaca o secret\u00e1rio de Sa\u00fade, Rodrigo Matos.<\/p>\n<h2 class=\"wp-block-heading\" id=\"h-outros-servicos\">Outros servi\u00e7os<\/h2>\n<p>Ainda, as equipes da <a href=\"https:\/\/www.acordacidade.com.br\/tag\/vigilancia-sanitaria\/\">Vigil\u00e2ncia Sanit\u00e1ria<\/a> (Visa) v\u00e3o atuar nos com\u00e9rcios formal e informal para garantir qualidade e seguran\u00e7a dos produtos de consumo humano, enquanto os profissionais de Vigil\u00e2ncia em Sa\u00fade estar\u00e3o empenhados nas atividades de controle epidemiol\u00f3gico e de fiscaliza\u00e7\u00e3o.<\/p>\n<p>J\u00e1 o <a href=\"https:\/\/www.acordacidade.com.br\/tag\/cerest\/\">Cerest<\/a> (Centro de Refer\u00eancia Municipal em Sa\u00fade do Trabalhador) estar\u00e1 de olho nas condi\u00e7\u00f5es de sa\u00fade do trabalhador, prestando acolhimento e vigil\u00e2ncia, e combatendo o trabalho infantil.<\/p>\n<p><em>Siga o Acorda Cidade no<\/em><a href=\"https:\/\/news.google.com\/search?q=acorda%20cidade&amp;hl=pt-BR&amp;gl=BR&amp;ceid=BR%3Apt-419\"><strong><em>\u00a0Google Not\u00edcias<\/em><\/strong><\/a><em>\u00a0e receba os principais destaques do dia. Participe tamb\u00e9m dos nossos canais no\u00a0<\/em><a href=\"https:\/\/whatsapp.com\/channel\/0029Va6Rb4v3WHTNnsh8WI3N\"><strong><em>WhatsApp<\/em><\/strong><\/a><em>\u00a0e\u00a0<\/em><a href=\"https:\/\/www.youtube.com\/@acordacidadenoticias\/videos\"><strong>Youtube<\/strong><\/a><em>\u00a0e grupo de\u00a0<\/em><a href=\"https:\/\/t.me\/+sSz0khrgARA0ZmRh\"><strong><em>Telegram<\/em><\/strong><\/a><em>.<\/em><\/p>\n<\/div>\n","protected":false},"excerpt":{"rendered":"<div>\n<div>\n<figure><img decoding=\"async\" src=\"https:\/\/uploads.acordacidade.com.br\/2025\/04\/estruturas-micareta-2025.jpg\" alt=\"estruturas micareta 2025\"><figcaption>Foto: Jorge Magalh\u00e3es<\/figcaption><\/figure>\n<\/div>\n<p>A folia come\u00e7a oficialmente nesta quinta-feira (1) e segue at\u00e9 domingo (4).<\/p><\/div>\n","protected":false},"author":1,"featured_media":83920,"comment_status":"closed","ping_status":"closed","sticky":false,"template":"","format":"gallery","meta":{"footnotes":""},"categories":[8,9,6,57,56,10],"tags":[],"class_list":["post-83919","post","type-post","status-publish","format-gallery","has-post-thumbnail","hentry","category-bahia","category-brasil","category-feira-de-santana","category-mundo","category-policia","category-politica","post_format-post-format-gallery"],"featured_image_urls":{"full":["https:\/\/noticiasbahia360.com.br\/wp-content\/uploads\/2025\/04\/estruturas-micareta-2025.jpg",1200,799,false],"thumbnail":["https:\/\/noticiasbahia360.com.br\/wp-content\/uploads\/2025\/04\/estruturas-micareta-2025-150x150.jpg",150,150,true],"medium":["https:\/\/noticiasbahia360.com.br\/wp-content\/uploads\/2025\/04\/estruturas-micareta-2025-300x200.jpg",300,200,true],"medium_large":["https:\/\/noticiasbahia360.com.br\/wp-content\/uploads\/2025\/04\/estruturas-micareta-2025-768x511.jpg",640,426,true],"large":["https:\/\/noticiasbahia360.com.br\/wp-content\/uploads\/2025\/04\/estruturas-micareta-2025-1024x682.jpg",640,426,true],"1536x1536":["https:\/\/noticiasbahia360.com.br\/wp-content\/uploads\/2025\/04\/estruturas-micareta-2025.jpg",1200,799,false],"2048x2048":["https:\/\/noticiasbahia360.com.br\/wp-content\/uploads\/2025\/04\/estruturas-micareta-2025.jpg",1200,799,false],"chromenews-featured":["https:\/\/noticiasbahia360.com.br\/wp-content\/uploads\/2025\/04\/estruturas-micareta-2025-1024x682.jpg",1024,682,true],"chromenews-large":["https:\/\/noticiasbahia360.com.br\/wp-content\/uploads\/2025\/04\/estruturas-micareta-2025-825x575.jpg",825,575,true],"chromenews-medium":["https:\/\/noticiasbahia360.com.br\/wp-content\/uploads\/2025\/04\/estruturas-micareta-2025-590x410.jpg",590,410,true]},"author_info":{"display_name":"noticiasbahia360.com.br","author_link":"https:\/\/noticiasbahia360.com.br\/?author=1"},"category_info":"<a href=\"https:\/\/noticiasbahia360.com.br\/?cat=8\" rel=\"category\">Bahia<\/a> <a href=\"https:\/\/noticiasbahia360.com.br\/?cat=9\" rel=\"category\">Brasil<\/a> <a href=\"https:\/\/noticiasbahia360.com.br\/?cat=6\" rel=\"category\">Feira de Santana<\/a> <a href=\"https:\/\/noticiasbahia360.com.br\/?cat=57\" rel=\"category\">Mundo<\/a> <a href=\"https:\/\/noticiasbahia360.com.br\/?cat=56\" rel=\"category\">Pol\u00edcia<\/a> <a href=\"https:\/\/noticiasbahia360.com.br\/?cat=10\" rel=\"category\">Pol\u00edtica<\/a>","tag_info":"Pol\u00edtica","comment_count":"0","_links":{"self":[{"href":"https:\/\/noticiasbahia360.com.br\/index.php?rest_route=\/wp\/v2\/posts\/83919","targetHints":{"allow":["GET"]}}],"collection":[{"href":"https:\/\/noticiasbahia360.com.br\/index.php?rest_route=\/wp\/v2\/posts"}],"about":[{"href":"https:\/\/noticiasbahia360.com.br\/index.php?rest_route=\/wp\/v2\/types\/post"}],"author":[{"embeddable":true,"href":"https:\/\/noticiasbahia360.com.br\/index.php?rest_route=\/wp\/v2\/users\/1"}],"replies":[{"embeddable":true,"href":"https:\/\/noticiasbahia360.com.br\/index.php?rest_route=%2Fwp%2Fv2%2Fcomments&post=83919"}],"version-history":[{"count":0,"href":"https:\/\/noticiasbahia360.com.br\/index.php?rest_route=\/wp\/v2\/posts\/83919\/revisions"}],"wp:featuredmedia":[{"embeddable":true,"href":"https:\/\/noticiasbahia360.com.br\/index.php?rest_route=\/wp\/v2\/media\/83920"}],"wp:attachment":[{"href":"https:\/\/noticiasbahia360.com.br\/index.php?rest_route=%2Fwp%2Fv2%2Fmedia&parent=83919"}],"wp:term":[{"taxonomy":"category","embeddable":true,"href":"https:\/\/noticiasbahia360.com.br\/index.php?rest_route=%2Fwp%2Fv2%2Fcategories&post=83919"},{"taxonomy":"post_tag","embeddable":true,"href":"https:\/\/noticiasbahia360.com.br\/index.php?rest_route=%2Fwp%2Fv2%2Ftags&post=83919"}],"curies":[{"name":"wp","href":"https:\/\/api.w.org\/{rel}","templated":true}]}}