{"id":85064,"date":"2025-05-06T09:12:03","date_gmt":"2025-05-06T12:12:03","guid":{"rendered":"https:\/\/noticiasbahia360.com.br\/?p=85064"},"modified":"2025-05-06T09:12:03","modified_gmt":"2025-05-06T12:12:03","slug":"mostra-sesc-de-artes-em-feira-de-santana-sera-de-15-a-24-de-maio-veja-a-programacao","status":"publish","type":"post","link":"https:\/\/noticiasbahia360.com.br\/?p=85064","title":{"rendered":"Mostra Sesc de Artes em Feira de Santana ser\u00e1 de 15 a 24 de maio; veja a programa\u00e7\u00e3o"},"content":{"rendered":"<div>\n<div>\n<figure><img decoding=\"async\" src=\"http:\/\/noticiasbahia360.com.br\/wp-content\/uploads\/2025\/05\/eWIvzoRA-YAYA-MASSEMBA.webp\" alt=\"YAYA MASSEMBA\"><figcaption>Yaya Massemba | Foto: Divulga\u00e7\u00e3o<\/figcaption><\/figure>\n<\/div>\n<p>Dos dias 15 a 24 de maio, Feira de Santana recebe a 13\u00aa edi\u00e7\u00e3o da <a href=\"https:\/\/www.acordacidade.com.br\/tag\/mostra-sesc-de-artes\/\" target=\"_blank\" rel=\"noreferrer noopener\">Mostra Sesc de Artes<\/a> \u2013 Aldeia Olhos D\u2019\u00c1gua, com espet\u00e1culos que integram o circuito nacional do Projeto Palco Girat\u00f3rio e apresenta\u00e7\u00f5es de grupos locais. Com uma programa\u00e7\u00e3o diversa e acess\u00edvel, que contempla as mais variadas linguagens art\u00edsticas, este ano a Aldeia Olhos D\u2019\u00c1gua aborda o tema \u201cHist\u00f3rias e saberes no sert\u00e3o\u201d, levando apresenta\u00e7\u00f5es de dan\u00e7a, shows, exposi\u00e7\u00e3o e oficinas ao Centro Cultural Sesc Feira de Santana. Os ingressos podem ser adquiridos na bilheteria da unidade ou on-line, atrav\u00e9s da plataforma Sympla.<\/p>\n<p>Na abertura da Mostra, dia 15\/5 (quinta-feira), o grupo baiano Dimenti convida o p\u00fablico para a Oficina \u201cBiblioteca de Dan\u00e7a\u201d, onde ir\u00e1 compartilhar os princ\u00edpios de cria\u00e7\u00e3o da sua obra hom\u00f4nima. A partir de mem\u00f3rias compartilhadas, ser\u00e3o elaboradas cenas curtas compostas por narra\u00e7\u00f5es e movimentos, entre outros recursos. A atividade acontece das 13h \u00e0s 17h, com classifica\u00e7\u00e3o de 16 anos. No mesmo dia, \u00e0s 19h, o grupo Ozinformais (AL) apresenta o espet\u00e1culo \u201cUmbigo\u201d, mergulhando nas influ\u00eancias do Tor\u00e9 \u2013 pr\u00e1tica sagrada dos povos ind\u00edgenas \u2013 e na pot\u00eancia do coco de roda alagoano. A classifica\u00e7\u00e3o \u00e9 livre e os ingressos custam R$10 e R$ 5.<\/p>\n<p>No dia seguinte, Ozinformais oferece uma Oficina de Coco de Roda e suas varia\u00e7\u00f5es, de 9h \u00e0s 13h, dividida em 2 partes: a primeira ministrada pelo bailarino Jal Oliveira, com foco nos movimentos de cada participante, buscando a consci\u00eancia necess\u00e1ria para o aprendizado da dan\u00e7a; e a segunda ministrada pelo bailarino Marcos Topete, focada no sapateado Trup\u00e9. No turno da tarde, de 15h \u00e0s 17h, o p\u00fablico poder\u00e1 assistir \u201cBiblioteca de Dan\u00e7a\u201d, espet\u00e1culo do grupo Dimenti no qual os artistas transformam seus corpos em \u201clivros vivos\u201d por algumas horas, para compartilhar com o p\u00fablico mem\u00f3rias ligadas a dan\u00e7as que marcaram suas vidas.<\/p>\n<p>Encerrando o segundo dia da Mostra, a cantora e compositora feirense <a href=\"https:\/\/www.acordacidade.com.br\/tag\/maria-struduth\/\"><strong>Maria Struduth<\/strong><\/a> traz para o palco do <strong>Centro Cultural Sesc<\/strong> um show em homenagem \u00e0 cultura popular, com um repert\u00f3rio vibrante que celebra a rica cultura regional. Com influ\u00eancias de samba, forr\u00f3, reggae e o samba de coco, Maria interpretar\u00e1 alguns cl\u00e1ssicos imortalizados da m\u00fasica popular brasileira nordestina, banhada pelas \u00e1guas do rec\u00f4ncavo at\u00e9 as ra\u00edzes dos terreiros de samba. Os ingressos custam R$5 e R$2,50.<\/p>\n<p>No s\u00e1bado, dia 17\/5, \u00e0s 16h, o p\u00fablico infantil ir\u00e1 se divertir com \u201cSaudades, Jo\u00e3o\u201d, um espet\u00e1culo teatral infanto-juvenil em homenagem \u00e0 cultura nordestina. O protagonista Jo\u00e3o, de 12 anos, \u00e9 transportado para um reino em que o S\u00e3o Jo\u00e3o foi proibido. O espet\u00e1culo mescla m\u00fasica, cultura nordestina e tem\u00e1ticas socialmente relevantes de forma l\u00fadica. A exposi\u00e7\u00e3o \u201cRecortes de Feira de Santana\u201d, do artista Antonio Novaes, ficar\u00e1 em exibi\u00e7\u00e3o durante todos os dias da Mostra no Foyer do Centro Cultural Sesc Feira de Santana, de 9h \u00e0s 17h, com visita\u00e7\u00e3o gratuita.<\/p>\n<h2 class=\"wp-block-heading\" id=\"h-destaques-da-programacao-cultural\">Destaques da Programa\u00e7\u00e3o Cultural<\/h2>\n<p>A linguagem cinematogr\u00e1fica tamb\u00e9m marca presen\u00e7a na Aldeia Olhos D\u2019\u00c1gua. No dia 22\/5 haver\u00e1 duas sess\u00f5es do document\u00e1rio \u201c\u00c9 d\u2019Oxum: a for\u00e7a que mora n\u2019\u00e1gua\u201d: a primeira, \u00e0s 9h30 e, a segunda, \u00e0s 14h30. O filme apresenta a cria\u00e7\u00e3o de uma das obras musicais que melhor traduz o sentimento de pertencimento identit\u00e1rio soteropolitano e baiano. Em cada verso da can\u00e7\u00e3o \u201c\u00c9 D\u2019Oxum\u201d, a rela\u00e7\u00e3o entre a natureza e o candombl\u00e9 se manifesta em aspectos culturais e simb\u00f3licos do jeito de ser baiano, presentes na mem\u00f3ria afetiva do povo, seus festejos e cren\u00e7as. <\/p>\n<p>A exibi\u00e7\u00e3o \u00e9 gratuita e tem classifica\u00e7\u00e3o livre. No mesmo dia, \u00e0s 10h e \u00e0s 15h, o artista <strong>Z\u00e9 das Congas<\/strong> apresenta a performance interativa \u201cA repercuss\u00e3o do som\u201d. A atividade re\u00fane instrumentos percussivos criados pelo luthier em seu ateli\u00ea e por alunos de projetos desenvolvidos por ele. Durante a performance, Z\u00e9 das Congas convida o p\u00fablico a tocar os instrumentos e acompanhar detalhes de seu processo de fabrica\u00e7\u00e3o.<\/p>\n<p>Em meio aos ritmos populares, no dia 23\/5, \u00e0s 18h30, \u00e9 a vez do grupo feminino Yay\u00e1 Massemba apresentar o show \u201cDe umbigo a umbigo\u201d, que re\u00fane can\u00e7\u00f5es autorais, releituras do samba de roda, samba chula e cl\u00e1ssicos do samba da Bahia. E no s\u00e1bado (24\/5), \u00e0s 17h, tem ainda o Sarau Palavra do Povo. Inspirado no poema \u2018Poetas Populares\u2019, de Ant\u00f4nio Vieira e apresentado pelo comunicador e escritor Lucas de Matos, a atividade tem configura\u00e7\u00e3o de microfone aberto, onde poetas presentes podem tamb\u00e9m compartilhar seus textos, improvisos, cord\u00e9is e leituras. Nesta arena, todas as declama\u00e7\u00f5es s\u00e3o bem-vindas e a palavra do povo \u00e9 soberana. Tamb\u00e9m no dia 24\/5, o p\u00fablico maior de 14 anos poder\u00e1 assistir ao espet\u00e1culo teatral \u201cC\u00famplices: Transgress\u00f5es de um Ricardo III\u201d, uma desconstru\u00e7\u00e3o po\u00e9tica da trag\u00e9dia shakespeariana transposta para a atualidade.<\/p>\n<p>Trata-se de uma den\u00fancia das artimanhas que o poder utiliza para se impor, um alerta aos riscos da cumplicidade com certos radicalismos. Um espet\u00e1culo onde o p\u00fablico deve permitir sentir-se como parte integrante da cria\u00e7\u00e3o teatral, que pretende inquietar a rela\u00e7\u00e3o entre espectador e ator e refletir sobre a arte e o teatro como objeto de celebra\u00e7\u00e3o coletiva.<\/p>\n<h2 class=\"wp-block-heading\">Sobre a Mostra Sesc de Artes<\/h2>\n<p>As Aldeias s\u00e3o mostras de arte e cultura que t\u00eam como objetivo fomentar e difundir as diferentes express\u00f5es art\u00edsticas para todos os p\u00fablicos, ampliando o acesso da popula\u00e7\u00e3o \u00e0s artes. Durante todo o ano, o projeto Aldeias Bahia fortalece os la\u00e7os comunit\u00e1rios entre artistas e espectadores, buscando inovar e diversificar o circuito cultural brasileiro. A Mostra Sesc de Artes na Bahia acontece nas cidades de Feira de Santana, Paulo Afonso e Salvador.<\/p>\n<h3 class=\"wp-block-heading\">Programa\u00e7\u00e3o Completa<\/h3>\n<p>De 15 a 24 de maio no Centro Cultural Sesc Feira de Santana<br \/>Exposi\u00e7\u00e3o \u201cRecortes de Feira de Santana\u201d<br \/>Artista: Antonio Novaes (BA)<br \/>Quando: 15 a 24\/05 \u2013 de 9h \u00e0s 17h<br \/>Quanto: Gratuito<br \/>Oficina Biblioteca da Dan\u00e7a<br \/>Grupo Dimenti (BA)<br \/>Quando: 15\/05 \u2013 de 13h \u00e0s 17h<br \/>Quanto: Gratuito<br \/>Inscri\u00e7\u00f5es: https:\/\/forms.office.com\/r\/rXLCy6cq06<br \/>Espet\u00e1culo Umbigo<br \/>Grupo Ozinformais (AL)<br \/>Quando: 15\/5 \u2013 19h<br \/>Quanto: R$10 e R$ 5 (meia e cliente Sesc)<br \/>Oficina Umbigo<br \/>Grupo Ozinformais (AL)<br \/>Quando: 16\/5 \u2013 de 9h \u00e0s 13h<br \/>Quanto: Gratuito<br \/>Inscri\u00e7\u00f5es: https:\/\/forms.office.com\/r\/8CPv1qH808<br \/>Espet\u00e1culo Biblioteca de Dan\u00e7a<br \/>Grupo Dimenti (BA)<br \/>Quando: 16\/5 \u2013 15h<br \/>Quanto: Gratuito<br \/>Show Maria Struduth (BA)<br \/>Quando: 16\/5 \u2013 18h30<br \/>Quanto: R$5 e R$2,50 (meia e cliente Sesc)<br \/>Saudades, Jo\u00e3o \u2013 espet\u00e1culo teatral (BA)<br \/>Quando: 17\/5 \u2013 16h<br \/>Quanto: R$10 e R$ 5 (meia e cliente Sesc)<br \/>\u201c\u00c9 d\u2019Oxum: a for\u00e7a que mora n\u2019\u00e1gua\u201d \u2013 document\u00e1rio<br \/>Dire\u00e7\u00e3o: Day Sena (BA)<br \/>Quando: 22\/5 \u2013 9h30 e 14h30<br \/>Quanto: Gratuito<br \/>Dura\u00e7\u00e3o: 26 minutos<br \/>Performance \u201cA Repercuss\u00e3o do som\u201d<br \/>Artista: Z\u00e9 das Congas (BA)<br \/>Quando: 22\/5 \u2013 10h e 15h<br \/>Quanto: Gratuito<br \/>Show De Umbigo a Umbigo<br \/>Artista: Yay\u00e1 Massemba (BA)<br \/>Quando: 23\/5 \u2013 18h30<br \/>Quanto: R$5 e R$2,50 (Cliente Sesc e meia)<br \/>Sarau Palavra do Povo<br \/>Artista: Lucas de Matos (BA)<br \/>Quando: 24\/5 \u2013 17h<br \/>Quanto: Gratuito<br \/>Espet\u00e1culo C\u00famplices: Transgress\u00f5es de um Ricardo III<br \/>Grupo PIANE Apacepe e Vixe Companhia de Teatro (PE\/BA)<br \/>Quando: 24\/5 \u2013 18h30<br \/>Quanto: R$10 e R$ 5 (meia e cliente Sesc)<\/p>\n<p><em>Siga o Acorda Cidade no<\/em><a href=\"https:\/\/news.google.com\/search?q=acorda%20cidade&amp;hl=pt-BR&amp;gl=BR&amp;ceid=BR%3Apt-419\"><strong><em>\u00a0Google Not\u00edcias<\/em><\/strong><\/a><em>\u00a0e receba os principais destaques do dia. Participe tamb\u00e9m dos nossos canais no\u00a0<\/em><a href=\"https:\/\/whatsapp.com\/channel\/0029Va6Rb4v3WHTNnsh8WI3N\"><strong><em>WhatsApp<\/em><\/strong><\/a><em>\u00a0e\u00a0<\/em><a href=\"https:\/\/www.youtube.com\/@acordacidadenoticias\/videos\"><strong>YouTube<\/strong><\/a><em>\u00a0e do grupo no\u00a0<\/em><a href=\"https:\/\/t.me\/+sSz0khrgARA0ZmRh\"><strong><em>Telegram<\/em><\/strong><\/a><em>.<\/em><\/p>\n<\/div>\n","protected":false},"excerpt":{"rendered":"<div>\n<div>\n<figure><img decoding=\"async\" src=\"https:\/\/uploads.acordacidade.com.br\/2025\/05\/eWIvzoRA-YAYA-MASSEMBA.webp\" alt=\"YAYA MASSEMBA\"><figcaption>Yaya Massemba | Foto: Divulga\u00e7\u00e3o<\/figcaption><\/figure>\n<\/div>\n<p>A Mostra traz diversas programa\u00e7\u00f5es art\u00edsticas gratuitas e a pre\u00e7os acess\u00edveis.<\/p><\/div>\n","protected":false},"author":1,"featured_media":85065,"comment_status":"closed","ping_status":"closed","sticky":false,"template":"","format":"gallery","meta":{"footnotes":""},"categories":[8,9,6,57,56,10],"tags":[],"class_list":["post-85064","post","type-post","status-publish","format-gallery","has-post-thumbnail","hentry","category-bahia","category-brasil","category-feira-de-santana","category-mundo","category-policia","category-politica","post_format-post-format-gallery"],"featured_image_urls":{"full":["https:\/\/noticiasbahia360.com.br\/wp-content\/uploads\/2025\/05\/eWIvzoRA-YAYA-MASSEMBA.webp",1200,873,false],"thumbnail":["https:\/\/noticiasbahia360.com.br\/wp-content\/uploads\/2025\/05\/eWIvzoRA-YAYA-MASSEMBA-150x150.webp",150,150,true],"medium":["https:\/\/noticiasbahia360.com.br\/wp-content\/uploads\/2025\/05\/eWIvzoRA-YAYA-MASSEMBA-300x218.webp",300,218,true],"medium_large":["https:\/\/noticiasbahia360.com.br\/wp-content\/uploads\/2025\/05\/eWIvzoRA-YAYA-MASSEMBA-768x559.webp",640,466,true],"large":["https:\/\/noticiasbahia360.com.br\/wp-content\/uploads\/2025\/05\/eWIvzoRA-YAYA-MASSEMBA-1024x745.webp",640,466,true],"1536x1536":["https:\/\/noticiasbahia360.com.br\/wp-content\/uploads\/2025\/05\/eWIvzoRA-YAYA-MASSEMBA.webp",1200,873,false],"2048x2048":["https:\/\/noticiasbahia360.com.br\/wp-content\/uploads\/2025\/05\/eWIvzoRA-YAYA-MASSEMBA.webp",1200,873,false],"chromenews-featured":["https:\/\/noticiasbahia360.com.br\/wp-content\/uploads\/2025\/05\/eWIvzoRA-YAYA-MASSEMBA-1024x745.webp",1024,745,true],"chromenews-large":["https:\/\/noticiasbahia360.com.br\/wp-content\/uploads\/2025\/05\/eWIvzoRA-YAYA-MASSEMBA-825x575.webp",825,575,true],"chromenews-medium":["https:\/\/noticiasbahia360.com.br\/wp-content\/uploads\/2025\/05\/eWIvzoRA-YAYA-MASSEMBA-590x410.webp",590,410,true]},"author_info":{"display_name":"noticiasbahia360.com.br","author_link":"https:\/\/noticiasbahia360.com.br\/?author=1"},"category_info":"<a href=\"https:\/\/noticiasbahia360.com.br\/?cat=8\" rel=\"category\">Bahia<\/a> <a href=\"https:\/\/noticiasbahia360.com.br\/?cat=9\" rel=\"category\">Brasil<\/a> <a href=\"https:\/\/noticiasbahia360.com.br\/?cat=6\" rel=\"category\">Feira de Santana<\/a> <a href=\"https:\/\/noticiasbahia360.com.br\/?cat=57\" rel=\"category\">Mundo<\/a> <a href=\"https:\/\/noticiasbahia360.com.br\/?cat=56\" rel=\"category\">Pol\u00edcia<\/a> <a href=\"https:\/\/noticiasbahia360.com.br\/?cat=10\" rel=\"category\">Pol\u00edtica<\/a>","tag_info":"Pol\u00edtica","comment_count":"0","_links":{"self":[{"href":"https:\/\/noticiasbahia360.com.br\/index.php?rest_route=\/wp\/v2\/posts\/85064","targetHints":{"allow":["GET"]}}],"collection":[{"href":"https:\/\/noticiasbahia360.com.br\/index.php?rest_route=\/wp\/v2\/posts"}],"about":[{"href":"https:\/\/noticiasbahia360.com.br\/index.php?rest_route=\/wp\/v2\/types\/post"}],"author":[{"embeddable":true,"href":"https:\/\/noticiasbahia360.com.br\/index.php?rest_route=\/wp\/v2\/users\/1"}],"replies":[{"embeddable":true,"href":"https:\/\/noticiasbahia360.com.br\/index.php?rest_route=%2Fwp%2Fv2%2Fcomments&post=85064"}],"version-history":[{"count":0,"href":"https:\/\/noticiasbahia360.com.br\/index.php?rest_route=\/wp\/v2\/posts\/85064\/revisions"}],"wp:featuredmedia":[{"embeddable":true,"href":"https:\/\/noticiasbahia360.com.br\/index.php?rest_route=\/wp\/v2\/media\/85065"}],"wp:attachment":[{"href":"https:\/\/noticiasbahia360.com.br\/index.php?rest_route=%2Fwp%2Fv2%2Fmedia&parent=85064"}],"wp:term":[{"taxonomy":"category","embeddable":true,"href":"https:\/\/noticiasbahia360.com.br\/index.php?rest_route=%2Fwp%2Fv2%2Fcategories&post=85064"},{"taxonomy":"post_tag","embeddable":true,"href":"https:\/\/noticiasbahia360.com.br\/index.php?rest_route=%2Fwp%2Fv2%2Ftags&post=85064"}],"curies":[{"name":"wp","href":"https:\/\/api.w.org\/{rel}","templated":true}]}} 