{"id":85287,"date":"2025-05-07T13:29:45","date_gmt":"2025-05-07T16:29:45","guid":{"rendered":"https:\/\/noticiasbahia360.com.br\/?p=85287"},"modified":"2025-05-07T13:29:45","modified_gmt":"2025-05-07T16:29:45","slug":"feira-de-santana-no-cinema-o-tabareu-urbano-estreia-nesta-quinta-8-no-orient-cineplace-no-boulevard-shopping","status":"publish","type":"post","link":"https:\/\/noticiasbahia360.com.br\/?p=85287","title":{"rendered":"Feira de Santana no cinema: \u201cO Tabar\u00e9u Urbano\u201d estreia nesta quinta (8) no Orient Cineplace, no Boulevard Shopping"},"content":{"rendered":"<div>\n<div>\n<figure><img decoding=\"async\" src=\"http:\/\/noticiasbahia360.com.br\/wp-content\/uploads\/2025\/05\/o-tabarel-urbano-foto-divulgacao.jpg\" alt=\"carde divulga\u00e7\u00e3o\"><figcaption>Foto: Reprodu\u00e7\u00e3o <\/figcaption><\/figure>\n<\/div>\n<p>Feira de Santana recebe, nesta quinta-feira (8), a estreia oficial do document\u00e1rio \u201cO Tabar\u00e9u Urbano\u201d, no Orient Cineplace, localizado no <a href=\"https:\/\/www.acordacidade.com.br\/tag\/boulevard-shopping\/\">Boulevard Shopping<\/a>. A sess\u00e3o ser\u00e1 exibida \u00e0s 19 horas, na sala 3 do cinema. A produ\u00e7\u00e3o, que j\u00e1 vem despertando aten\u00e7\u00e3o pela sua abordagem po\u00e9tica e afetiva da mem\u00f3ria sertaneja, chega \u00e0s telas como um tributo visual \u00e0 identidade cultural do povo feirense.<\/p>\n<p>Dirigido por \u00cdcaro de Oliveira e roteirizado por Asa Filho, o longa percorre lugares simb\u00f3licos da cidade guiado pela figura do \u201ctabar\u00e9u\u201d \u2014 personagem que representa o homem do campo em meio \u00e0 urbaniza\u00e7\u00e3o crescente. Gravado em uma segunda-feira de feira livre, o filme se prop\u00f5e a capturar n\u00e3o apenas imagens, mas sentimentos e pertencimentos.<\/p>\n<p>Para Asa Filho, a estreia marca um momento especial de reconex\u00e3o com as ra\u00edzes. \u201cA ideia era revisitar a cidade com o olhar de quem nunca deixou de ser sertanejo, mesmo diante das transforma\u00e7\u00f5es do tempo. \u00c9 um filme feito com o cora\u00e7\u00e3o, para emocionar e provocar reflex\u00e3o sobre o que estamos perdendo como povo e como cultura\u201d, afirma o roteirista, que tamb\u00e9m integra o elenco.<\/p>\n<p>Al\u00e9m de Asa, participam do document\u00e1rio os atores Pedro Pond\u00e9, Psiti Mota, Wilson Arag\u00e3o, Jos\u00e9 Guedes e Valter de Souza, com participa\u00e7\u00f5es especiais de figuras populares como Dona Chica do Pandeiro e Guda da Matinha.<\/p>\n<p>A realiza\u00e7\u00e3o \u00e9 da Ateli\u00ea Filmes e da Produtora Cidade da Cultura, com apoio cultural do Laborat\u00f3rio An\u00e1lise, Maternidade Santa Em\u00edlia, Bambinos, Top\u00e1zio Ve\u00edculos, e patroc\u00ednio da Prefeitura de Feira de Santana, atrav\u00e9s do Programa Pr\u00f3-Cultura Esporte.<\/p>\n<p><em>Siga o Acorda Cidade no<\/em><a href=\"https:\/\/news.google.com\/search?q=acorda%20cidade&amp;hl=pt-BR&amp;gl=BR&amp;ceid=BR%3Apt-419\"><strong><em>\u00a0Google Not\u00edcias<\/em><\/strong><\/a><em>\u00a0e receba os principais destaques do dia. Participe tamb\u00e9m dos nossos canais no\u00a0<\/em><a href=\"https:\/\/www.whatsapp.com\/channel\/0029Va6Rb4v3WHTNnsh8WI3N\"><strong><em>WhatsApp<\/em><\/strong><\/a><em>\u00a0e\u00a0<\/em><a href=\"https:\/\/www.youtube.com\/@acordacidadenoticias\/videos\"><strong>YouTube<\/strong><\/a><em>\u00a0e do grupo no\u00a0<\/em><a href=\"https:\/\/t.me\/+sSz0khrgARA0ZmRh\"><strong><em>Telegram<\/em><\/strong><\/a><em>.<\/em><\/p>\n<\/div>\n","protected":false},"excerpt":{"rendered":"<div>\n<div>\n<figure><img decoding=\"async\" src=\"https:\/\/uploads.acordacidade.com.br\/2025\/04\/o-tabarel-urbano-foto-divulgacao.jpg\" alt=\"carde divulga\u00e7\u00e3o\"><figcaption>Foto: Reprodu\u00e7\u00e3o <\/figcaption><\/figure>\n<\/div>\n<p>A estreia promete emocionar e valorizar quem carrega no peito a ess\u00eancia de uma Feira de Santana que resiste \u00e0s transforma\u00e7\u00f5es do tempo.<\/p><\/div>\n","protected":false},"author":1,"featured_media":85288,"comment_status":"closed","ping_status":"closed","sticky":false,"template":"","format":"gallery","meta":{"footnotes":""},"categories":[8,9,6,57,56,10],"tags":[],"class_list":["post-85287","post","type-post","status-publish","format-gallery","has-post-thumbnail","hentry","category-bahia","category-brasil","category-feira-de-santana","category-mundo","category-policia","category-politica","post_format-post-format-gallery"],"featured_image_urls":{"full":["https:\/\/noticiasbahia360.com.br\/wp-content\/uploads\/2025\/05\/o-tabarel-urbano-foto-divulgacao.jpg",1200,675,false],"thumbnail":["https:\/\/noticiasbahia360.com.br\/wp-content\/uploads\/2025\/05\/o-tabarel-urbano-foto-divulgacao-150x150.jpg",150,150,true],"medium":["https:\/\/noticiasbahia360.com.br\/wp-content\/uploads\/2025\/05\/o-tabarel-urbano-foto-divulgacao-300x169.jpg",300,169,true],"medium_large":["https:\/\/noticiasbahia360.com.br\/wp-content\/uploads\/2025\/05\/o-tabarel-urbano-foto-divulgacao-768x432.jpg",640,360,true],"large":["https:\/\/noticiasbahia360.com.br\/wp-content\/uploads\/2025\/05\/o-tabarel-urbano-foto-divulgacao-1024x576.jpg",640,360,true],"1536x1536":["https:\/\/noticiasbahia360.com.br\/wp-content\/uploads\/2025\/05\/o-tabarel-urbano-foto-divulgacao.jpg",1200,675,false],"2048x2048":["https:\/\/noticiasbahia360.com.br\/wp-content\/uploads\/2025\/05\/o-tabarel-urbano-foto-divulgacao.jpg",1200,675,false],"chromenews-featured":["https:\/\/noticiasbahia360.com.br\/wp-content\/uploads\/2025\/05\/o-tabarel-urbano-foto-divulgacao-1024x576.jpg",1024,576,true],"chromenews-large":["https:\/\/noticiasbahia360.com.br\/wp-content\/uploads\/2025\/05\/o-tabarel-urbano-foto-divulgacao-825x575.jpg",825,575,true],"chromenews-medium":["https:\/\/noticiasbahia360.com.br\/wp-content\/uploads\/2025\/05\/o-tabarel-urbano-foto-divulgacao-590x410.jpg",590,410,true]},"author_info":{"display_name":"noticiasbahia360.com.br","author_link":"https:\/\/noticiasbahia360.com.br\/?author=1"},"category_info":"<a href=\"https:\/\/noticiasbahia360.com.br\/?cat=8\" rel=\"category\">Bahia<\/a> <a href=\"https:\/\/noticiasbahia360.com.br\/?cat=9\" rel=\"category\">Brasil<\/a> <a href=\"https:\/\/noticiasbahia360.com.br\/?cat=6\" rel=\"category\">Feira de Santana<\/a> <a href=\"https:\/\/noticiasbahia360.com.br\/?cat=57\" rel=\"category\">Mundo<\/a> <a href=\"https:\/\/noticiasbahia360.com.br\/?cat=56\" rel=\"category\">Pol\u00edcia<\/a> <a href=\"https:\/\/noticiasbahia360.com.br\/?cat=10\" rel=\"category\">Pol\u00edtica<\/a>","tag_info":"Pol\u00edtica","comment_count":"0","_links":{"self":[{"href":"https:\/\/noticiasbahia360.com.br\/index.php?rest_route=\/wp\/v2\/posts\/85287","targetHints":{"allow":["GET"]}}],"collection":[{"href":"https:\/\/noticiasbahia360.com.br\/index.php?rest_route=\/wp\/v2\/posts"}],"about":[{"href":"https:\/\/noticiasbahia360.com.br\/index.php?rest_route=\/wp\/v2\/types\/post"}],"author":[{"embeddable":true,"href":"https:\/\/noticiasbahia360.com.br\/index.php?rest_route=\/wp\/v2\/users\/1"}],"replies":[{"embeddable":true,"href":"https:\/\/noticiasbahia360.com.br\/index.php?rest_route=%2Fwp%2Fv2%2Fcomments&post=85287"}],"version-history":[{"count":0,"href":"https:\/\/noticiasbahia360.com.br\/index.php?rest_route=\/wp\/v2\/posts\/85287\/revisions"}],"wp:featuredmedia":[{"embeddable":true,"href":"https:\/\/noticiasbahia360.com.br\/index.php?rest_route=\/wp\/v2\/media\/85288"}],"wp:attachment":[{"href":"https:\/\/noticiasbahia360.com.br\/index.php?rest_route=%2Fwp%2Fv2%2Fmedia&parent=85287"}],"wp:term":[{"taxonomy":"category","embeddable":true,"href":"https:\/\/noticiasbahia360.com.br\/index.php?rest_route=%2Fwp%2Fv2%2Fcategories&post=85287"},{"taxonomy":"post_tag","embeddable":true,"href":"https:\/\/noticiasbahia360.com.br\/index.php?rest_route=%2Fwp%2Fv2%2Ftags&post=85287"}],"curies":[{"name":"wp","href":"https:\/\/api.w.org\/{rel}","templated":true}]}} 