{"id":85293,"date":"2025-05-07T13:44:53","date_gmt":"2025-05-07T16:44:53","guid":{"rendered":"https:\/\/noticiasbahia360.com.br\/?p=85293"},"modified":"2025-05-07T13:44:53","modified_gmt":"2025-05-07T16:44:53","slug":"aproximacao-de-jose-ronaldo-com-jeronimo-reacende-rumores-de-alianca-politica","status":"publish","type":"post","link":"https:\/\/noticiasbahia360.com.br\/?p=85293","title":{"rendered":"Aproxima\u00e7\u00e3o de Jos\u00e9 Ronaldo com Jer\u00f4nimo reacende rumores de alian\u00e7a pol\u00edtica"},"content":{"rendered":"<div>\n<div>\n<figure><img decoding=\"async\" src=\"http:\/\/noticiasbahia360.com.br\/wp-content\/uploads\/2025\/05\/Jose-ROnaldo-e-Jeronimo-rodrigues-em-evento-foto-Ney-Silva.jpg\" alt=\"Jos\u00e9 ROnaldo e Jer\u00f4nimo rodrigues - em evento - foto - Ney Silva\"><figcaption>Foto: Ney Silva\/Acorda Cidade<\/figcaption><\/figure>\n<\/div>\n<p>Durante a segunda edi\u00e7\u00e3o do Semin\u00e1rio em Gest\u00e3o de Turismo da Bahia, realizada nesta quarta-feira (7), no Centro de Conven\u00e7\u00f5es de Feira de Santana, um flagrante chamou aten\u00e7\u00e3o nos bastidores pol\u00edticos. <\/p>\n<p>Em meio ao evento, o rep\u00f3rter Ney Silva registrou um momento de conversa aproximada entre o prefeito de Feira de Santana, Jos\u00e9 Ronaldo, e o governador da Bahia, Jer\u00f4nimo Rodrigues.<\/p>\n<p>Sentados lado a lado, os dois trocaram sorrisos e engataram um papo que pareceu ir al\u00e9m da simples formalidade institucional.   A cena, claro, acendeu o alerta nos corredores da pol\u00edtica baiana. Alguns apostam que se trata apenas de uma rela\u00e7\u00e3o cordial entre autoridades que j\u00e1 estavam pr\u00f3ximas antes da Micareta. Outros, por\u00e9m, acreditam que h\u00e1 articula\u00e7\u00f5es em curso para que Jos\u00e9 Ronaldo se aproxime ou at\u00e9 mesmo integre a base do governador.<\/p>\n<p>O fato \u00e9 que a \u201cbolsa de apostas\u201d j\u00e1 est\u00e1 em alta. A presen\u00e7a conjunta e a sintonia demonstrada durante o semin\u00e1rio reacendem especula\u00e7\u00f5es sobre poss\u00edveis realinhamentos pol\u00edticos em Feira de Santana e no estado.<\/p>\n<p><em>Siga o Acorda Cidade no<\/em><a href=\"https:\/\/news.google.com\/search?q=acorda%20cidade&amp;hl=pt-BR&amp;gl=BR&amp;ceid=BR%3Apt-419\"><strong><em>\u00a0Google Not\u00edcias<\/em><\/strong><\/a><em>\u00a0e receba os principais destaques do dia. Participe tamb\u00e9m dos nossos canais no\u00a0<\/em><a href=\"https:\/\/www.whatsapp.com\/channel\/0029Va6Rb4v3WHTNnsh8WI3N\"><strong><em>WhatsApp<\/em><\/strong><\/a><em>\u00a0e\u00a0<\/em><a href=\"https:\/\/www.youtube.com\/@acordacidadenoticias\/videos\"><strong>Youtube<\/strong><\/a><em>\u00a0e grupo de\u00a0<\/em><a href=\"https:\/\/t.me\/+sSz0khrgARA0ZmRh\"><strong><em>Telegram<\/em><\/strong><\/a><em>.<\/em><\/p>\n<\/div>\n","protected":false},"excerpt":{"rendered":"<div>\n<div>\n<figure><img decoding=\"async\" src=\"https:\/\/uploads.acordacidade.com.br\/2025\/05\/Jose-ROnaldo-e-Jeronimo-rodrigues-em-evento-foto-Ney-Silva.jpg\" alt=\"Jos\u00e9 ROnaldo e Jer\u00f4nimo rodrigues - em evento - foto - Ney Silva\"><figcaption>Foto: Ney Silva\/Acorda Cidade<\/figcaption><\/figure>\n<\/div>\n<p>Em meio ao evento, o rep\u00f3rter Ney Silva registrou um momento de conversa aproximada entre o prefeito de Feira de Santana e o governador da Bahia.<\/p><\/div>\n","protected":false},"author":1,"featured_media":85294,"comment_status":"closed","ping_status":"closed","sticky":false,"template":"","format":"gallery","meta":{"footnotes":""},"categories":[8,9,6,57,56,10],"tags":[],"class_list":["post-85293","post","type-post","status-publish","format-gallery","has-post-thumbnail","hentry","category-bahia","category-brasil","category-feira-de-santana","category-mundo","category-policia","category-politica","post_format-post-format-gallery"],"featured_image_urls":{"full":["https:\/\/noticiasbahia360.com.br\/wp-content\/uploads\/2025\/05\/Jose-ROnaldo-e-Jeronimo-rodrigues-em-evento-foto-Ney-Silva.jpg",1200,1684,false],"thumbnail":["https:\/\/noticiasbahia360.com.br\/wp-content\/uploads\/2025\/05\/Jose-ROnaldo-e-Jeronimo-rodrigues-em-evento-foto-Ney-Silva-150x150.jpg",150,150,true],"medium":["https:\/\/noticiasbahia360.com.br\/wp-content\/uploads\/2025\/05\/Jose-ROnaldo-e-Jeronimo-rodrigues-em-evento-foto-Ney-Silva-214x300.jpg",214,300,true],"medium_large":["https:\/\/noticiasbahia360.com.br\/wp-content\/uploads\/2025\/05\/Jose-ROnaldo-e-Jeronimo-rodrigues-em-evento-foto-Ney-Silva-768x1078.jpg",640,898,true],"large":["https:\/\/noticiasbahia360.com.br\/wp-content\/uploads\/2025\/05\/Jose-ROnaldo-e-Jeronimo-rodrigues-em-evento-foto-Ney-Silva-730x1024.jpg",640,898,true],"1536x1536":["https:\/\/noticiasbahia360.com.br\/wp-content\/uploads\/2025\/05\/Jose-ROnaldo-e-Jeronimo-rodrigues-em-evento-foto-Ney-Silva-1095x1536.jpg",1095,1536,true],"2048x2048":["https:\/\/noticiasbahia360.com.br\/wp-content\/uploads\/2025\/05\/Jose-ROnaldo-e-Jeronimo-rodrigues-em-evento-foto-Ney-Silva.jpg",1200,1684,false],"chromenews-featured":["https:\/\/noticiasbahia360.com.br\/wp-content\/uploads\/2025\/05\/Jose-ROnaldo-e-Jeronimo-rodrigues-em-evento-foto-Ney-Silva-1024x1437.jpg",1024,1437,true],"chromenews-large":["https:\/\/noticiasbahia360.com.br\/wp-content\/uploads\/2025\/05\/Jose-ROnaldo-e-Jeronimo-rodrigues-em-evento-foto-Ney-Silva-825x575.jpg",825,575,true],"chromenews-medium":["https:\/\/noticiasbahia360.com.br\/wp-content\/uploads\/2025\/05\/Jose-ROnaldo-e-Jeronimo-rodrigues-em-evento-foto-Ney-Silva-590x410.jpg",590,410,true]},"author_info":{"display_name":"noticiasbahia360.com.br","author_link":"https:\/\/noticiasbahia360.com.br\/?author=1"},"category_info":"<a href=\"https:\/\/noticiasbahia360.com.br\/?cat=8\" rel=\"category\">Bahia<\/a> <a href=\"https:\/\/noticiasbahia360.com.br\/?cat=9\" rel=\"category\">Brasil<\/a> <a href=\"https:\/\/noticiasbahia360.com.br\/?cat=6\" rel=\"category\">Feira de Santana<\/a> <a href=\"https:\/\/noticiasbahia360.com.br\/?cat=57\" rel=\"category\">Mundo<\/a> <a href=\"https:\/\/noticiasbahia360.com.br\/?cat=56\" rel=\"category\">Pol\u00edcia<\/a> <a href=\"https:\/\/noticiasbahia360.com.br\/?cat=10\" rel=\"category\">Pol\u00edtica<\/a>","tag_info":"Pol\u00edtica","comment_count":"0","_links":{"self":[{"href":"https:\/\/noticiasbahia360.com.br\/index.php?rest_route=\/wp\/v2\/posts\/85293","targetHints":{"allow":["GET"]}}],"collection":[{"href":"https:\/\/noticiasbahia360.com.br\/index.php?rest_route=\/wp\/v2\/posts"}],"about":[{"href":"https:\/\/noticiasbahia360.com.br\/index.php?rest_route=\/wp\/v2\/types\/post"}],"author":[{"embeddable":true,"href":"https:\/\/noticiasbahia360.com.br\/index.php?rest_route=\/wp\/v2\/users\/1"}],"replies":[{"embeddable":true,"href":"https:\/\/noticiasbahia360.com.br\/index.php?rest_route=%2Fwp%2Fv2%2Fcomments&post=85293"}],"version-history":[{"count":0,"href":"https:\/\/noticiasbahia360.com.br\/index.php?rest_route=\/wp\/v2\/posts\/85293\/revisions"}],"wp:featuredmedia":[{"embeddable":true,"href":"https:\/\/noticiasbahia360.com.br\/index.php?rest_route=\/wp\/v2\/media\/85294"}],"wp:attachment":[{"href":"https:\/\/noticiasbahia360.com.br\/index.php?rest_route=%2Fwp%2Fv2%2Fmedia&parent=85293"}],"wp:term":[{"taxonomy":"category","embeddable":true,"href":"https:\/\/noticiasbahia360.com.br\/index.php?rest_route=%2Fwp%2Fv2%2Fcategories&post=85293"},{"taxonomy":"post_tag","embeddable":true,"href":"https:\/\/noticiasbahia360.com.br\/index.php?rest_route=%2Fwp%2Fv2%2Ftags&post=85293"}],"curies":[{"name":"wp","href":"https:\/\/api.w.org\/{rel}","templated":true}]}}