{"id":85344,"date":"2025-05-07T18:41:11","date_gmt":"2025-05-07T21:41:11","guid":{"rendered":"https:\/\/noticiasbahia360.com.br\/?p=85344"},"modified":"2025-05-07T18:41:11","modified_gmt":"2025-05-07T21:41:11","slug":"em-acao-conjunta-policia-federal-captura-foragido-e-apreende-diversas-armas-de-fogo-em-barreiras","status":"publish","type":"post","link":"https:\/\/noticiasbahia360.com.br\/?p=85344","title":{"rendered":"Em a\u00e7\u00e3o conjunta, Pol\u00edcia Federal captura foragido e apreende diversas armas de fogo em Barreiras"},"content":{"rendered":"<div>\n<div>\n<figure><img decoding=\"async\" src=\"http:\/\/noticiasbahia360.com.br\/wp-content\/uploads\/2025\/05\/Policia-Federal-captura-foragido-e-apreende-diversas-armas-de-fogo1.jpg\" alt=\"Pol\u00edcia Federal captura foragido e apreende diversas armas de fogo\"><figcaption>Foto: Pol\u00edcia Federal<\/figcaption><\/figure>\n<\/div>\n<p>Nesta quarta-feira (7), a a\u00e7\u00e3o integrada entre a <a href=\"https:\/\/www.acordacidade.com.br\/tag\/policia-federal\/\"><strong>Pol\u00edcia Federal<\/strong><\/a>, Pol\u00edcia Militar da Bahia (Cipe Cerrado, Rondesp Oeste e 83\u00aa CIPM) e Pol\u00edcia Rodovi\u00e1ria Federal logrou \u00eaxito em localizar foragido que tinha mandado de pris\u00e3o em aberto e, durante as dilig\u00eancias, prendeu um segundo homem por posse ilegal de arma de fogo, de uso permitido e de uso restrito, e favorecimento pessoal.<\/p>\n<p>Ap\u00f3s compartilhamento de informa\u00e7\u00f5es, equipes da Cipe Cerrado (PMBA) se deslocaram at\u00e9 o munic\u00edpio de <a href=\"https:\/\/www.acordacidade.com.br\/tag\/barreiras\/\"><strong>Barreiras<\/strong><\/a>, a fim de dar cumprimento a um mandado de pris\u00e3o, referente a pessoa procurada pelo crime de homic\u00eddio qualificado.<\/p>\n<figure class=\"wp-block-image size-large\"><img fetchpriority=\"high\" data-dominant-color=\"81705f\" data-has-transparency=\"false\" style=\"--dominant-color: #81705f;\" fetchpriority=\"high\" decoding=\"async\" width=\"1024\" height=\"607\" sizes=\"(max-width: 1024px) 100vw, 1024px\" src=\"http:\/\/noticiasbahia360.com.br\/wp-content\/uploads\/2025\/05\/eBIgxAMn-Policia-Federal-captura-foragido-e-apreende-diversas-armas-de-fogo-1024x607-1.webp\" alt=\"Pol\u00edcia Federal captura foragido e apreende diversas armas de fogo\" class=\"wp-image-550781 not-transparent\" srcset=\"https:\/\/uploads.acordacidade.com.br\/2025\/05\/eBIgxAMn-Policia-Federal-captura-foragido-e-apreende-diversas-armas-de-fogo-300x178.webp 300w, http:\/\/noticiasbahia360.com.br\/wp-content\/uploads\/2025\/05\/eBIgxAMn-Policia-Federal-captura-foragido-e-apreende-diversas-armas-de-fogo-1024x607-1.webp 1024w, https:\/\/uploads.acordacidade.com.br\/2025\/05\/eBIgxAMn-Policia-Federal-captura-foragido-e-apreende-diversas-armas-de-fogo-768x455.webp 768w, https:\/\/uploads.acordacidade.com.br\/2025\/05\/eBIgxAMn-Policia-Federal-captura-foragido-e-apreende-diversas-armas-de-fogo-150x89.webp 150w, https:\/\/uploads.acordacidade.com.br\/2025\/05\/eBIgxAMn-Policia-Federal-captura-foragido-e-apreende-diversas-armas-de-fogo.webp 1200w\"><figcaption class=\"wp-element-caption\">Foto: Pol\u00edcia Federal<\/figcaption><\/figure>\n<p>Ao chegar na localidade, o propriet\u00e1rio do im\u00f3vel negou que o procurado estaria no local, por\u00e9m as equipes conseguiram confirmar a sua presen\u00e7a e, buscando captur\u00e1-lo, adentraram ao im\u00f3vel, quando localizaram diversas armas e muni\u00e7\u00f5es que estavam<br \/>\u00e0 vista.<\/p>\n<p>Sendo assim, os policiais militares conduziram o procurado e o propriet\u00e1rio do im\u00f3vel \u00e0 Delegacia de Pol\u00edcia Federal em Barreiras, onde os procedimentos foram formalizados.<\/p>\n<h2 class=\"wp-block-heading\" id=\"h-materiais-apreendidos\">Materiais apreendidos:<\/h2>\n<ul class=\"wp-block-list\">\n<li>01 Pistola glock cal. 9mm;<\/li>\n<li>01 Pistola glock cal. .45;<\/li>\n<li>01 Pistola Beretta cal. 6.35;<\/li>\n<li>01 Pistola Taurus cal. 22;<\/li>\n<li>01 Pistola ATC cal. 6.35;<\/li>\n<li>01 Espingarda CBC cal. 12;<\/li>\n<li>01 Espingarda Rossi cal. 22;<\/li>\n<li>01 Espingarda Beretta cal. 32;<\/li>\n<li>01 Espingarda Rossi cal. 38;<\/li>\n<li>01 Rifle Bolt cal. 17;<\/li>\n<li>01 Garrucha;<\/li>\n<li>10 Carregadores de diversos modelos;<\/li>\n<li>2119 Muni\u00e7\u00f5es de diversos calibres, incluindo o cal. 762, de uso restrito.<\/li>\n<\/ul>\n<p><em>Siga o Acorda Cidade no<\/em><a href=\"https:\/\/news.google.com\/search?q=acorda%20cidade&amp;hl=pt-BR&amp;gl=BR&amp;ceid=BR%3Apt-419\"><strong><em>\u00a0Google Not\u00edcias<\/em><\/strong><\/a><em>\u00a0e receba os principais destaques do dia. Participe tamb\u00e9m dos nossos canais no\u00a0<\/em><a href=\"https:\/\/www.whatsapp.com\/channel\/0029Va6Rb4v3WHTNnsh8WI3N\"><strong><em>WhatsApp<\/em><\/strong><\/a><em>\u00a0e\u00a0<\/em><a href=\"https:\/\/www.youtube.com\/@acordacidadenoticias\/videos\"><strong>Youtube<\/strong><\/a><em>\u00a0e grupo de\u00a0<\/em><a href=\"https:\/\/t.me\/+sSz0khrgARA0ZmRh\"><strong><em>Telegram<\/em><\/strong><\/a><em>.<\/em><\/p>\n<\/div>\n","protected":false},"excerpt":{"rendered":"<div>\n<div>\n<figure><img decoding=\"async\" src=\"https:\/\/uploads.acordacidade.com.br\/2025\/05\/Policia-Federal-captura-foragido-e-apreende-diversas-armas-de-fogo1.jpg\" alt=\"Pol\u00edcia Federal captura foragido e apreende diversas armas de fogo\"><figcaption>Foto: Pol\u00edcia Federal<\/figcaption><\/figure>\n<\/div>\n<p>Na a\u00e7\u00e3o, foram apreendidas 11 armas \u2013 de uso permitido e restrito, al\u00e9m de<br \/>\ncarregadores e muni\u00e7\u00f5es<\/p><\/div>\n","protected":false},"author":1,"featured_media":85345,"comment_status":"closed","ping_status":"closed","sticky":false,"template":"","format":"gallery","meta":{"footnotes":""},"categories":[8,9,6,57,56,10],"tags":[],"class_list":["post-85344","post","type-post","status-publish","format-gallery","has-post-thumbnail","hentry","category-bahia","category-brasil","category-feira-de-santana","category-mundo","category-policia","category-politica","post_format-post-format-gallery"],"featured_image_urls":{"full":["https:\/\/noticiasbahia360.com.br\/wp-content\/uploads\/2025\/05\/Policia-Federal-captura-foragido-e-apreende-diversas-armas-de-fogo1.jpg",1200,689,false],"thumbnail":["https:\/\/noticiasbahia360.com.br\/wp-content\/uploads\/2025\/05\/Policia-Federal-captura-foragido-e-apreende-diversas-armas-de-fogo1-150x150.jpg",150,150,true],"medium":["https:\/\/noticiasbahia360.com.br\/wp-content\/uploads\/2025\/05\/Policia-Federal-captura-foragido-e-apreende-diversas-armas-de-fogo1-300x172.jpg",300,172,true],"medium_large":["https:\/\/noticiasbahia360.com.br\/wp-content\/uploads\/2025\/05\/Policia-Federal-captura-foragido-e-apreende-diversas-armas-de-fogo1-768x441.jpg",640,368,true],"large":["https:\/\/noticiasbahia360.com.br\/wp-content\/uploads\/2025\/05\/Policia-Federal-captura-foragido-e-apreende-diversas-armas-de-fogo1-1024x588.jpg",640,368,true],"1536x1536":["https:\/\/noticiasbahia360.com.br\/wp-content\/uploads\/2025\/05\/Policia-Federal-captura-foragido-e-apreende-diversas-armas-de-fogo1.jpg",1200,689,false],"2048x2048":["https:\/\/noticiasbahia360.com.br\/wp-content\/uploads\/2025\/05\/Policia-Federal-captura-foragido-e-apreende-diversas-armas-de-fogo1.jpg",1200,689,false],"chromenews-featured":["https:\/\/noticiasbahia360.com.br\/wp-content\/uploads\/2025\/05\/Policia-Federal-captura-foragido-e-apreende-diversas-armas-de-fogo1-1024x588.jpg",1024,588,true],"chromenews-large":["https:\/\/noticiasbahia360.com.br\/wp-content\/uploads\/2025\/05\/Policia-Federal-captura-foragido-e-apreende-diversas-armas-de-fogo1-825x575.jpg",825,575,true],"chromenews-medium":["https:\/\/noticiasbahia360.com.br\/wp-content\/uploads\/2025\/05\/Policia-Federal-captura-foragido-e-apreende-diversas-armas-de-fogo1-590x410.jpg",590,410,true]},"author_info":{"display_name":"noticiasbahia360.com.br","author_link":"https:\/\/noticiasbahia360.com.br\/?author=1"},"category_info":"<a href=\"https:\/\/noticiasbahia360.com.br\/?cat=8\" rel=\"category\">Bahia<\/a> <a href=\"https:\/\/noticiasbahia360.com.br\/?cat=9\" rel=\"category\">Brasil<\/a> <a href=\"https:\/\/noticiasbahia360.com.br\/?cat=6\" rel=\"category\">Feira de Santana<\/a> <a href=\"https:\/\/noticiasbahia360.com.br\/?cat=57\" rel=\"category\">Mundo<\/a> <a href=\"https:\/\/noticiasbahia360.com.br\/?cat=56\" rel=\"category\">Pol\u00edcia<\/a> <a href=\"https:\/\/noticiasbahia360.com.br\/?cat=10\" rel=\"category\">Pol\u00edtica<\/a>","tag_info":"Pol\u00edtica","comment_count":"0","_links":{"self":[{"href":"https:\/\/noticiasbahia360.com.br\/index.php?rest_route=\/wp\/v2\/posts\/85344","targetHints":{"allow":["GET"]}}],"collection":[{"href":"https:\/\/noticiasbahia360.com.br\/index.php?rest_route=\/wp\/v2\/posts"}],"about":[{"href":"https:\/\/noticiasbahia360.com.br\/index.php?rest_route=\/wp\/v2\/types\/post"}],"author":[{"embeddable":true,"href":"https:\/\/noticiasbahia360.com.br\/index.php?rest_route=\/wp\/v2\/users\/1"}],"replies":[{"embeddable":true,"href":"https:\/\/noticiasbahia360.com.br\/index.php?rest_route=%2Fwp%2Fv2%2Fcomments&post=85344"}],"version-history":[{"count":0,"href":"https:\/\/noticiasbahia360.com.br\/index.php?rest_route=\/wp\/v2\/posts\/85344\/revisions"}],"wp:featuredmedia":[{"embeddable":true,"href":"https:\/\/noticiasbahia360.com.br\/index.php?rest_route=\/wp\/v2\/media\/85345"}],"wp:attachment":[{"href":"https:\/\/noticiasbahia360.com.br\/index.php?rest_route=%2Fwp%2Fv2%2Fmedia&parent=85344"}],"wp:term":[{"taxonomy":"category","embeddable":true,"href":"https:\/\/noticiasbahia360.com.br\/index.php?rest_route=%2Fwp%2Fv2%2Fcategories&post=85344"},{"taxonomy":"post_tag","embeddable":true,"href":"https:\/\/noticiasbahia360.com.br\/index.php?rest_route=%2Fwp%2Fv2%2Ftags&post=85344"}],"curies":[{"name":"wp","href":"https:\/\/api.w.org\/{rel}","templated":true}]}}