{"id":85351,"date":"2025-05-07T20:16:03","date_gmt":"2025-05-07T23:16:03","guid":{"rendered":"https:\/\/noticiasbahia360.com.br\/?p=85351"},"modified":"2025-05-07T20:16:03","modified_gmt":"2025-05-07T23:16:03","slug":"dia-das-maes-veja-como-sera-o-funcionamento-do-comercio-de-feira-de-santana","status":"publish","type":"post","link":"https:\/\/noticiasbahia360.com.br\/?p=85351","title":{"rendered":"Dia das M\u00e3es: veja como ser\u00e1 o funcionamento do com\u00e9rcio de Feira de Santana"},"content":{"rendered":"<div>\n<div>\n<figure><img decoding=\"async\" src=\"http:\/\/noticiasbahia360.com.br\/wp-content\/uploads\/2025\/05\/comercio-de-Feira-de-Santana-foto-Paulo-Jose-Acorda-Cidade.jpg\" alt=\"Com\u00e9rcio de Feira de Santana\"><figcaption>Foto: Paulo Jos\u00e9\/Acorda Cidade<\/figcaption><\/figure>\n<\/div>\n<p>Considerada uma das datas mais importantes para o varejo, o <a href=\"https:\/\/www.acordacidade.com.br\/tag\/dia-das-maes\/\">Dia das M\u00e3es<\/a> representa n\u00e3o apenas um momento de aquecimento nas vendas, mas tamb\u00e9m uma oportunidade para gera\u00e7\u00e3o de empregos tempor\u00e1rios e est\u00edmulo ao desenvolvimento econ\u00f4mico em Feira de Santana. <strong>Para atender \u00e0 alta demanda e garantir mais comodidade aos consumidores, o Sicom\u00e9rcio definiu os hor\u00e1rios especiais de funcionamento do com\u00e9rcio nos dias que antecedem a data comemorativa.<\/strong><\/p>\n<h2 class=\"wp-block-heading\" id=\"h-horarios-sugeridos-para-funcionamento-do-comercio\">Hor\u00e1rios sugeridos para funcionamento do com\u00e9rcio:<\/h2>\n<ul class=\"wp-block-list\">\n<li><strong> 08 e 09 de maio (quinta e sexta):<\/strong> at\u00e9 20h.<\/li>\n<li><strong>10 de maio (s\u00e1bado):<\/strong> at\u00e9 18h.<\/li>\n<\/ul>\n<p>O presidente do Sicom\u00e9rcio Feira de Santana, Marco Silva, informou que, apesar das tentativas de negocia\u00e7\u00e3o iniciadas no in\u00edcio do m\u00eas de abril, n\u00e3o houve acordo com o Sindicato dos Comerci\u00e1rios sobre a amplia\u00e7\u00e3o do hor\u00e1rio de funcionamento do com\u00e9rcio para datas importantes, como o Dia das M\u00e3es.<\/p>\n<p>De acordo com Marco Silva, a entidade patronal buscou di\u00e1logo com o sindicato laboral visando garantir seguran\u00e7a jur\u00eddica e valoriza\u00e7\u00e3o da atividade comercial na cidade, refor\u00e7ando o compromisso com a gera\u00e7\u00e3o de emprego e renda. <\/p>\n<p>\u201cA gente vem procurando eles desde o in\u00edcio do m\u00eas pra tratar do hor\u00e1rio de funcionamento. \u00c9 importante que se mostre essa preocupa\u00e7\u00e3o com o emprego, com a renda, com a legalidade\u201d, declarou.<\/p>\n<p>Ainda segundo Marco, a aus\u00eancia de um acordo formal impede a oficializa\u00e7\u00e3o conjunta do funcionamento especial para o Dia das M\u00e3es, mas n\u00e3o limita a atividade dos lojistas, desde que respeitada a legisla\u00e7\u00e3o. <\/p>\n<p>\u201cCada empres\u00e1rio tem autonomia para definir o funcionamento de sua loja, dentro da legalidade\u201d, completou.<\/p>\n<p>Diante disso, o Sicom\u00e9rcio orienta que os lojistas est\u00e3o autorizados a abrir seus estabelecimentos, desde que cumpram integralmente as normas trabalhistas, como jornada de trabalho, banco de horas e direitos dos colaboradores.<\/p>\n<p>A expectativa \u00e9 que, nos pr\u00f3ximos meses, haja avan\u00e7o nas negocia\u00e7\u00f5es para as demais datas comemorativas do calend\u00e1rio comercial.<\/p>\n<p><em>Siga o Acorda Cidade no<\/em><a href=\"https:\/\/news.google.com\/search?q=acorda%20cidade&amp;hl=pt-BR&amp;gl=BR&amp;ceid=BR%3Apt-419\"><strong><em>\u00a0Google Not\u00edcias<\/em><\/strong><\/a><em>\u00a0e receba os principais destaques do dia. Participe tamb\u00e9m dos nossos canais no\u00a0<\/em><a href=\"https:\/\/www.whatsapp.com\/channel\/0029Va6Rb4v3WHTNnsh8WI3N\"><strong><em>WhatsApp<\/em><\/strong><\/a><em>\u00a0e\u00a0<\/em><a href=\"https:\/\/www.youtube.com\/@acordacidadenoticias\/videos\"><strong>YouTube<\/strong><\/a><em>\u00a0e do grupo no\u00a0<\/em><a href=\"https:\/\/t.me\/+sSz0khrgARA0ZmRh\"><strong><em>Telegram<\/em><\/strong><\/a><em>.<\/em><\/p>\n<\/div>\n","protected":false},"excerpt":{"rendered":"<div>\n<div>\n<figure><img decoding=\"async\" src=\"https:\/\/uploads.acordacidade.com.br\/2025\/04\/comercio-de-Feira-de-Santana-foto-Paulo-Jose-Acorda-Cidade.jpg\" alt=\"Com\u00e9rcio de Feira de Santana\"><figcaption>Foto: Paulo Jos\u00e9\/Acorda Cidade<\/figcaption><\/figure>\n<\/div>\n<p>Para atender \u00e0 alta demanda e garantir mais comodidade aos consumidores, o Sicom\u00e9rcio definiu os hor\u00e1rios especiais de funcionamento do com\u00e9rcio<\/p><\/div>\n","protected":false},"author":1,"featured_media":85352,"comment_status":"closed","ping_status":"closed","sticky":false,"template":"","format":"gallery","meta":{"footnotes":""},"categories":[8,9,6,57,56,10],"tags":[],"class_list":["post-85351","post","type-post","status-publish","format-gallery","has-post-thumbnail","hentry","category-bahia","category-brasil","category-feira-de-santana","category-mundo","category-policia","category-politica","post_format-post-format-gallery"],"featured_image_urls":{"full":["https:\/\/noticiasbahia360.com.br\/wp-content\/uploads\/2025\/05\/comercio-de-Feira-de-Santana-foto-Paulo-Jose-Acorda-Cidade.jpg",1200,781,false],"thumbnail":["https:\/\/noticiasbahia360.com.br\/wp-content\/uploads\/2025\/05\/comercio-de-Feira-de-Santana-foto-Paulo-Jose-Acorda-Cidade-150x150.jpg",150,150,true],"medium":["https:\/\/noticiasbahia360.com.br\/wp-content\/uploads\/2025\/05\/comercio-de-Feira-de-Santana-foto-Paulo-Jose-Acorda-Cidade-300x195.jpg",300,195,true],"medium_large":["https:\/\/noticiasbahia360.com.br\/wp-content\/uploads\/2025\/05\/comercio-de-Feira-de-Santana-foto-Paulo-Jose-Acorda-Cidade-768x500.jpg",640,417,true],"large":["https:\/\/noticiasbahia360.com.br\/wp-content\/uploads\/2025\/05\/comercio-de-Feira-de-Santana-foto-Paulo-Jose-Acorda-Cidade-1024x666.jpg",640,416,true],"1536x1536":["https:\/\/noticiasbahia360.com.br\/wp-content\/uploads\/2025\/05\/comercio-de-Feira-de-Santana-foto-Paulo-Jose-Acorda-Cidade.jpg",1200,781,false],"2048x2048":["https:\/\/noticiasbahia360.com.br\/wp-content\/uploads\/2025\/05\/comercio-de-Feira-de-Santana-foto-Paulo-Jose-Acorda-Cidade.jpg",1200,781,false],"chromenews-featured":["https:\/\/noticiasbahia360.com.br\/wp-content\/uploads\/2025\/05\/comercio-de-Feira-de-Santana-foto-Paulo-Jose-Acorda-Cidade-1024x666.jpg",1024,666,true],"chromenews-large":["https:\/\/noticiasbahia360.com.br\/wp-content\/uploads\/2025\/05\/comercio-de-Feira-de-Santana-foto-Paulo-Jose-Acorda-Cidade-825x575.jpg",825,575,true],"chromenews-medium":["https:\/\/noticiasbahia360.com.br\/wp-content\/uploads\/2025\/05\/comercio-de-Feira-de-Santana-foto-Paulo-Jose-Acorda-Cidade-590x410.jpg",590,410,true]},"author_info":{"display_name":"noticiasbahia360.com.br","author_link":"https:\/\/noticiasbahia360.com.br\/?author=1"},"category_info":"<a href=\"https:\/\/noticiasbahia360.com.br\/?cat=8\" rel=\"category\">Bahia<\/a> <a href=\"https:\/\/noticiasbahia360.com.br\/?cat=9\" rel=\"category\">Brasil<\/a> <a href=\"https:\/\/noticiasbahia360.com.br\/?cat=6\" rel=\"category\">Feira de Santana<\/a> <a href=\"https:\/\/noticiasbahia360.com.br\/?cat=57\" rel=\"category\">Mundo<\/a> <a href=\"https:\/\/noticiasbahia360.com.br\/?cat=56\" rel=\"category\">Pol\u00edcia<\/a> <a href=\"https:\/\/noticiasbahia360.com.br\/?cat=10\" rel=\"category\">Pol\u00edtica<\/a>","tag_info":"Pol\u00edtica","comment_count":"0","_links":{"self":[{"href":"https:\/\/noticiasbahia360.com.br\/index.php?rest_route=\/wp\/v2\/posts\/85351","targetHints":{"allow":["GET"]}}],"collection":[{"href":"https:\/\/noticiasbahia360.com.br\/index.php?rest_route=\/wp\/v2\/posts"}],"about":[{"href":"https:\/\/noticiasbahia360.com.br\/index.php?rest_route=\/wp\/v2\/types\/post"}],"author":[{"embeddable":true,"href":"https:\/\/noticiasbahia360.com.br\/index.php?rest_route=\/wp\/v2\/users\/1"}],"replies":[{"embeddable":true,"href":"https:\/\/noticiasbahia360.com.br\/index.php?rest_route=%2Fwp%2Fv2%2Fcomments&post=85351"}],"version-history":[{"count":0,"href":"https:\/\/noticiasbahia360.com.br\/index.php?rest_route=\/wp\/v2\/posts\/85351\/revisions"}],"wp:featuredmedia":[{"embeddable":true,"href":"https:\/\/noticiasbahia360.com.br\/index.php?rest_route=\/wp\/v2\/media\/85352"}],"wp:attachment":[{"href":"https:\/\/noticiasbahia360.com.br\/index.php?rest_route=%2Fwp%2Fv2%2Fmedia&parent=85351"}],"wp:term":[{"taxonomy":"category","embeddable":true,"href":"https:\/\/noticiasbahia360.com.br\/index.php?rest_route=%2Fwp%2Fv2%2Fcategories&post=85351"},{"taxonomy":"post_tag","embeddable":true,"href":"https:\/\/noticiasbahia360.com.br\/index.php?rest_route=%2Fwp%2Fv2%2Ftags&post=85351"}],"curies":[{"name":"wp","href":"https:\/\/api.w.org\/{rel}","templated":true}]}}