{"id":85366,"date":"2025-05-07T22:27:15","date_gmt":"2025-05-08T01:27:15","guid":{"rendered":"https:\/\/noticiasbahia360.com.br\/?p=85366"},"modified":"2025-05-07T22:27:15","modified_gmt":"2025-05-08T01:27:15","slug":"ao-receber-titulo-de-cidada-feirense-secretaria-de-educacao-da-destaca-responsabilidade-por-feira-de-santana-e-desafios-da-rede-publica","status":"publish","type":"post","link":"https:\/\/noticiasbahia360.com.br\/?p=85366","title":{"rendered":"Ao receber t\u00edtulo de Cidad\u00e3 Feirense, Secret\u00e1ria de Educa\u00e7\u00e3o da destaca responsabilidade por Feira de Santana e desafios da rede p\u00fablica"},"content":{"rendered":"<div>\n<div>\n<figure><img decoding=\"async\" src=\"http:\/\/noticiasbahia360.com.br\/wp-content\/uploads\/2025\/05\/Secretaria-Rowenna-Brito-recebe-titulo-de-cidada-feirense-foto-ney-silva-ao-Acorda-Cidade.jpg\" alt=\"Secret\u00e1rio de Justi\u00e7a e Direitos Humanos, Felipe Freitas, Secret\u00e1ria de Educa\u00e7\u00e3o, Rowenna Brito e o vereador Ivamberg Lima\"><figcaption>Secret\u00e1rio de Justi\u00e7a e Direitos Humanos, Felipe Freitas, Secret\u00e1ria de Educa\u00e7\u00e3o, Rowenna Brito e o vereador Ivamberg Lima | Foto: Ney Silva\/Acorda Cidade <\/figcaption><\/figure>\n<\/div>\n<p>A secret\u00e1ria da Educa\u00e7\u00e3o do Estado da Bahia, Rowenna Brito, foi homenageada na noite desta quarta-feira (7), no plen\u00e1rio da <a href=\"https:\/\/www.acordacidade.com.br\/tag\/camara-municipal-de-feira-de-santana\/\">C\u00e2mara Municipal de Feira de Santana<\/a>, com o t\u00edtulo de Cidad\u00e3 Feirense. A honraria \u00e9 de autoria do vereador Ivamberg Lima (PT).<\/p>\n<p>Professora concursada da rede p\u00fablica estadual, Rowenna Brito \u00e9 licenciada em Geografia pela Universidade Federal da Bahia (<a href=\"https:\/\/www.acordacidade.com.br\/tag\/ufba\/\">Ufba<\/a>) e especialista em Gest\u00e3o Estrat\u00e9gica em Pol\u00edticas P\u00fablicas pela Universidade Estadual de Campinas (Unicamp). Ela est\u00e1 \u00e0 frente da Secretaria da Educa\u00e7\u00e3o desde 2024.<\/p>\n<p>Ao Acorda Cidade, ela falou sobre seu trabalho \u00e0 frente da Secretaria de Educa\u00e7\u00e3o e afirmou que se sente ainda mais comprometida com o munic\u00edpio ap\u00f3s receber o t\u00edtulo de cidad\u00e3 feirense.<\/p>\n<p>\u201cJ\u00e1 estamos fazendo uma s\u00e9rie de investimentos na educa\u00e7\u00e3o de Feira de Santana, e agora eu me sinto muito mais respons\u00e1vel por esse munic\u00edpio\u201d, declarou a secret\u00e1ria. Ela tamb\u00e9m destacou os desafios de comandar uma pasta com quase 800 mil estudantes e unidades escolares em todos os munic\u00edpios do estado.<\/p>\n<p>Rowenna afirmou que sua experi\u00eancia como professora da rede estadual influencia diretamente sua gest\u00e3o: \u201cSempre olho para a gest\u00e3o e tomo decis\u00f5es a partir do meu lugar, de onde eu estava na escola, de como eu consigo enxergar a escola e da escuta de professores, de coordenadores pedag\u00f3gicos, dos movimentos sociais, dos estudantes, sobretudo dos estudantes\u201d.<\/p>\n<p>Um dos pontos enfatizados pela secret\u00e1ria foi a necessidade de retomar a participa\u00e7\u00e3o das fam\u00edlias na vida escolar dos alunos. \u201cO principal desafio hoje \u00e9 a gente conseguir trazer as fam\u00edlias de volta para as nossas escolas da rede estadual e das redes municipais. Trazer a fam\u00edlia para a escola para que ela ocupe esse espa\u00e7o e a gente continue reafirmando que a escola p\u00fablica tem um lugar de transforma\u00e7\u00e3o na vida da popula\u00e7\u00e3o baiana\u201d, afirmou.<\/p>\n<p>A secret\u00e1ria finalizou dizendo que sua atua\u00e7\u00e3o na educa\u00e7\u00e3o \u00e9 pautada pelo compromisso de cuidar de pessoas e transformar vidas por meio da escola p\u00fablica.<\/p>\n<p>O vereador Ivamberg Lima destacou os investimentos realizados pelo governo do estado na \u00e1rea educacional do munic\u00edpio e justificou a homenagem com base no trabalho desempenhado pela gestora.<\/p>\n<p>\u201cEla tem se destacado desde o ano passado como secret\u00e1ria estadual de Educa\u00e7\u00e3o. Justamente para receber um t\u00edtulo de cidad\u00e3 feirense, o pr\u00f3prio regimento interno da Casa diz que s\u00e3o aquelas pessoas que tiveram relevante servi\u00e7o aqui em Feira de Santana\u201d, afirmou o vereador ao Acorda Cidade.<\/p>\n<p>Segundo Ivamberg, a atua\u00e7\u00e3o da secret\u00e1ria tem reflexos diretos em Feira de Santana. \u201cS\u00e3o mais de 390 milh\u00f5es de investimentos na educa\u00e7\u00e3o aqui, com constru\u00e7\u00e3o de tr\u00eas escolas em tempo integral novas, com todos os aparelhos, os equipamentos que essas escolas oferecem, al\u00e9m de reforma e requalifica\u00e7\u00e3o de v\u00e1rias unidades. Mas o mais importante \u00e9 o cuidado que ela tem com os estudantes, com os nossos meninos e meninas, porque a gente sabe que a educa\u00e7\u00e3o transforma vidas.\u201d<\/p>\n<p>O vereador tamb\u00e9m ressaltou a forma\u00e7\u00e3o acad\u00eamica e a trajet\u00f3ria profissional de Rowenna Brito. \u201cEla \u00e9 licenciada em Geografia, tem especializa\u00e7\u00e3o em Gest\u00e3o Estrat\u00e9gica pela Unicamp, \u00e9 da rede h\u00e1 muito tempo, j\u00e1 ocupou outros cargos na Secretaria de Educa\u00e7\u00e3o e foi secret\u00e1ria direta do governador Jer\u00f4nimo quando ele ainda estava \u00e0 frente da pasta. Por isso, hoje prestamos essa homenagem aqui na Casa da Cidadania.\u201d<\/p>\n<p>Presente na solenidade, a reitora da Universidade Estadual de Feira de Santana (Uefs), professora Amali de Angelis Musse, destacou a atua\u00e7\u00e3o da gestora e a import\u00e2ncia da aproxima\u00e7\u00e3o entre as institui\u00e7\u00f5es de ensino superior e a Secretaria de Educa\u00e7\u00e3o da Bahia.<\/p>\n<p>\u201c\u00c9 uma homenagem muito merecida \u00e0 professora Rowenna Brito, que vem fazendo um papel muito diferenciado, cuidadoso, atencioso, com toda a educa\u00e7\u00e3o b\u00e1sica e o ensino superior no estado da Bahia\u201d, afirmou a reitora.<\/p>\n<p>Para Amali, o reconhecimento tem significado hist\u00f3rico e refor\u00e7a a relev\u00e2ncia da coopera\u00e7\u00e3o institucional. \u201cPara a gente \u00e9 uma honra estar aqui participando desse momento, que \u00e9 um momento hist\u00f3rico para Feira de Santana e para o estado da Bahia. O di\u00e1logo entre a Uefs e a Secretaria de Educa\u00e7\u00e3o \u00e9 bom, porque quem ganha somos todos n\u00f3s. Ent\u00e3o, quanto mais di\u00e1logo, quanto mais afinidade n\u00f3s tivermos nos nossos projetos, nas nossas pol\u00edticas, mais a popula\u00e7\u00e3o tem a ganhar.\u201d<\/p>\n<p><em>Siga o Acorda Cidade no<\/em><a href=\"https:\/\/news.google.com\/search?q=acorda%20cidade&amp;hl=pt-BR&amp;gl=BR&amp;ceid=BR%3Apt-419\"><strong><em> Google Not\u00edcias<\/em><\/strong><\/a><em> e receba os principais destaques do dia. Participe tamb\u00e9m dos nossos canais no <\/em><a href=\"https:\/\/whatsapp.com\/channel\/0029Va6Rb4v3WHTNnsh8WI3N\"><strong><em>WhatsApp<\/em><\/strong><\/a><em> e <\/em><a href=\"https:\/\/www.youtube.com\/@acordacidadenoticias\/videos\"><strong>YouTube<\/strong><\/a><em> e do grupo no <\/em><a href=\"https:\/\/t.me\/+sSz0khrgARA0ZmRh\"><strong><em>Telegram<\/em><\/strong><\/a><em>.<\/em><\/p>\n<\/div>\n","protected":false},"excerpt":{"rendered":"<div>\n<div>\n<figure><img decoding=\"async\" src=\"https:\/\/uploads.acordacidade.com.br\/2025\/05\/Secretaria-Rowenna-Brito-recebe-titulo-de-cidada-feirense-foto-ney-silva-ao-Acorda-Cidade.jpg\" alt=\"Secret\u00e1rio de Justi\u00e7a e Direitos Humanos, Felipe Freitas, Secret\u00e1ria de Educa\u00e7\u00e3o, Rowenna Brito e o vereador Ivamberg Lima\"><figcaption>Secret\u00e1rio de Justi\u00e7a e Direitos Humanos, Felipe Freitas, Secret\u00e1ria de Educa\u00e7\u00e3o, Rowenna Brito e o vereador Ivamberg Lima | Foto: Ney Silva\/Acorda Cidade <\/figcaption><\/figure>\n<\/div>\n<p>A secret\u00e1ria da Educa\u00e7\u00e3o do Estado da Bahia, Rowenna Brito, foi homenageada na noite desta quarta-feira (7), no plen\u00e1rio da C\u00e2mara Municipal de Feira de Santana, com o t\u00edtulo de Cidad\u00e3 Feirense. A honraria \u00e9 de autoria do vereador Ivamberg Lima (PT). Professora concursada da rede p\u00fablica estadual, Rowenna Brito \u00e9 licenciada em Geografia pela [\u2026]<\/p><\/div>\n","protected":false},"author":1,"featured_media":85367,"comment_status":"closed","ping_status":"closed","sticky":false,"template":"","format":"gallery","meta":{"footnotes":""},"categories":[8,9,6,57,56,10],"tags":[],"class_list":["post-85366","post","type-post","status-publish","format-gallery","has-post-thumbnail","hentry","category-bahia","category-brasil","category-feira-de-santana","category-mundo","category-policia","category-politica","post_format-post-format-gallery"],"featured_image_urls":{"full":["https:\/\/noticiasbahia360.com.br\/wp-content\/uploads\/2025\/05\/Secretaria-Rowenna-Brito-recebe-titulo-de-cidada-feirense-foto-ney-silva-ao-Acorda-Cidade.jpg",1200,900,false],"thumbnail":["https:\/\/noticiasbahia360.com.br\/wp-content\/uploads\/2025\/05\/Secretaria-Rowenna-Brito-recebe-titulo-de-cidada-feirense-foto-ney-silva-ao-Acorda-Cidade-150x150.jpg",150,150,true],"medium":["https:\/\/noticiasbahia360.com.br\/wp-content\/uploads\/2025\/05\/Secretaria-Rowenna-Brito-recebe-titulo-de-cidada-feirense-foto-ney-silva-ao-Acorda-Cidade-300x225.jpg",300,225,true],"medium_large":["https:\/\/noticiasbahia360.com.br\/wp-content\/uploads\/2025\/05\/Secretaria-Rowenna-Brito-recebe-titulo-de-cidada-feirense-foto-ney-silva-ao-Acorda-Cidade-768x576.jpg",640,480,true],"large":["https:\/\/noticiasbahia360.com.br\/wp-content\/uploads\/2025\/05\/Secretaria-Rowenna-Brito-recebe-titulo-de-cidada-feirense-foto-ney-silva-ao-Acorda-Cidade-1024x768.jpg",640,480,true],"1536x1536":["https:\/\/noticiasbahia360.com.br\/wp-content\/uploads\/2025\/05\/Secretaria-Rowenna-Brito-recebe-titulo-de-cidada-feirense-foto-ney-silva-ao-Acorda-Cidade.jpg",1200,900,false],"2048x2048":["https:\/\/noticiasbahia360.com.br\/wp-content\/uploads\/2025\/05\/Secretaria-Rowenna-Brito-recebe-titulo-de-cidada-feirense-foto-ney-silva-ao-Acorda-Cidade.jpg",1200,900,false],"chromenews-featured":["https:\/\/noticiasbahia360.com.br\/wp-content\/uploads\/2025\/05\/Secretaria-Rowenna-Brito-recebe-titulo-de-cidada-feirense-foto-ney-silva-ao-Acorda-Cidade-1024x768.jpg",1024,768,true],"chromenews-large":["https:\/\/noticiasbahia360.com.br\/wp-content\/uploads\/2025\/05\/Secretaria-Rowenna-Brito-recebe-titulo-de-cidada-feirense-foto-ney-silva-ao-Acorda-Cidade-825x575.jpg",825,575,true],"chromenews-medium":["https:\/\/noticiasbahia360.com.br\/wp-content\/uploads\/2025\/05\/Secretaria-Rowenna-Brito-recebe-titulo-de-cidada-feirense-foto-ney-silva-ao-Acorda-Cidade-590x410.jpg",590,410,true]},"author_info":{"display_name":"noticiasbahia360.com.br","author_link":"https:\/\/noticiasbahia360.com.br\/?author=1"},"category_info":"<a href=\"https:\/\/noticiasbahia360.com.br\/?cat=8\" rel=\"category\">Bahia<\/a> <a href=\"https:\/\/noticiasbahia360.com.br\/?cat=9\" rel=\"category\">Brasil<\/a> <a href=\"https:\/\/noticiasbahia360.com.br\/?cat=6\" rel=\"category\">Feira de Santana<\/a> <a href=\"https:\/\/noticiasbahia360.com.br\/?cat=57\" rel=\"category\">Mundo<\/a> <a href=\"https:\/\/noticiasbahia360.com.br\/?cat=56\" rel=\"category\">Pol\u00edcia<\/a> <a href=\"https:\/\/noticiasbahia360.com.br\/?cat=10\" rel=\"category\">Pol\u00edtica<\/a>","tag_info":"Pol\u00edtica","comment_count":"0","_links":{"self":[{"href":"https:\/\/noticiasbahia360.com.br\/index.php?rest_route=\/wp\/v2\/posts\/85366","targetHints":{"allow":["GET"]}}],"collection":[{"href":"https:\/\/noticiasbahia360.com.br\/index.php?rest_route=\/wp\/v2\/posts"}],"about":[{"href":"https:\/\/noticiasbahia360.com.br\/index.php?rest_route=\/wp\/v2\/types\/post"}],"author":[{"embeddable":true,"href":"https:\/\/noticiasbahia360.com.br\/index.php?rest_route=\/wp\/v2\/users\/1"}],"replies":[{"embeddable":true,"href":"https:\/\/noticiasbahia360.com.br\/index.php?rest_route=%2Fwp%2Fv2%2Fcomments&post=85366"}],"version-history":[{"count":0,"href":"https:\/\/noticiasbahia360.com.br\/index.php?rest_route=\/wp\/v2\/posts\/85366\/revisions"}],"wp:featuredmedia":[{"embeddable":true,"href":"https:\/\/noticiasbahia360.com.br\/index.php?rest_route=\/wp\/v2\/media\/85367"}],"wp:attachment":[{"href":"https:\/\/noticiasbahia360.com.br\/index.php?rest_route=%2Fwp%2Fv2%2Fmedia&parent=85366"}],"wp:term":[{"taxonomy":"category","embeddable":true,"href":"https:\/\/noticiasbahia360.com.br\/index.php?rest_route=%2Fwp%2Fv2%2Fcategories&post=85366"},{"taxonomy":"post_tag","embeddable":true,"href":"https:\/\/noticiasbahia360.com.br\/index.php?rest_route=%2Fwp%2Fv2%2Ftags&post=85366"}],"curies":[{"name":"wp","href":"https:\/\/api.w.org\/{rel}","templated":true}]}}