{"id":85368,"date":"2025-05-08T07:07:20","date_gmt":"2025-05-08T10:07:20","guid":{"rendered":"https:\/\/noticiasbahia360.com.br\/?p=85368"},"modified":"2025-05-08T07:07:20","modified_gmt":"2025-05-08T10:07:20","slug":"avenida-que-da-acesso-a-condominios-no-bairro-papagaio-sofre-com-alagamentos","status":"publish","type":"post","link":"https:\/\/noticiasbahia360.com.br\/?p=85368","title":{"rendered":"Avenida que d\u00e1 acesso a condom\u00ednios no bairro Papagaio sofre com alagamentos"},"content":{"rendered":"<div>\n<div>\n<figure><img decoding=\"async\" src=\"http:\/\/noticiasbahia360.com.br\/wp-content\/uploads\/2025\/05\/Avenida-Antonio-Carlos-Sampaio-Marques-Estrada-do-Frances-papagio.jpg\" alt=\"Avenida Ant\u00f4nio Carlos Sampaio Marques, popularmente conhecida como Estrada do Franc\u00eas, Avenida Ant\u00f4nio Carlos Sampaio Marques, popularmente conhecida como Estrada do Franc\u00eas,\"><figcaption>Foto: Google Street view<\/figcaption><\/figure>\n<\/div>\n<p>A Avenida Ant\u00f4nio Carlos Sampaio Marques, popularmente conhecida como Estrada do Franc\u00eas, que d\u00e1 acesso a pelo menos 14 condom\u00ednios no bairro Papagaio, est\u00e1 sendo afetada por alagamentos, no per\u00edodo chuvoso. A reclama\u00e7\u00e3o \u00e9 do vereador Galeguinho (UB), que, na sess\u00e3o de quarta (07), pediu ao <a href=\"https:\/\/www.acordacidade.com.br\/tag\/prefeitura-de-feira\/\">Poder Executivo<\/a> que adote provid\u00eancias para a instala\u00e7\u00e3o de um sistema de drenagem na via.<\/p>\n<p><strong>Conforme o vereador, a regi\u00e3o est\u00e1 em pleno crescimento e, al\u00e9m das condi\u00e7\u00f5es ruins de trafegabilidade, falta infraestrutura adequada. <\/strong>H\u00e1 diversas ruas com cal\u00e7amento irregular e muitos buracos, a exemplo do trecho que d\u00e1 acesso \u00e0 Faculdade Cat\u00f3lica e proximidades, Estrada de Santa Quit\u00e9ria. <\/p>\n<p>O vereador destacou que vias do bairro Papagaio enfrentam engarrafamentos e transtornos semelhantes aos vivenciados na avenida Art\u00eamia Pires, que atravessa o bairro SIM e tamb\u00e9m serve como acesso a diversos conjuntos residenciais. Para Galeguinho, \u00e9 preciso agir agora, \u201cantes que o problema se torne ainda maior\u201d.<\/p>\n<h2 class=\"wp-block-heading\" id=\"h-causa-animal\">Causa animal<\/h2>\n<p>Em seu discurso, o vereador tamb\u00e9m cobrou maior aten\u00e7\u00e3o do poder p\u00fablico \u00e0 causa animal em Feira de Santana. Ele relatou ter sido procurado por representantes de Organiza\u00e7\u00f5es N\u00e3o Governamentais (ONGs) que atuam na prote\u00e7\u00e3o de animais abandonados e em situa\u00e7\u00e3o de vulnerabilidade e n\u00e3o est\u00e3o recebendo apoio da administra\u00e7\u00e3o municipal. Neste sentido, refor\u00e7ou a necessidade de pol\u00edticas p\u00fablicas efetivas. \u201cSomente nessa semana eu doei 200 quilos de ra\u00e7\u00e3o comprados com o meu pr\u00f3prio sal\u00e1rio. Isto n\u00e3o \u00e9 o correto\u201d.<\/p>\n<p><em>Siga o Acorda Cidade no<\/em><a href=\"https:\/\/news.google.com\/search?q=acorda%20cidade&amp;hl=pt-BR&amp;gl=BR&amp;ceid=BR%3Apt-419\"><strong><em> Google Not\u00edcias<\/em><\/strong><\/a><em> e receba os principais destaques do dia. Participe tamb\u00e9m dos nossos canais no <\/em><a href=\"https:\/\/whatsapp.com\/channel\/0029Va6Rb4v3WHTNnsh8WI3N\"><strong><em>WhatsApp<\/em><\/strong><\/a><em> e <\/em><a href=\"https:\/\/www.youtube.com\/@acordacidadenoticias\/videos\"><strong>YouTube<\/strong><\/a><em> e do grupo no <\/em><a href=\"https:\/\/t.me\/+sSz0khrgARA0ZmRh\"><strong><em>Telegram<\/em><\/strong><\/a><em>.<\/em><\/p>\n<\/div>\n","protected":false},"excerpt":{"rendered":"<div>\n<div>\n<figure><img decoding=\"async\" src=\"https:\/\/uploads.acordacidade.com.br\/2025\/05\/Avenida-Antonio-Carlos-Sampaio-Marques-Estrada-do-Frances-papagio.jpg\" alt=\"Avenida Ant\u00f4nio Carlos Sampaio Marques, popularmente conhecida como Estrada do Franc\u00eas, Avenida Ant\u00f4nio Carlos Sampaio Marques, popularmente conhecida como Estrada do Franc\u00eas,\"><figcaption>Foto: Google Street view<\/figcaption><\/figure>\n<\/div>\n<p>Vereador defendeu melhorias para o Papagaio que est\u00e1 em pleno crescimento, mas sofre com m\u00e1s condi\u00e7\u00f5es de infraestrutura em vias importantes.<\/p><\/div>\n","protected":false},"author":1,"featured_media":85369,"comment_status":"closed","ping_status":"closed","sticky":false,"template":"","format":"gallery","meta":{"footnotes":""},"categories":[8,9,6,57,56,10],"tags":[],"class_list":["post-85368","post","type-post","status-publish","format-gallery","has-post-thumbnail","hentry","category-bahia","category-brasil","category-feira-de-santana","category-mundo","category-policia","category-politica","post_format-post-format-gallery"],"featured_image_urls":{"full":["https:\/\/noticiasbahia360.com.br\/wp-content\/uploads\/2025\/05\/Avenida-Antonio-Carlos-Sampaio-Marques-Estrada-do-Frances-papagio.jpg",1200,778,false],"thumbnail":["https:\/\/noticiasbahia360.com.br\/wp-content\/uploads\/2025\/05\/Avenida-Antonio-Carlos-Sampaio-Marques-Estrada-do-Frances-papagio-150x150.jpg",150,150,true],"medium":["https:\/\/noticiasbahia360.com.br\/wp-content\/uploads\/2025\/05\/Avenida-Antonio-Carlos-Sampaio-Marques-Estrada-do-Frances-papagio-300x195.jpg",300,195,true],"medium_large":["https:\/\/noticiasbahia360.com.br\/wp-content\/uploads\/2025\/05\/Avenida-Antonio-Carlos-Sampaio-Marques-Estrada-do-Frances-papagio-768x498.jpg",640,415,true],"large":["https:\/\/noticiasbahia360.com.br\/wp-content\/uploads\/2025\/05\/Avenida-Antonio-Carlos-Sampaio-Marques-Estrada-do-Frances-papagio-1024x664.jpg",640,415,true],"1536x1536":["https:\/\/noticiasbahia360.com.br\/wp-content\/uploads\/2025\/05\/Avenida-Antonio-Carlos-Sampaio-Marques-Estrada-do-Frances-papagio.jpg",1200,778,false],"2048x2048":["https:\/\/noticiasbahia360.com.br\/wp-content\/uploads\/2025\/05\/Avenida-Antonio-Carlos-Sampaio-Marques-Estrada-do-Frances-papagio.jpg",1200,778,false],"chromenews-featured":["https:\/\/noticiasbahia360.com.br\/wp-content\/uploads\/2025\/05\/Avenida-Antonio-Carlos-Sampaio-Marques-Estrada-do-Frances-papagio-1024x664.jpg",1024,664,true],"chromenews-large":["https:\/\/noticiasbahia360.com.br\/wp-content\/uploads\/2025\/05\/Avenida-Antonio-Carlos-Sampaio-Marques-Estrada-do-Frances-papagio-825x575.jpg",825,575,true],"chromenews-medium":["https:\/\/noticiasbahia360.com.br\/wp-content\/uploads\/2025\/05\/Avenida-Antonio-Carlos-Sampaio-Marques-Estrada-do-Frances-papagio-590x410.jpg",590,410,true]},"author_info":{"display_name":"noticiasbahia360.com.br","author_link":"https:\/\/noticiasbahia360.com.br\/?author=1"},"category_info":"<a href=\"https:\/\/noticiasbahia360.com.br\/?cat=8\" rel=\"category\">Bahia<\/a> <a href=\"https:\/\/noticiasbahia360.com.br\/?cat=9\" rel=\"category\">Brasil<\/a> <a href=\"https:\/\/noticiasbahia360.com.br\/?cat=6\" rel=\"category\">Feira de Santana<\/a> <a href=\"https:\/\/noticiasbahia360.com.br\/?cat=57\" rel=\"category\">Mundo<\/a> <a href=\"https:\/\/noticiasbahia360.com.br\/?cat=56\" rel=\"category\">Pol\u00edcia<\/a> <a href=\"https:\/\/noticiasbahia360.com.br\/?cat=10\" rel=\"category\">Pol\u00edtica<\/a>","tag_info":"Pol\u00edtica","comment_count":"0","_links":{"self":[{"href":"https:\/\/noticiasbahia360.com.br\/index.php?rest_route=\/wp\/v2\/posts\/85368","targetHints":{"allow":["GET"]}}],"collection":[{"href":"https:\/\/noticiasbahia360.com.br\/index.php?rest_route=\/wp\/v2\/posts"}],"about":[{"href":"https:\/\/noticiasbahia360.com.br\/index.php?rest_route=\/wp\/v2\/types\/post"}],"author":[{"embeddable":true,"href":"https:\/\/noticiasbahia360.com.br\/index.php?rest_route=\/wp\/v2\/users\/1"}],"replies":[{"embeddable":true,"href":"https:\/\/noticiasbahia360.com.br\/index.php?rest_route=%2Fwp%2Fv2%2Fcomments&post=85368"}],"version-history":[{"count":0,"href":"https:\/\/noticiasbahia360.com.br\/index.php?rest_route=\/wp\/v2\/posts\/85368\/revisions"}],"wp:featuredmedia":[{"embeddable":true,"href":"https:\/\/noticiasbahia360.com.br\/index.php?rest_route=\/wp\/v2\/media\/85369"}],"wp:attachment":[{"href":"https:\/\/noticiasbahia360.com.br\/index.php?rest_route=%2Fwp%2Fv2%2Fmedia&parent=85368"}],"wp:term":[{"taxonomy":"category","embeddable":true,"href":"https:\/\/noticiasbahia360.com.br\/index.php?rest_route=%2Fwp%2Fv2%2Fcategories&post=85368"},{"taxonomy":"post_tag","embeddable":true,"href":"https:\/\/noticiasbahia360.com.br\/index.php?rest_route=%2Fwp%2Fv2%2Ftags&post=85368"}],"curies":[{"name":"wp","href":"https:\/\/api.w.org\/{rel}","templated":true}]}} 