{"id":85370,"date":"2025-05-08T07:34:29","date_gmt":"2025-05-08T10:34:29","guid":{"rendered":"https:\/\/noticiasbahia360.com.br\/?p=85370"},"modified":"2025-05-08T07:34:29","modified_gmt":"2025-05-08T10:34:29","slug":"operacao-em-feira-de-santana-salvador-e-sp-combate-organizacao-criminosa-vinculada-ao-rio-de-janeiro","status":"publish","type":"post","link":"https:\/\/noticiasbahia360.com.br\/?p=85370","title":{"rendered":"Opera\u00e7\u00e3o em Feira de Santana, Salvador e SP combate organiza\u00e7\u00e3o criminosa vinculada ao Rio de Janeiro"},"content":{"rendered":"<div>\n<div>\n<figure><img decoding=\"async\" src=\"http:\/\/noticiasbahia360.com.br\/wp-content\/uploads\/2025\/05\/Operacao-em-Feira-de-Santana-Salvador-e-SP-combate-organizacao-criminosa-vinculada-ao-Rio-de-Janeiro.jpg\" alt=\"Pol\u00edcia Civil da Bahia\"><figcaption>Foto: Tony Silva \/ Ascom-PCBA.<\/figcaption><\/figure>\n<\/div>\n<p>A Pol\u00edcia Civil deflagra, na manh\u00e3 desta quinta-feira (7), a <strong>Opera\u00e7\u00e3o Bahamas<\/strong>, que cumpre mandados judiciais em <a href=\"https:\/\/www.acordacidade.com.br\/tag\/salvador-3\/\">Salvador<\/a>, Regi\u00e3o Metropolitana (RMS), Feira de Santana e nos estados de S\u00e3o Paulo e Minas Gerais. Os alvos da a\u00e7\u00e3o integrada s\u00e3o membros de uma organiza\u00e7\u00e3o criminosa da Bahia, vinculada a um grupo do <a href=\"https:\/\/www.acordacidade.com.br\/tag\/rio-de-janeiro\/\">Rio de Janeiro<\/a>.<\/p>\n<figure class=\"wp-block-image size-large\"><img fetchpriority=\"high\" data-dominant-color=\"6e706c\" data-has-transparency=\"false\" style=\"--dominant-color: #6e706c;\" fetchpriority=\"high\" decoding=\"async\" width=\"1024\" height=\"768\" sizes=\"(max-width: 1024px) 100vw, 1024px\" src=\"http:\/\/noticiasbahia360.com.br\/wp-content\/uploads\/2025\/05\/6sq3QKKF-Deic-Policia-Civil-1024x768-1.webp\" alt=\"Deic - Pol\u00edcia Civil da Bahia\" class=\"wp-image-550898 not-transparent\" srcset=\"https:\/\/uploads.acordacidade.com.br\/2025\/05\/6sq3QKKF-Deic-Policia-Civil-300x225.webp 300w, http:\/\/noticiasbahia360.com.br\/wp-content\/uploads\/2025\/05\/6sq3QKKF-Deic-Policia-Civil-1024x768-1.webp 1024w, https:\/\/uploads.acordacidade.com.br\/2025\/05\/6sq3QKKF-Deic-Policia-Civil-768x576.webp 768w, https:\/\/uploads.acordacidade.com.br\/2025\/05\/6sq3QKKF-Deic-Policia-Civil-150x113.webp 150w, https:\/\/uploads.acordacidade.com.br\/2025\/05\/6sq3QKKF-Deic-Policia-Civil.webp 1200w\"><figcaption class=\"wp-element-caption\">Foto: Tony Silva \/ Ascom-PCBA.<\/figcaption><\/figure>\n<p>O objetivo da a\u00e7\u00e3o que envolve mais de 200 policiais \u00e9 neutralizar as atividades criminosas, que v\u00e3o desde tr\u00e1fico de drogas, at\u00e9 homic\u00eddios e extors\u00e3o mediante sequestro, praticados na capital baiana e RMS. A opera\u00e7\u00e3o tem o apoio do Departamento de Pol\u00edcia T\u00e9cnica (DPT), que realizar\u00e1 per\u00edcias no local da formaliza\u00e7\u00e3o dos resultados da Bahamas.<\/p>\n<figure class=\"wp-block-image size-large\"><img data-dominant-color=\"777777\" data-has-transparency=\"false\" style=\"--dominant-color: #777777;\" decoding=\"async\" width=\"1024\" height=\"768\" sizes=\"(max-width: 1024px) 100vw, 1024px\" src=\"http:\/\/noticiasbahia360.com.br\/wp-content\/uploads\/2025\/05\/eUw9mL9p-Deic-Policia-Civil-em-operacao-1024x768-1.webp\" alt=\"Deic - Pol\u00edcia Civil da Bahia\" class=\"wp-image-550897 not-transparent\" srcset=\"https:\/\/uploads.acordacidade.com.br\/2025\/05\/eUw9mL9p-Deic-Policia-Civil-em-operacao-300x225.webp 300w, http:\/\/noticiasbahia360.com.br\/wp-content\/uploads\/2025\/05\/eUw9mL9p-Deic-Policia-Civil-em-operacao-1024x768-1.webp 1024w, https:\/\/uploads.acordacidade.com.br\/2025\/05\/eUw9mL9p-Deic-Policia-Civil-em-operacao-768x576.webp 768w, https:\/\/uploads.acordacidade.com.br\/2025\/05\/eUw9mL9p-Deic-Policia-Civil-em-operacao-150x113.webp 150w, https:\/\/uploads.acordacidade.com.br\/2025\/05\/eUw9mL9p-Deic-Policia-Civil-em-operacao.webp 1200w\"><figcaption class=\"wp-element-caption\">Foto: Tony Silva \/ Ascom-PCBA.<\/figcaption><\/figure>\n<p>A Pol\u00edcia Civil da Bahia realiza as a\u00e7\u00f5es por meio dos Departamentos de Repress\u00e3o e Combate \u00e0 Corrup\u00e7\u00e3o, ao Crime Organizado e \u00e0 Lavagem de Dinheiro (Draco), de Homic\u00eddios e Prote\u00e7\u00e3o \u00e0 Pessoa (DHPP), de Pol\u00edcia Metropolitana (Depom), Especializado de Investiga\u00e7\u00e3o e Repress\u00e3o ao Narcotr\u00e1fico (Denarc), Especializado de Investiga\u00e7\u00f5es Criminais (Deic), al\u00e9m das Coordena\u00e7\u00f5es de Opera\u00e7\u00f5es de Pol\u00edcia Judici\u00e1ria (COPJ), de Opera\u00e7\u00f5es e Recursos Especiais (Core) e de Pol\u00edcia Interestadual (Polinter).<\/p>\n<figure class=\"wp-block-image size-large\"><img data-dominant-color=\"605652\" data-has-transparency=\"false\" style=\"--dominant-color: #605652;\" decoding=\"async\" width=\"1024\" height=\"663\" sizes=\"(max-width: 1024px) 100vw, 1024px\" src=\"http:\/\/noticiasbahia360.com.br\/wp-content\/uploads\/2025\/05\/2o6XuWxN-Policia-Civil-em-operacao-1024x663-1.webp\" alt=\"Pol\u00edcia Civil da Bahia\" class=\"wp-image-550896 not-transparent\" srcset=\"https:\/\/uploads.acordacidade.com.br\/2025\/05\/2o6XuWxN-Policia-Civil-em-operacao-300x194.webp 300w, http:\/\/noticiasbahia360.com.br\/wp-content\/uploads\/2025\/05\/2o6XuWxN-Policia-Civil-em-operacao-1024x663-1.webp 1024w, https:\/\/uploads.acordacidade.com.br\/2025\/05\/2o6XuWxN-Policia-Civil-em-operacao-768x497.webp 768w, https:\/\/uploads.acordacidade.com.br\/2025\/05\/2o6XuWxN-Policia-Civil-em-operacao-150x97.webp 150w, https:\/\/uploads.acordacidade.com.br\/2025\/05\/2o6XuWxN-Policia-Civil-em-operacao.webp 1200w\"><figcaption class=\"wp-element-caption\">Foto: Tony Silva \/ Ascom-PCBA.<\/figcaption><\/figure>\n<p><em>Siga o Acorda Cidade no<\/em><a href=\"https:\/\/news.google.com\/search?q=acorda%20cidade&amp;hl=pt-BR&amp;gl=BR&amp;ceid=BR%3Apt-419\"><strong><em> Google Not\u00edcias<\/em><\/strong><\/a><em> e receba os principais destaques do dia. Participe tamb\u00e9m dos nossos canais no <\/em><a href=\"https:\/\/whatsapp.com\/channel\/0029Va6Rb4v3WHTNnsh8WI3N\"><strong><em>WhatsApp<\/em><\/strong><\/a><em> e <\/em><a href=\"https:\/\/www.youtube.com\/@acordacidadenoticias\/videos\"><strong>YouTube<\/strong><\/a><em> e do grupo no <\/em><a href=\"https:\/\/t.me\/+sSz0khrgARA0ZmRh\"><strong><em>Telegram<\/em><\/strong><\/a><em>.<\/em><\/p>\n<\/div>\n","protected":false},"excerpt":{"rendered":"<div>\n<div>\n<figure><img decoding=\"async\" src=\"https:\/\/uploads.acordacidade.com.br\/2025\/05\/Operacao-em-Feira-de-Santana-Salvador-e-SP-combate-organizacao-criminosa-vinculada-ao-Rio-de-Janeiro.jpg\" alt=\"Pol\u00edcia Civil da Bahia\"><figcaption>Foto: Tony Silva \/ Ascom-PCBA.<\/figcaption><\/figure>\n<\/div>\n<p>Opera\u00e7\u00e3o Bahamas combate grupo respons\u00e1vel por crimes de extors\u00e3o mediante sequestro e tr\u00e1fico de drogas mant\u00e9m v\u00ednculos com quadrilha do Rio.<\/p><\/div>\n","protected":false},"author":1,"featured_media":85371,"comment_status":"closed","ping_status":"closed","sticky":false,"template":"","format":"gallery","meta":{"footnotes":""},"categories":[8,9,6,57,56,10],"tags":[],"class_list":["post-85370","post","type-post","status-publish","format-gallery","has-post-thumbnail","hentry","category-bahia","category-brasil","category-feira-de-santana","category-mundo","category-policia","category-politica","post_format-post-format-gallery"],"featured_image_urls":{"full":["https:\/\/noticiasbahia360.com.br\/wp-content\/uploads\/2025\/05\/Operacao-em-Feira-de-Santana-Salvador-e-SP-combate-organizacao-criminosa-vinculada-ao-Rio-de-Janeiro.jpg",1200,851,false],"thumbnail":["https:\/\/noticiasbahia360.com.br\/wp-content\/uploads\/2025\/05\/Operacao-em-Feira-de-Santana-Salvador-e-SP-combate-organizacao-criminosa-vinculada-ao-Rio-de-Janeiro-150x150.jpg",150,150,true],"medium":["https:\/\/noticiasbahia360.com.br\/wp-content\/uploads\/2025\/05\/Operacao-em-Feira-de-Santana-Salvador-e-SP-combate-organizacao-criminosa-vinculada-ao-Rio-de-Janeiro-300x213.jpg",300,213,true],"medium_large":["https:\/\/noticiasbahia360.com.br\/wp-content\/uploads\/2025\/05\/Operacao-em-Feira-de-Santana-Salvador-e-SP-combate-organizacao-criminosa-vinculada-ao-Rio-de-Janeiro-768x545.jpg",640,454,true],"large":["https:\/\/noticiasbahia360.com.br\/wp-content\/uploads\/2025\/05\/Operacao-em-Feira-de-Santana-Salvador-e-SP-combate-organizacao-criminosa-vinculada-ao-Rio-de-Janeiro-1024x726.jpg",640,454,true],"1536x1536":["https:\/\/noticiasbahia360.com.br\/wp-content\/uploads\/2025\/05\/Operacao-em-Feira-de-Santana-Salvador-e-SP-combate-organizacao-criminosa-vinculada-ao-Rio-de-Janeiro.jpg",1200,851,false],"2048x2048":["https:\/\/noticiasbahia360.com.br\/wp-content\/uploads\/2025\/05\/Operacao-em-Feira-de-Santana-Salvador-e-SP-combate-organizacao-criminosa-vinculada-ao-Rio-de-Janeiro.jpg",1200,851,false],"chromenews-featured":["https:\/\/noticiasbahia360.com.br\/wp-content\/uploads\/2025\/05\/Operacao-em-Feira-de-Santana-Salvador-e-SP-combate-organizacao-criminosa-vinculada-ao-Rio-de-Janeiro-1024x726.jpg",1024,726,true],"chromenews-large":["https:\/\/noticiasbahia360.com.br\/wp-content\/uploads\/2025\/05\/Operacao-em-Feira-de-Santana-Salvador-e-SP-combate-organizacao-criminosa-vinculada-ao-Rio-de-Janeiro-825x575.jpg",825,575,true],"chromenews-medium":["https:\/\/noticiasbahia360.com.br\/wp-content\/uploads\/2025\/05\/Operacao-em-Feira-de-Santana-Salvador-e-SP-combate-organizacao-criminosa-vinculada-ao-Rio-de-Janeiro-590x410.jpg",590,410,true]},"author_info":{"display_name":"noticiasbahia360.com.br","author_link":"https:\/\/noticiasbahia360.com.br\/?author=1"},"category_info":"<a href=\"https:\/\/noticiasbahia360.com.br\/?cat=8\" rel=\"category\">Bahia<\/a> <a href=\"https:\/\/noticiasbahia360.com.br\/?cat=9\" rel=\"category\">Brasil<\/a> <a href=\"https:\/\/noticiasbahia360.com.br\/?cat=6\" rel=\"category\">Feira de Santana<\/a> <a href=\"https:\/\/noticiasbahia360.com.br\/?cat=57\" rel=\"category\">Mundo<\/a> <a href=\"https:\/\/noticiasbahia360.com.br\/?cat=56\" rel=\"category\">Pol\u00edcia<\/a> <a href=\"https:\/\/noticiasbahia360.com.br\/?cat=10\" rel=\"category\">Pol\u00edtica<\/a>","tag_info":"Pol\u00edtica","comment_count":"0","_links":{"self":[{"href":"https:\/\/noticiasbahia360.com.br\/index.php?rest_route=\/wp\/v2\/posts\/85370","targetHints":{"allow":["GET"]}}],"collection":[{"href":"https:\/\/noticiasbahia360.com.br\/index.php?rest_route=\/wp\/v2\/posts"}],"about":[{"href":"https:\/\/noticiasbahia360.com.br\/index.php?rest_route=\/wp\/v2\/types\/post"}],"author":[{"embeddable":true,"href":"https:\/\/noticiasbahia360.com.br\/index.php?rest_route=\/wp\/v2\/users\/1"}],"replies":[{"embeddable":true,"href":"https:\/\/noticiasbahia360.com.br\/index.php?rest_route=%2Fwp%2Fv2%2Fcomments&post=85370"}],"version-history":[{"count":0,"href":"https:\/\/noticiasbahia360.com.br\/index.php?rest_route=\/wp\/v2\/posts\/85370\/revisions"}],"wp:featuredmedia":[{"embeddable":true,"href":"https:\/\/noticiasbahia360.com.br\/index.php?rest_route=\/wp\/v2\/media\/85371"}],"wp:attachment":[{"href":"https:\/\/noticiasbahia360.com.br\/index.php?rest_route=%2Fwp%2Fv2%2Fmedia&parent=85370"}],"wp:term":[{"taxonomy":"category","embeddable":true,"href":"https:\/\/noticiasbahia360.com.br\/index.php?rest_route=%2Fwp%2Fv2%2Fcategories&post=85370"},{"taxonomy":"post_tag","embeddable":true,"href":"https:\/\/noticiasbahia360.com.br\/index.php?rest_route=%2Fwp%2Fv2%2Ftags&post=85370"}],"curies":[{"name":"wp","href":"https:\/\/api.w.org\/{rel}","templated":true}]}}