{"id":85377,"date":"2025-05-08T07:46:59","date_gmt":"2025-05-08T10:46:59","guid":{"rendered":"https:\/\/noticiasbahia360.com.br\/?p=85377"},"modified":"2025-05-08T07:46:59","modified_gmt":"2025-05-08T10:46:59","slug":"eles-estao-saindo-e-deixando-o-legado-deles-a-buraqueira-diz-presidente-da-camara-sobre-atuacao-da-viabahia","status":"publish","type":"post","link":"https:\/\/noticiasbahia360.com.br\/?p=85377","title":{"rendered":"\u201cEles est\u00e3o saindo e deixando o legado deles, a buraqueira\u201d, diz presidente da C\u00e2mara sobre atua\u00e7\u00e3o da ViaBahia"},"content":{"rendered":"<div>\n<div>\n<figure><img decoding=\"async\" src=\"http:\/\/noticiasbahia360.com.br\/wp-content\/uploads\/2025\/05\/pedadio-viabahia.jpg\" alt=\"viabahia\"><figcaption>Foto: Andrea Trindade\/ Acorda Cidade<\/figcaption><\/figure>\n<\/div>\n<p>Ap\u00f3s a audi\u00eancia p\u00fablica realizada na \u00faltima ter\u00e7a-feira (6) para discutir a nova concess\u00e3o das BRs 324 e 116, o presidente da C\u00e2mara de Feira de Santana, fez duras cr\u00edticas \u00e0 <strong>Concession\u00e1ria ViaBahia<\/strong>, que est\u00e1 deixando a gest\u00e3o no pr\u00f3ximos dias. A declara\u00e7\u00e3o foi dada ao Acorda Cidade, durante a sess\u00e3o de quarta-feira (7).<\/p>\n<p>De acordo com Lima, que esteve em Salvador na ter\u00e7a, diversos acidentes foram registrados apenas durante o curto per\u00edodo de 1h que passou pela rodovia, tudo isso por conta das p\u00e9ssimas condi\u00e7\u00f5es em que a <strong><a href=\"https:\/\/www.acordacidade.com.br\/tag\/br-324-2\/\">BR-324<\/a><\/strong> se encontra.<\/p>\n<p>\u201cN\u00f3s estamos felizes de ter sa\u00eddo essa empresa, a <strong>ViaBahia<\/strong> da nossa BR-324, que \u00e9 uma das BRs mais importantes do Norte e Nordeste e infelizmente eles est\u00e3o saindo e deixando o legado deles, que \u00e9 justamente a buraqueira, acidente e descaso\u201d, disse em entrevista ao Acorda Cidade.<\/p>\n<figure class=\"wp-block-image size-large\"><img fetchpriority=\"high\" data-dominant-color=\"8b888a\" data-has-transparency=\"false\" style=\"--dominant-color: #8b888a;\" fetchpriority=\"high\" decoding=\"async\" width=\"1024\" height=\"620\" sizes=\"(max-width: 1024px) 100vw, 1024px\" src=\"http:\/\/noticiasbahia360.com.br\/wp-content\/uploads\/2025\/05\/Sycpe4sN-Marcos-Lima-ft-paulo-jose-acorda-cidade-1024x620-1.webp\" alt=\"Marcos Lima \" class=\"wp-image-550514 not-transparent\" srcset=\"https:\/\/uploads.acordacidade.com.br\/2025\/05\/Sycpe4sN-Marcos-Lima-ft-paulo-jose-acorda-cidade-300x182.webp 300w, http:\/\/noticiasbahia360.com.br\/wp-content\/uploads\/2025\/05\/Sycpe4sN-Marcos-Lima-ft-paulo-jose-acorda-cidade-1024x620-1.webp 1024w, https:\/\/uploads.acordacidade.com.br\/2025\/05\/Sycpe4sN-Marcos-Lima-ft-paulo-jose-acorda-cidade-768x465.webp 768w, https:\/\/uploads.acordacidade.com.br\/2025\/05\/Sycpe4sN-Marcos-Lima-ft-paulo-jose-acorda-cidade-150x91.webp 150w, https:\/\/uploads.acordacidade.com.br\/2025\/05\/Sycpe4sN-Marcos-Lima-ft-paulo-jose-acorda-cidade.webp 1200w\"><figcaption class=\"wp-element-caption\">Marcos Lima | Foto: Paulo Jos\u00e9\/Acorda Cidade <\/figcaption><\/figure>\n<p>Segundo o vereador, apesar das fortes chuvas que t\u00eam atingido as rodovias nos \u00faltimos dias, a situa\u00e7\u00e3o j\u00e1 era cr\u00edtica devido a falta de cuidados mais intensivos por parte da concession\u00e1ria atual. <\/p>\n<p>\u201cA gente estava muito atento na hora que o carro freou na frente, que bateu a ambul\u00e2ncia, uma na outra, n\u00f3s sa\u00edmos ainda pelo acostamento. Mas a gente est\u00e1 observando que realmente outros vereadores, at\u00e9 aqui na tribuna, falou que na segunda-feira foi e viu tamb\u00e9m outros ve\u00edculos que sofreram acidente na BR-324\u201d, disse o vereador refor\u00e7ando que os acidentes s\u00e3o recorrentes na via.<\/p>\n<h2 class=\"wp-block-heading\" id=\"h-expectativas-sobre-a-br-324\">Expectativas sobre a BR-324<\/h2>\n<p>Marcos ainda disse em entrevista ao Acorda Cidade que espera que a Ag\u00eancia Nacional de Transportes, Terrestres (ANTT) e o Departamento Nacional de Infraestrutura de Transportes (Dnit), assumam as responsabilidades sobre a seguran\u00e7a vi\u00e1ria da BR-324, ap\u00f3s a sa\u00edda da <strong>ViaBahia<\/strong>, mas para fazer um trabalho de melhor qualidade, para que n\u00e3o se repitam os mesmos erros da ViaBahia.<\/p>\n<p>\u201cEles s\u00e3o respons\u00e1veis pela via e infelizmente deixou a\u00ed 15 anos e devolvendo 1 bilh\u00e3o de retorno para a ViaBahia, para poder deixar essa situa\u00e7\u00e3o que est\u00e1 deixando a nossa BR-324 em Feira de Santana e regi\u00e3o. Tinha-se o projeto de fazer terceira via, n\u00e3o fizeram, n\u00e3o fizeram recapeamento, foi esse tempo todo fazendo tapa-buraco e as duas pra\u00e7as de ped\u00e1gio cobrando todos os dias, 24h. Isso \u00e9 um absurdo, n\u00f3s reclamamos no per\u00edodo, mas temos que ter o cuidado agora, nesse momento que vai ter que passar para uma outra concess\u00e3o e n\u00f3s estamos atentos\u201d, afirmou ao Acorda Cidade.<\/p>\n<p><em>Com informa\u00e7\u00f5es do rep\u00f3rter do Paulo Jos\u00e9 do Acorda Cidade<\/em><\/p>\n<p><em>Siga o Acorda Cidade no<\/em><a href=\"https:\/\/news.google.com\/search?q=acorda%20cidade&amp;hl=pt-BR&amp;gl=BR&amp;ceid=BR%3Apt-419\"><strong><em>\u00a0Google Not\u00edcias<\/em><\/strong><\/a><em>\u00a0e receba os principais destaques do dia. Participe tamb\u00e9m dos nossos canais no\u00a0<\/em><a href=\"https:\/\/whatsapp.com\/channel\/0029Va6Rb4v3WHTNnsh8WI3N\"><strong><em>WhatsApp<\/em><\/strong><\/a><em>\u00a0e\u00a0<\/em><a href=\"https:\/\/www.youtube.com\/channel\/UCcilesQyglDNU5DQt2cCMGQ\"><strong>Youtube<\/strong><\/a><em>\u00a0e grupo de\u00a0<\/em><a href=\"https:\/\/t.me\/+sSz0khrgARA0ZmRh\"><strong><em>Telegram<\/em><\/strong><\/a><em>.<\/em> <\/p>\n<\/div>\n","protected":false},"excerpt":{"rendered":"<div>\n<div>\n<figure><img decoding=\"async\" src=\"https:\/\/uploads.acordacidade.com.br\/wp-content\/uploads\/2022\/12\/19162705\/pedadio-viabahia.jpg\" alt=\"viabahia\"><figcaption>Foto: Andrea Trindade\/ Acorda Cidade<\/figcaption><\/figure>\n<\/div>\n<p>De acordo com Lima, que esteve em Salvador na ter\u00e7a (6), diversos acidentes foram registrados apenas durante o curto per\u00edodo de 1h.<\/p><\/div>\n","protected":false},"author":1,"featured_media":85378,"comment_status":"closed","ping_status":"closed","sticky":false,"template":"","format":"gallery","meta":{"footnotes":""},"categories":[8,9,6,57,56,10],"tags":[],"class_list":["post-85377","post","type-post","status-publish","format-gallery","has-post-thumbnail","hentry","category-bahia","category-brasil","category-feira-de-santana","category-mundo","category-policia","category-politica","post_format-post-format-gallery"],"featured_image_urls":{"full":["https:\/\/noticiasbahia360.com.br\/wp-content\/uploads\/2025\/05\/pedadio-viabahia.jpg",640,436,false],"thumbnail":["https:\/\/noticiasbahia360.com.br\/wp-content\/uploads\/2025\/05\/pedadio-viabahia-150x150.jpg",150,150,true],"medium":["https:\/\/noticiasbahia360.com.br\/wp-content\/uploads\/2025\/05\/pedadio-viabahia-300x204.jpg",300,204,true],"medium_large":["https:\/\/noticiasbahia360.com.br\/wp-content\/uploads\/2025\/05\/pedadio-viabahia.jpg",640,436,false],"large":["https:\/\/noticiasbahia360.com.br\/wp-content\/uploads\/2025\/05\/pedadio-viabahia.jpg",640,436,false],"1536x1536":["https:\/\/noticiasbahia360.com.br\/wp-content\/uploads\/2025\/05\/pedadio-viabahia.jpg",640,436,false],"2048x2048":["https:\/\/noticiasbahia360.com.br\/wp-content\/uploads\/2025\/05\/pedadio-viabahia.jpg",640,436,false],"chromenews-featured":["https:\/\/noticiasbahia360.com.br\/wp-content\/uploads\/2025\/05\/pedadio-viabahia.jpg",640,436,false],"chromenews-large":["https:\/\/noticiasbahia360.com.br\/wp-content\/uploads\/2025\/05\/pedadio-viabahia.jpg",640,436,false],"chromenews-medium":["https:\/\/noticiasbahia360.com.br\/wp-content\/uploads\/2025\/05\/pedadio-viabahia-590x410.jpg",590,410,true]},"author_info":{"display_name":"noticiasbahia360.com.br","author_link":"https:\/\/noticiasbahia360.com.br\/?author=1"},"category_info":"<a href=\"https:\/\/noticiasbahia360.com.br\/?cat=8\" rel=\"category\">Bahia<\/a> <a href=\"https:\/\/noticiasbahia360.com.br\/?cat=9\" rel=\"category\">Brasil<\/a> <a href=\"https:\/\/noticiasbahia360.com.br\/?cat=6\" rel=\"category\">Feira de Santana<\/a> <a href=\"https:\/\/noticiasbahia360.com.br\/?cat=57\" rel=\"category\">Mundo<\/a> <a href=\"https:\/\/noticiasbahia360.com.br\/?cat=56\" rel=\"category\">Pol\u00edcia<\/a> <a href=\"https:\/\/noticiasbahia360.com.br\/?cat=10\" rel=\"category\">Pol\u00edtica<\/a>","tag_info":"Pol\u00edtica","comment_count":"0","_links":{"self":[{"href":"https:\/\/noticiasbahia360.com.br\/index.php?rest_route=\/wp\/v2\/posts\/85377","targetHints":{"allow":["GET"]}}],"collection":[{"href":"https:\/\/noticiasbahia360.com.br\/index.php?rest_route=\/wp\/v2\/posts"}],"about":[{"href":"https:\/\/noticiasbahia360.com.br\/index.php?rest_route=\/wp\/v2\/types\/post"}],"author":[{"embeddable":true,"href":"https:\/\/noticiasbahia360.com.br\/index.php?rest_route=\/wp\/v2\/users\/1"}],"replies":[{"embeddable":true,"href":"https:\/\/noticiasbahia360.com.br\/index.php?rest_route=%2Fwp%2Fv2%2Fcomments&post=85377"}],"version-history":[{"count":0,"href":"https:\/\/noticiasbahia360.com.br\/index.php?rest_route=\/wp\/v2\/posts\/85377\/revisions"}],"wp:featuredmedia":[{"embeddable":true,"href":"https:\/\/noticiasbahia360.com.br\/index.php?rest_route=\/wp\/v2\/media\/85378"}],"wp:attachment":[{"href":"https:\/\/noticiasbahia360.com.br\/index.php?rest_route=%2Fwp%2Fv2%2Fmedia&parent=85377"}],"wp:term":[{"taxonomy":"category","embeddable":true,"href":"https:\/\/noticiasbahia360.com.br\/index.php?rest_route=%2Fwp%2Fv2%2Fcategories&post=85377"},{"taxonomy":"post_tag","embeddable":true,"href":"https:\/\/noticiasbahia360.com.br\/index.php?rest_route=%2Fwp%2Fv2%2Ftags&post=85377"}],"curies":[{"name":"wp","href":"https:\/\/api.w.org\/{rel}","templated":true}]}}